{"id":38457,"date":"2026-09-01T12:13:52","date_gmt":"2026-09-01T12:13:52","guid":{"rendered":"https:\/\/www.puertolumbreras.es\/ayuntamiento\/?p=38457"},"modified":"2026-09-01T12:13:53","modified_gmt":"2026-09-01T12:13:53","slug":"la-concejalia-de-obras-publicas-mejora-las-calles-fuente-alamo-y-avenida-de-almeria-de-puerto-lumbreras-y-rio-guadalquivir-de-la-estacion","status":"publish","type":"post","link":"https:\/\/www.puertolumbreras.es\/ayuntamiento\/2026\/09\/01\/la-concejalia-de-obras-publicas-mejora-las-calles-fuente-alamo-y-avenida-de-almeria-de-puerto-lumbreras-y-rio-guadalquivir-de-la-estacion\/","title":{"rendered":"La Concejal\u00eda de Obras P\u00fablicas mejora las calles Fuente \u00c1lamo y Avenida de Almer\u00eda de Puerto Lumbreras y R\u00edo Guadalquivir de La Estaci\u00f3n"},"content":{"rendered":"\n<p class=\"wp-block-paragraph\"><strong>Con estos nuevos trabajos de mejora en calles del municipio, el Ayuntamiento de Puerto Lumbreras sigue apostando por la accesibilidad y la modernizaci\u00f3n de espacios p\u00fablicos en el casco urbano y las pedan\u00edas<\/strong><\/p>\n\n\n\n<p class=\"wp-block-paragraph\"><strong><u>1 de septiembre de 2026.<\/u><\/strong> <strong><\/strong>La alcaldesa de Puerto Lumbreras, Mar\u00eda de los \u00c1ngeles T\u00fanez, y los concejales de Obras P\u00fablicas y Espacios P\u00fablicos, Juan Rub\u00e9n Burrueco y Cristina Herrero, han visitado diversas obras de mejora en el municipio.<strong><\/strong><\/p>\n\n\n\n<p class=\"wp-block-paragraph\">T\u00fanez ha explicado que \u201cdesde el Ayuntamiento de Puerto Lumbreras, a trav\u00e9s de la Concejal\u00eda de Obras P\u00fablicas, est\u00e1 llevando a cabo una bater\u00eda de actuaciones de mejora en diversas calles tanto del municipio como de las pedan\u00edas contempladas dentro del Plan de Obras y Servicios, POS, subvencionado por el Gobierno de la Regi\u00f3n de Murcia\u201d.<\/p>\n\n\n\n<p class=\"wp-block-paragraph\">La Primera edil ha especificado que \u201cconcretamente, en el casco urbano de Puerto Lumbreras se est\u00e1 actuando en la calle Fuente \u00c1lamo. Una popular v\u00eda de acceso al Instituto Rambla de Nogalte, el Colegio Juan Antonio L\u00f3pez Alcaraz, la Escuela Infantil Ana Mar\u00eda S\u00e1nchez o el Pabell\u00f3n de la calle San Javier\u201d.<\/p>\n\n\n\n<p class=\"wp-block-paragraph\">\u201cEntre las labores que all\u00ed se est\u00e1n realizando destaca, precisamente, la mejora de la accesibilidad con la creaci\u00f3n de una acera peatonal cercana a los 300 metros de longitud que podr\u00e1n utilizar con seguridad multitud de alumnos que se desplacen hasta sus centros escolares\u201d.<\/p>\n\n\n<div class=\"wp-block-image\">\n<figure class=\"alignleft size-large is-resized\"><img loading=\"lazy\" decoding=\"async\" width=\"1024\" height=\"768\" src=\"https:\/\/www.puertolumbreras.es\/ayuntamiento\/wp-content\/uploads\/2026\/09\/visita-obras-calle-rio-guadalquivir-1024x768.jpeg\" alt=\"\" class=\"wp-image-38459\" style=\"width:472px;height:auto\" srcset=\"https:\/\/www.puertolumbreras.es\/ayuntamiento\/wp-content\/uploads\/2026\/09\/visita-obras-calle-rio-guadalquivir-1024x768.jpeg 1024w, https:\/\/www.puertolumbreras.es\/ayuntamiento\/wp-content\/uploads\/2026\/09\/visita-obras-calle-rio-guadalquivir-300x225.jpeg 300w, https:\/\/www.puertolumbreras.es\/ayuntamiento\/wp-content\/uploads\/2026\/09\/visita-obras-calle-rio-guadalquivir-768x576.jpeg 768w, https:\/\/www.puertolumbreras.es\/ayuntamiento\/wp-content\/uploads\/2026\/09\/visita-obras-calle-rio-guadalquivir-1536x1152.jpeg 1536w, https:\/\/www.puertolumbreras.es\/ayuntamiento\/wp-content\/uploads\/2026\/09\/visita-obras-calle-rio-guadalquivir-2048x1536.jpeg 2048w\" sizes=\"auto, (max-width: 1024px) 100vw, 1024px\" \/><\/figure>\n<\/div>\n\n\n<p class=\"wp-block-paragraph\">La alcaldesa ha indicado que \u201casimismo, se est\u00e1 llevando a cabo la renovaci\u00f3n de m\u00e1s de 150 metros de l\u00edneas de abastecimiento agua potable en la Avenida de Almer\u00eda para favorecer suministro en toda la zona conocida como Moncada\u201d.<\/p>\n\n\n\n<p class=\"wp-block-paragraph\">\u201cPor su parte, en la pedan\u00eda de La Estaci\u00f3n, estamos llevando a cabo la mejora de la calle R\u00edo Guadalquivir donde, tambi\u00e9n, se est\u00e1 ejecutando la renovaci\u00f3n de toda la l\u00ednea de abastecimiento agua potable\u201d.<\/p>\n\n\n\n<p class=\"wp-block-paragraph\">Por \u00faltimo, Mar\u00eda de los \u00c1ngeles T\u00fanez ha insistido en que \u201cel objetivo de este equipo de Gobierno es seguir ejecutando mejoras en nuestras calles y espacios p\u00fablicos, tanto del casco urbano como de nuestras pedan\u00edas, para seguir apostando por la accesibilidad y que nuestros vecinos y vecinas contin\u00faen viendo como Puerto Lumbreras sigue creciendo y mejorando y dotando a sus ciudadanos de todos los servicios\u201d.<\/p>\n","protected":false},"excerpt":{"rendered":"<p>Con estos nuevos trabajos de mejora en calles del municipio, el Ayuntamiento de Puerto Lumbreras sigue apostando por la accesibilidad y la modernizaci\u00f3n de espacios p\u00fablicos en el casco urbano y las pedan\u00edas 1 de septiembre de 2026. La alcaldesa de Puerto Lumbreras, Mar\u00eda de los \u00c1ngeles T\u00fanez, y los concejales de Obras P\u00fablicas y [&hellip;]<\/p>\n","protected":false},"author":2,"featured_media":38460,"comment_status":"closed","ping_status":"closed","sticky":false,"template":"","format":"standard","meta":{"footnotes":""},"categories":[2],"tags":[],"class_list":["post-38457","post","type-post","status-publish","format-standard","has-post-thumbnail","hentry","category-noticias"],"_links":{"self":[{"href":"https:\/\/www.puertolumbreras.es\/ayuntamiento\/wp-json\/wp\/v2\/posts\/38457","targetHints":{"allow":["GET"]}}],"collection":[{"href":"https:\/\/www.puertolumbreras.es\/ayuntamiento\/wp-json\/wp\/v2\/posts"}],"about":[{"href":"https:\/\/www.puertolumbreras.es\/ayuntamiento\/wp-json\/wp\/v2\/types\/post"}],"author":[{"embeddable":true,"href":"https:\/\/www.puertolumbreras.es\/ayuntamiento\/wp-json\/wp\/v2\/users\/2"}],"replies":[{"embeddable":true,"href":"https:\/\/www.puertolumbreras.es\/ayuntamiento\/wp-json\/wp\/v2\/comments?post=38457"}],"version-history":[{"count":1,"href":"https:\/\/www.puertolumbreras.es\/ayuntamiento\/wp-json\/wp\/v2\/posts\/38457\/revisions"}],"predecessor-version":[{"id":38462,"href":"https:\/\/www.puertolumbreras.es\/ayuntamiento\/wp-json\/wp\/v2\/posts\/38457\/revisions\/38462"}],"wp:featuredmedia":[{"embeddable":true,"href":"https:\/\/www.puertolumbreras.es\/ayuntamiento\/wp-json\/wp\/v2\/media\/38460"}],"wp:attachment":[{"href":"https:\/\/www.puertolumbreras.es\/ayuntamiento\/wp-json\/wp\/v2\/media?parent=38457"}],"wp:term":[{"taxonomy":"category","embeddable":true,"href":"https:\/\/www.puertolumbreras.es\/ayuntamiento\/wp-json\/wp\/v2\/categories?post=38457"},{"taxonomy":"post_tag","embeddable":true,"href":"https:\/\/www.puertolumbreras.es\/ayuntamiento\/wp-json\/wp\/v2\/tags?post=38457"}],"curies":[{"name":"wp","href":"https:\/\/api.w.org\/{rel}","templated":true}]}}