{"id":38450,"date":"2026-08-31T08:51:34","date_gmt":"2026-08-31T08:51:34","guid":{"rendered":"https:\/\/www.puertolumbreras.es\/ayuntamiento\/?p=38450"},"modified":"2026-08-31T08:51:35","modified_gmt":"2026-08-31T08:51:35","slug":"el-ayuntamiento-de-puerto-lumbreras-prepara-el-inicio-del-curso-escolar-con-el-refuerzo-de-limpieza-y-fumigacion-en-todos-los-centros-del-municipio","status":"publish","type":"post","link":"https:\/\/www.puertolumbreras.es\/ayuntamiento\/2026\/08\/31\/el-ayuntamiento-de-puerto-lumbreras-prepara-el-inicio-del-curso-escolar-con-el-refuerzo-de-limpieza-y-fumigacion-en-todos-los-centros-del-municipio\/","title":{"rendered":"El Ayuntamiento de Puerto Lumbreras prepara el inicio del curso escolar con el refuerzo de limpieza y fumigaci\u00f3n en todos los centros del municipio"},"content":{"rendered":"\n<h2 class=\"wp-block-heading\">Las escuelas infantiles y centros escolares, que comenzar\u00e1n las clases el 2 y el 8 de septiembre respetivamente, estar\u00e1n preparados para recibir a todo el alumnado y la comunidad educativa<\/h2>\n\n\n\n<p class=\"wp-block-paragraph\"><strong><u>31 de agosto de 2026.<\/u><\/strong> <strong><\/strong>La concejal de Educaci\u00f3n del Ayuntamiento de Puerto Lumbreras, Juana Mar\u00eda P\u00e9rez, ha supervisado las labores de preparaci\u00f3n de los centros escolares del municipio de cara al inicio del curso escolar.<strong><\/strong><\/p>\n\n\n\n<p class=\"wp-block-paragraph\">P\u00e9rez ha explicado que \u201cante el inminente inicio del curso escolar, desde el Ayuntamiento de Puerto Lumbreras hemos reforzado las labores de limpieza y fumigaci\u00f3n en todos los centros escolares del municipio\u201d.<\/p>\n\n\n\n<p class=\"wp-block-paragraph\">La concejal ha especificado que \u201cpara que todo est\u00e9 listo para que tanto los alumnos como los profesores comiencen este nuevo curso, a trav\u00e9s de la Concejal\u00eda de Educaci\u00f3n, hemos intensificado la limpieza de nuestros colegios y escuelas infantiles, as\u00ed como el final de los trabajos de mantenimiento que est\u00e1n englobando labores de repintando y arreglos de alba\u00f1iler\u00eda\u201d.<\/p>\n\n\n\n<p class=\"wp-block-paragraph\">La edil de Educaci\u00f3n ha destacado que \u201ctambi\u00e9n estamos llevando a cabo de forma coordinada las labores de &nbsp;fumigaci\u00f3n y control de plagas en todos los centros, aprovechando que los escolares a\u00fan no se encuentran en los centros, con el objetivo de evitar la proliferaci\u00f3n de insectos y roedores y garantizando, as\u00ed, la seguridad de todos los ni\u00f1os y ni\u00f1as\u201d.<\/p>\n\n\n\n<p class=\"wp-block-paragraph\">\u201cLas labores de desinsectaci\u00f3n y desratizaci\u00f3n consisten en tratamientos especializados que previenen la proliferaci\u00f3n de especies invasoras tales como mosquitos, pulgas, garrapatas, cucarachas, ratones y ratas, que est\u00e1 llevando a cabo la empresa especializada Lok\u00edmica dentro de su labor especializada en el Servicio Integral D.D.D: desinfecci\u00f3n, desinsectaci\u00f3n y desratizaci\u00f3n\u201d.<\/p>\n\n\n\n<p class=\"wp-block-paragraph\">Para finalizar, Juana Mar\u00eda P\u00e9rez ha insistido en que \u201cdesde el Ayuntamiento de Puerto Lumbreras trabajamos para que todo est\u00e9 a punto para recibir al alumnado y la comunidad educativa tanto de las escuelas infantiles, que empiezan el 2 de septiembre, como los centros escolares, que inician el curso el 8 de septiembre\u201d.<\/p>\n","protected":false},"excerpt":{"rendered":"<p>Las escuelas infantiles y centros escolares, que comenzar\u00e1n las clases el 2 y el 8 de septiembre respetivamente, estar\u00e1n preparados para recibir a todo el alumnado y la comunidad educativa 31 de agosto de 2026. La concejal de Educaci\u00f3n del Ayuntamiento de Puerto Lumbreras, Juana Mar\u00eda P\u00e9rez, ha supervisado las labores de preparaci\u00f3n de los [&hellip;]<\/p>\n","protected":false},"author":2,"featured_media":38451,"comment_status":"closed","ping_status":"closed","sticky":false,"template":"","format":"standard","meta":{"footnotes":""},"categories":[2],"tags":[],"class_list":["post-38450","post","type-post","status-publish","format-standard","has-post-thumbnail","hentry","category-noticias"],"_links":{"self":[{"href":"https:\/\/www.puertolumbreras.es\/ayuntamiento\/wp-json\/wp\/v2\/posts\/38450","targetHints":{"allow":["GET"]}}],"collection":[{"href":"https:\/\/www.puertolumbreras.es\/ayuntamiento\/wp-json\/wp\/v2\/posts"}],"about":[{"href":"https:\/\/www.puertolumbreras.es\/ayuntamiento\/wp-json\/wp\/v2\/types\/post"}],"author":[{"embeddable":true,"href":"https:\/\/www.puertolumbreras.es\/ayuntamiento\/wp-json\/wp\/v2\/users\/2"}],"replies":[{"embeddable":true,"href":"https:\/\/www.puertolumbreras.es\/ayuntamiento\/wp-json\/wp\/v2\/comments?post=38450"}],"version-history":[{"count":1,"href":"https:\/\/www.puertolumbreras.es\/ayuntamiento\/wp-json\/wp\/v2\/posts\/38450\/revisions"}],"predecessor-version":[{"id":38452,"href":"https:\/\/www.puertolumbreras.es\/ayuntamiento\/wp-json\/wp\/v2\/posts\/38450\/revisions\/38452"}],"wp:featuredmedia":[{"embeddable":true,"href":"https:\/\/www.puertolumbreras.es\/ayuntamiento\/wp-json\/wp\/v2\/media\/38451"}],"wp:attachment":[{"href":"https:\/\/www.puertolumbreras.es\/ayuntamiento\/wp-json\/wp\/v2\/media?parent=38450"}],"wp:term":[{"taxonomy":"category","embeddable":true,"href":"https:\/\/www.puertolumbreras.es\/ayuntamiento\/wp-json\/wp\/v2\/categories?post=38450"},{"taxonomy":"post_tag","embeddable":true,"href":"https:\/\/www.puertolumbreras.es\/ayuntamiento\/wp-json\/wp\/v2\/tags?post=38450"}],"curies":[{"name":"wp","href":"https:\/\/api.w.org\/{rel}","templated":true}]}}