{"id":37554,"date":"2026-04-28T10:05:46","date_gmt":"2026-04-28T10:05:46","guid":{"rendered":"https:\/\/www.puertolumbreras.es\/ayuntamiento\/?p=37554"},"modified":"2026-04-28T10:58:55","modified_gmt":"2026-04-28T10:58:55","slug":"una-treintena-de-actividades-conforman-el-programa-de-la-feria-de-ganado-equino-mundo-rural-y-caza-2026-de-puerto-lumbreras","status":"publish","type":"post","link":"https:\/\/www.puertolumbreras.es\/ayuntamiento\/2026\/04\/28\/una-treintena-de-actividades-conforman-el-programa-de-la-feria-de-ganado-equino-mundo-rural-y-caza-2026-de-puerto-lumbreras\/","title":{"rendered":"Una treintena de actividades conforman el programa de la Feria de Ganado Equino, Mundo Rural y Caza 2026 de Puerto Lumbreras"},"content":{"rendered":"\n<p><strong>Del 1 al 3 de mayo, el Mercado Comarcal del Ganado acoge una nueva edici\u00f3n que contar\u00e1 con <\/strong><strong>la Feria del Comercio del Mundo Rural, actividades infantiles, tiro con arco, exposici\u00f3n de rehalas y aves rapaces, concurso de rehalas, tirachinas o toque de caracola, as\u00ed como conciertos y la mejor gastronom\u00eda<\/strong><strong><\/strong><\/p>\n\n\n\n<p><strong><u>28 de abril de 2026.<\/u><\/strong> La alcaldesa de Puerto Lumbreras, Mar\u00eda de los \u00c1ngeles T\u00fanez, y la segunda teniente de alcalde y concejal de Pedan\u00edas, Jermary Reinaldos, ha anunciado el programa de actividades de la Feria de Ganado Equino, Mundo Rural y Caza 2026.<\/p>\n\n\n\n<p>T\u00fanez ha explicado que \u201ceste pr\u00f3ximo fin de semana, volveremos a disfrutar de la Feria de Ganado Equino, Mundo Rural y Caza. Un evento multitudinario e hist\u00f3rico en nuestro municipio que celebraremos del 1 al 3 de mayo en el Mercado Comarcal del Ganado\u201d.<\/p>\n\n\n\n<p>\u201cPara esta edici\u00f3n, desde el Ayuntamiento de Puerto Lumbreras, a trav\u00e9s de la Concejal\u00eda de Ganader\u00eda, hemos preparado un amplio programa de actividades con m\u00e1s de una treintena de actos que van desde la Feria del Comercio del Mundo Rural, actividades infantiles, tiro con arco, exposici\u00f3n de rehalas y aves rapaces, concurso de rehalas, tirachinas o toque de caracola, as\u00ed como conciertos y la mejor gastronom\u00eda\u201d.<\/p>\n\n\n\n<p>La Primera edil ha indicado que \u201cel viernes, 1 de mayo, la recepci\u00f3n de animales ser\u00e1 a las 8 horas y, a las 10 horas ser\u00e1 la apertura de puertas. Durante toda la ma\u00f1ana disfrutaremos de la Feria del Comercio del Mundo Rural, a las 10:30 horas comenzar\u00e1n las actividades para ni\u00f1os organizadas por la Federaci\u00f3n de Caza de la Regi\u00f3n de Murcia, a las 11 horas los asistentes disfrutar\u00e1n de una exhibici\u00f3n de perro polic\u00eda y, durante todo el d\u00eda, exposici\u00f3n de aves rapaces de Juan Carlos\u201d.<\/p>\n\n\n\n<p>\u201cLa inauguraci\u00f3n oficial ser\u00e1 a las 12 horas y, adem\u00e1s, tendr\u00e1 lugar el emotivo acto de descubrimiento de la placa nominativa del Mercado Comarcal del Ganado como \u2018Juan Mart\u00ednez- El Industria\u2019. Las actividades continuar\u00e1n por la tarde con nuevas actividades para ni\u00f1os; una cata de vinos de Fuentespina, organizada por La Cueva de la Sultana, a las 20 horas, para la que es necesario inscribirse previamente en el 647 07 41 85; y el concierto de \u2018El Montes\u2019 a las 22 horas\u201d.<\/p>\n\n\n\n<p>La alcaldesa ha especificado que \u201cya el s\u00e1bado, 2 de mayo, durante toda la ma\u00f1ana disfrutaremos de la Feria del Comercio del Mundo Rural; tiro con arco; actividades infantiles organizadas por la Federaci\u00f3n de Caza de la Regi\u00f3n de Murcia; las exposiciones y concursos de Podencos ibicencos y de rehalas, a las 11 y 13 horas respectivamente; y el concurso de \u2018Toque de Caracola\u2019 a las 13:30 horas. Y, por la tarde, las actividades continuar\u00e1n con la entrega de premios a los Podencos ibicencos y de rehalas; exhibici\u00f3n de Perro Ratonero Murciano y el concierto de \u2018Sonikete\u2019 a las 20 horas\u201d.<\/p>\n\n\n\n<p>\u201cEl domingo, 3 de mayo, durante toda la ma\u00f1ana disfrutaremos de la Feria del Comercio del Mundo Rural; Exposici\u00f3n Canina Nacional, con inscripciones en la propia feria; la tercera edici\u00f3n del Campeonato de Tirachinas y, a las 12:30 horas, ser\u00e1 la Carrera de Cerveza por Parejas \u2018Beer Runners\u2019\u201d.<\/p>\n\n\n\n<p>Por \u00faltimo, Mar\u00eda de los \u00c1ngeles T\u00fanez ha querido \u201cinvitar a los amantes del mundo equino y del mundo rural a disfrutar de esta feria que celebra la tradici\u00f3n y que cada a\u00f1o atrae a much\u00edsimos lumbrerenses y vecinos de toda la comarca y de provincias cercanas\u201d.<\/p>\n\n\n<div class=\"wp-block-image\">\n<figure class=\"aligncenter size-large\"><img loading=\"lazy\" decoding=\"async\" width=\"1024\" height=\"731\" src=\"https:\/\/www.puertolumbreras.es\/ayuntamiento\/wp-content\/uploads\/2026\/04\/Feria-de-GAnado-Equino-Mundo-Rural-y-Caza-programa-1024x731.jpg\" alt=\"\" class=\"wp-image-37556\" srcset=\"https:\/\/www.puertolumbreras.es\/ayuntamiento\/wp-content\/uploads\/2026\/04\/Feria-de-GAnado-Equino-Mundo-Rural-y-Caza-programa-1024x731.jpg 1024w, https:\/\/www.puertolumbreras.es\/ayuntamiento\/wp-content\/uploads\/2026\/04\/Feria-de-GAnado-Equino-Mundo-Rural-y-Caza-programa-300x214.jpg 300w, https:\/\/www.puertolumbreras.es\/ayuntamiento\/wp-content\/uploads\/2026\/04\/Feria-de-GAnado-Equino-Mundo-Rural-y-Caza-programa-768x548.jpg 768w, https:\/\/www.puertolumbreras.es\/ayuntamiento\/wp-content\/uploads\/2026\/04\/Feria-de-GAnado-Equino-Mundo-Rural-y-Caza-programa-1536x1096.jpg 1536w, https:\/\/www.puertolumbreras.es\/ayuntamiento\/wp-content\/uploads\/2026\/04\/Feria-de-GAnado-Equino-Mundo-Rural-y-Caza-programa-2048x1461.jpg 2048w\" sizes=\"auto, (max-width: 1024px) 100vw, 1024px\" \/><\/figure>\n<\/div>","protected":false},"excerpt":{"rendered":"<p>Del 1 al 3 de mayo, el Mercado Comarcal del Ganado acoge una nueva edici\u00f3n que contar\u00e1 con la Feria del Comercio del Mundo Rural, actividades infantiles, tiro con arco, exposici\u00f3n de rehalas y aves rapaces, concurso de rehalas, tirachinas o toque de caracola, as\u00ed como conciertos y la mejor gastronom\u00eda 28 de abril de [&hellip;]<\/p>\n","protected":false},"author":2,"featured_media":37555,"comment_status":"closed","ping_status":"closed","sticky":false,"template":"","format":"standard","meta":{"footnotes":""},"categories":[2],"tags":[],"class_list":["post-37554","post","type-post","status-publish","format-standard","has-post-thumbnail","hentry","category-noticias"],"_links":{"self":[{"href":"https:\/\/www.puertolumbreras.es\/ayuntamiento\/wp-json\/wp\/v2\/posts\/37554","targetHints":{"allow":["GET"]}}],"collection":[{"href":"https:\/\/www.puertolumbreras.es\/ayuntamiento\/wp-json\/wp\/v2\/posts"}],"about":[{"href":"https:\/\/www.puertolumbreras.es\/ayuntamiento\/wp-json\/wp\/v2\/types\/post"}],"author":[{"embeddable":true,"href":"https:\/\/www.puertolumbreras.es\/ayuntamiento\/wp-json\/wp\/v2\/users\/2"}],"replies":[{"embeddable":true,"href":"https:\/\/www.puertolumbreras.es\/ayuntamiento\/wp-json\/wp\/v2\/comments?post=37554"}],"version-history":[{"count":2,"href":"https:\/\/www.puertolumbreras.es\/ayuntamiento\/wp-json\/wp\/v2\/posts\/37554\/revisions"}],"predecessor-version":[{"id":37559,"href":"https:\/\/www.puertolumbreras.es\/ayuntamiento\/wp-json\/wp\/v2\/posts\/37554\/revisions\/37559"}],"wp:featuredmedia":[{"embeddable":true,"href":"https:\/\/www.puertolumbreras.es\/ayuntamiento\/wp-json\/wp\/v2\/media\/37555"}],"wp:attachment":[{"href":"https:\/\/www.puertolumbreras.es\/ayuntamiento\/wp-json\/wp\/v2\/media?parent=37554"}],"wp:term":[{"taxonomy":"category","embeddable":true,"href":"https:\/\/www.puertolumbreras.es\/ayuntamiento\/wp-json\/wp\/v2\/categories?post=37554"},{"taxonomy":"post_tag","embeddable":true,"href":"https:\/\/www.puertolumbreras.es\/ayuntamiento\/wp-json\/wp\/v2\/tags?post=37554"}],"curies":[{"name":"wp","href":"https:\/\/api.w.org\/{rel}","templated":true}]}}