{"id":37523,"date":"2026-04-27T10:21:29","date_gmt":"2026-04-27T10:21:29","guid":{"rendered":"https:\/\/www.puertolumbreras.es\/ayuntamiento\/?p=37523"},"modified":"2026-04-27T10:28:44","modified_gmt":"2026-04-27T10:28:44","slug":"puerto-lumbreras-celebrara-el-dia-internacional-de-la-danza-este-miercoles-29-de-abril-en-el-patio-del-centro-cultural","status":"publish","type":"post","link":"https:\/\/www.puertolumbreras.es\/ayuntamiento\/2026\/04\/27\/puerto-lumbreras-celebrara-el-dia-internacional-de-la-danza-este-miercoles-29-de-abril-en-el-patio-del-centro-cultural\/","title":{"rendered":"Puerto Lumbreras celebrar\u00e1 el D\u00eda Internacional de la Danza este mi\u00e9rcoles, 29 de abril, en el patio del Centro Cultural"},"content":{"rendered":"\n<p><strong>La Academia de Baile Ri\u00e1 Pit\u00e1 y la Escuela de Danza Lazareno realizar\u00e1n una exhibici\u00f3n de coreograf\u00edas y bailes desde las 18:30 horas<\/strong><strong><\/strong><\/p>\n\n\n\n<p><strong><u>27 de abril de 2026.<\/u><\/strong> La concejal de Cultura del Ayuntamiento de Puerto Lumbreras, To\u00f1i Navarro, ha anunciado la celebraci\u00f3n del D\u00eda Internacional de la Danza este mi\u00e9rcoles, 29 de abril.<\/p>\n\n\n\n<p>Navarro ha explicado que \u201ceste mi\u00e9rcoles, 29 de abril, celebraremos el D\u00eda Internacional de la Danza con una exhibici\u00f3n de bailes, en el patio del Centro Cultural, a cargo de la Escuela de Danza Lazareno y la Academia de Baile Ri\u00e1 Pit\u00e1\u201d.<\/p>\n\n\n\n<p>\u201cM\u00e1s de 200 alumnos y alumnas de la Academia de Baile Ri\u00e1 Pit\u00e1 y la Escuela de Danza Lazareno realizar\u00e1n coreograf\u00edas y exhibiciones de baile preparadas para esta efem\u00e9ride a partir de las 18:30 horas\u201d.<\/p>\n\n\n\n<p>La edil de Cultura ha indicado que \u201cla Escuela de Danza Lazareno participar\u00e1 con 150 ni\u00f1as de entre 4 y 20 a\u00f1os pertenecientes a siete grupos de la academia y que realizar\u00e1n una exhibici\u00f3n de baile urbano y contempor\u00e1neo\u201d.<\/p>\n\n\n\n<p>\u201cPor su parte, la Academia de Baile Ri\u00e1 Pit\u00e1 realizar\u00e1 una exhibici\u00f3n remix de danza urbana en la que participar\u00e1n cerca de un centenar de alumnos de la escuela de entre 4 y 20 a\u00f1os\u201d.<\/p>\n\n\n\n<p>La concejal ha recordado que \u201cel D\u00eda Internacional de la Danza se celebra, cada a\u00f1o, el 29 de abril coincidiendo con el aniversario del nacimiento de Jean-Georges Noverre, considerado maestro y creador del ballet moderno, para destacar la importancia del baile como manifestaci\u00f3n art\u00edstica, universal y diversa que deja a un lado las barreras culturales y pol\u00edticas\u201d.<\/p>\n\n\n\n<p>Por \u00faltimo, To\u00f1i Navarro ha querido \u201cinvitar a todos los ciudadanos a disfrutar de esta tarde de danza, m\u00fasica y diversi\u00f3n y que suponen una alternativa cultural y social m\u00e1s de la que poder disfrutar de Puerto Lumbreras y que pone de manifiesto la importancia del baile en nuestro municipio con un gran n\u00famero de seguidores\u201d.<\/p>\n","protected":false},"excerpt":{"rendered":"<p>La Academia de Baile Ri\u00e1 Pit\u00e1 y la Escuela de Danza Lazareno realizar\u00e1n una exhibici\u00f3n de coreograf\u00edas y bailes desde las 18:30 horas 27 de abril de 2026. La concejal de Cultura del Ayuntamiento de Puerto Lumbreras, To\u00f1i Navarro, ha anunciado la celebraci\u00f3n del D\u00eda Internacional de la Danza este mi\u00e9rcoles, 29 de abril. Navarro [&hellip;]<\/p>\n","protected":false},"author":2,"featured_media":37529,"comment_status":"closed","ping_status":"closed","sticky":false,"template":"","format":"standard","meta":{"footnotes":""},"categories":[2],"tags":[],"class_list":["post-37523","post","type-post","status-publish","format-standard","has-post-thumbnail","hentry","category-noticias"],"_links":{"self":[{"href":"https:\/\/www.puertolumbreras.es\/ayuntamiento\/wp-json\/wp\/v2\/posts\/37523","targetHints":{"allow":["GET"]}}],"collection":[{"href":"https:\/\/www.puertolumbreras.es\/ayuntamiento\/wp-json\/wp\/v2\/posts"}],"about":[{"href":"https:\/\/www.puertolumbreras.es\/ayuntamiento\/wp-json\/wp\/v2\/types\/post"}],"author":[{"embeddable":true,"href":"https:\/\/www.puertolumbreras.es\/ayuntamiento\/wp-json\/wp\/v2\/users\/2"}],"replies":[{"embeddable":true,"href":"https:\/\/www.puertolumbreras.es\/ayuntamiento\/wp-json\/wp\/v2\/comments?post=37523"}],"version-history":[{"count":2,"href":"https:\/\/www.puertolumbreras.es\/ayuntamiento\/wp-json\/wp\/v2\/posts\/37523\/revisions"}],"predecessor-version":[{"id":37531,"href":"https:\/\/www.puertolumbreras.es\/ayuntamiento\/wp-json\/wp\/v2\/posts\/37523\/revisions\/37531"}],"wp:featuredmedia":[{"embeddable":true,"href":"https:\/\/www.puertolumbreras.es\/ayuntamiento\/wp-json\/wp\/v2\/media\/37529"}],"wp:attachment":[{"href":"https:\/\/www.puertolumbreras.es\/ayuntamiento\/wp-json\/wp\/v2\/media?parent=37523"}],"wp:term":[{"taxonomy":"category","embeddable":true,"href":"https:\/\/www.puertolumbreras.es\/ayuntamiento\/wp-json\/wp\/v2\/categories?post=37523"},{"taxonomy":"post_tag","embeddable":true,"href":"https:\/\/www.puertolumbreras.es\/ayuntamiento\/wp-json\/wp\/v2\/tags?post=37523"}],"curies":[{"name":"wp","href":"https:\/\/api.w.org\/{rel}","templated":true}]}}