{"id":35172,"date":"2025-05-02T09:23:24","date_gmt":"2025-05-02T09:23:24","guid":{"rendered":"https:\/\/www.puertolumbreras.es\/ayuntamiento\/?p=35172"},"modified":"2025-05-02T09:23:26","modified_gmt":"2025-05-02T09:23:26","slug":"el-ayuntamiento-de-puerto-lumbreras-informa-de-la-apertura-de-plazo-para-solicitar-ayudas-individualizadas-a-personas-con-discapacidad","status":"publish","type":"post","link":"https:\/\/www.puertolumbreras.es\/ayuntamiento\/2025\/05\/02\/el-ayuntamiento-de-puerto-lumbreras-informa-de-la-apertura-de-plazo-para-solicitar-ayudas-individualizadas-a-personas-con-discapacidad\/","title":{"rendered":"El Ayuntamiento de Puerto Lumbreras informa de la apertura de plazo para solicitar ayudas individualizadas a personas con discapacidad"},"content":{"rendered":"\n<p><strong>Los<\/strong> <strong>conceptos objeto de esta convocatoria son eliminaci\u00f3n de barreras arquitect\u00f3nicas de viviendas unifamiliares; adaptaci\u00f3n de ba\u00f1os y veh\u00edculos; adquisici\u00f3n de veh\u00edculos especiales; aud\u00edfonos; gafas; lentes, tratamientos bucodentales; sillas de ba\u00f1o, ducha o gr\u00faas y camas el\u00e9ctricas<\/strong><\/p>\n\n\n\n<p><strong><u>2 de mayo de 2025.<\/u><\/strong><strong> <\/strong>La alcaldesa de Puerto Lumbreras, Mar\u00eda de los \u00c1ngeles T\u00fanez, ha anunciado la apertura del plazo para solicitar ayudas individualizadas a personas con discapacidad.<\/p>\n\n\n\n<p>T\u00fanez ha explicado que \u201cel Bolet\u00edn Oficial de la Regi\u00f3n de Murcia ha publicado la convocatoria de ayudas individualizadas a personas con discapacidad para el ejercicio 2025, concedidas por la Direcci\u00f3n Gerencial del Instituto Murciano de Acci\u00f3n Social dependiente de la Consejer\u00eda de Pol\u00edtica Social, Familias e Igualdad Instituto Murciano de Acci\u00f3n Social\u201d.<\/p>\n\n\n\n<p>\u201cLa finalidad de esta convocatoria es la tramitaci\u00f3n de las ayudas individualizadas a personas con discapacidad en la Regi\u00f3n de Murcia, transferencias econ\u00f3micas que se conceden con car\u00e1cter no peri\u00f3dico y se otorgan por una sola vez durante el ejercicio econ\u00f3mico, a personas afectadas por una discapacidad en grado igual o superior al 33 por ciento, que precisen la adquisici\u00f3n de instrumentos o ayudas especializadas, as\u00ed como la eliminaci\u00f3n de barreras arquitect\u00f3nicas, como medidas recuperadoras de la discapacidad presentada\u201d.<\/p>\n\n\n\n<p>La Primera edil ha especificado que \u201clos conceptos objeto de esta convocatoria son eliminaci\u00f3n de barreras arquitect\u00f3nicas de viviendas unifamiliares tales como ampliaci\u00f3n de puertas, instalaci\u00f3n de rampas, plataformas elevadoras o salvaescaleras y gr\u00faas de piscina; adaptaci\u00f3n de ba\u00f1os y veh\u00edculos; adquisici\u00f3n de veh\u00edculos especiales; aud\u00edfonos; gafas; lentes, tratamientos bucodentales; accesorios y repuestos de implantes cocleares; comunicadores visuales y digitales; sillas de ba\u00f1o, ducha o gr\u00faas y camas el\u00e9ctricas\u201d.<\/p>\n\n\n\n<p>Por \u00faltimo, la alcaldesa ha destacado que \u201cel plazo de presentaci\u00f3n de solicitudes ser\u00e1 de un mes contado a partir del d\u00eda siguiente al de la publicaci\u00f3n de la presente Resoluci\u00f3n en el Bolet\u00edn Oficial de la Regi\u00f3n de Murcia y las solicitudes de ayuda se formular\u00e1n en el modelo normalizado que figura como anexo II a la presente Resoluci\u00f3n, acompa\u00f1adas de la documentaci\u00f3n que se indica en el mismo en la siguiente direcci\u00f3n web: <a href=\"https:\/\/www.borm.es\/services\/anuncio\/ano\/2025\/numero\/1860\/pdf\">https:\/\/www.borm.es\/services\/anuncio\/ano\/2025\/numero\/1860\/pdf<\/a>\u201d.<\/p>\n","protected":false},"excerpt":{"rendered":"<p>Los conceptos objeto de esta convocatoria son eliminaci\u00f3n de barreras arquitect\u00f3nicas de viviendas unifamiliares; adaptaci\u00f3n de ba\u00f1os y veh\u00edculos; adquisici\u00f3n de veh\u00edculos especiales; aud\u00edfonos; gafas; lentes, tratamientos bucodentales; sillas de ba\u00f1o, ducha o gr\u00faas y camas el\u00e9ctricas 2 de mayo de 2025. La alcaldesa de Puerto Lumbreras, Mar\u00eda de los \u00c1ngeles T\u00fanez, ha anunciado la [&hellip;]<\/p>\n","protected":false},"author":2,"featured_media":33186,"comment_status":"closed","ping_status":"closed","sticky":false,"template":"","format":"standard","meta":{"footnotes":""},"categories":[2],"tags":[],"class_list":["post-35172","post","type-post","status-publish","format-standard","has-post-thumbnail","hentry","category-noticias"],"_links":{"self":[{"href":"https:\/\/www.puertolumbreras.es\/ayuntamiento\/wp-json\/wp\/v2\/posts\/35172","targetHints":{"allow":["GET"]}}],"collection":[{"href":"https:\/\/www.puertolumbreras.es\/ayuntamiento\/wp-json\/wp\/v2\/posts"}],"about":[{"href":"https:\/\/www.puertolumbreras.es\/ayuntamiento\/wp-json\/wp\/v2\/types\/post"}],"author":[{"embeddable":true,"href":"https:\/\/www.puertolumbreras.es\/ayuntamiento\/wp-json\/wp\/v2\/users\/2"}],"replies":[{"embeddable":true,"href":"https:\/\/www.puertolumbreras.es\/ayuntamiento\/wp-json\/wp\/v2\/comments?post=35172"}],"version-history":[{"count":1,"href":"https:\/\/www.puertolumbreras.es\/ayuntamiento\/wp-json\/wp\/v2\/posts\/35172\/revisions"}],"predecessor-version":[{"id":35173,"href":"https:\/\/www.puertolumbreras.es\/ayuntamiento\/wp-json\/wp\/v2\/posts\/35172\/revisions\/35173"}],"wp:featuredmedia":[{"embeddable":true,"href":"https:\/\/www.puertolumbreras.es\/ayuntamiento\/wp-json\/wp\/v2\/media\/33186"}],"wp:attachment":[{"href":"https:\/\/www.puertolumbreras.es\/ayuntamiento\/wp-json\/wp\/v2\/media?parent=35172"}],"wp:term":[{"taxonomy":"category","embeddable":true,"href":"https:\/\/www.puertolumbreras.es\/ayuntamiento\/wp-json\/wp\/v2\/categories?post=35172"},{"taxonomy":"post_tag","embeddable":true,"href":"https:\/\/www.puertolumbreras.es\/ayuntamiento\/wp-json\/wp\/v2\/tags?post=35172"}],"curies":[{"name":"wp","href":"https:\/\/api.w.org\/{rel}","templated":true}]}}