{"id":35160,"date":"2025-04-29T10:20:00","date_gmt":"2025-04-29T10:20:00","guid":{"rendered":"https:\/\/www.puertolumbreras.es\/ayuntamiento\/?p=35160"},"modified":"2025-04-29T10:20:03","modified_gmt":"2025-04-29T10:20:03","slug":"puerto-lumbreras-recupera-la-normalidad-tras-mas-de-11-horas-sin-suministro-electrico-ante-la-caida-de-la-red-nacional","status":"publish","type":"post","link":"https:\/\/www.puertolumbreras.es\/ayuntamiento\/2025\/04\/29\/puerto-lumbreras-recupera-la-normalidad-tras-mas-de-11-horas-sin-suministro-electrico-ante-la-caida-de-la-red-nacional\/","title":{"rendered":"Puerto Lumbreras recupera la normalidad tras m\u00e1s de 11 horas sin suministro el\u00e9ctrico ante la ca\u00edda de la red nacional"},"content":{"rendered":"\n<p><strong>L<\/strong><strong>os servicios municipales llevaron a cabo trabajos de reabastecimiento de grupos electr\u00f3genos a Polic\u00eda Local, Protecci\u00f3n Civil y el Centro de Salud y se auxili\u00f3 a algunos conductores y a una persona <\/strong><strong>atrapada<\/strong><strong> en un ascensor<\/strong><strong><\/strong><\/p>\n\n\n\n<p><strong><u>29 de abril de 2025.<\/u><\/strong><strong> <\/strong>La alcaldesa de Puerto Lumbreras, Mar\u00eda de los \u00c1ngeles T\u00fanez, ha anunciado que Puerto Lumbreras ha recuperado la normalidad tras m\u00e1s de 11 horas sin suministro el\u00e9ctrico ante la ca\u00edda de la red nacional.<\/p>\n\n\n\n<p>T\u00fanez ha explicado que \u201ctras m\u00e1s de 11 horas sin suministro el\u00e9ctrico ante la ca\u00edda de la red nacional, Puerto Lumbreras ha recuperado la normalidad\u201d.<\/p>\n\n\n\n<p>\u201cDurante toda la jornada, se mantuvieron diversas reuniones con el Servicio Municipal de Emergencia y Polic\u00eda Local, de los cuales se establecieron sendos refuerzos de personal, para coordinar y gestionar el seguimiento de la situaci\u00f3n y llevar a cabo cualquier medida y acci\u00f3n que fuera necesaria\u201d.<\/p>\n\n\n\n<p>La Primera edil ha indicado que \u201clos servicios municipales llevaron a cabo trabajos de reabastecimiento de grupos electr\u00f3genos a Polic\u00eda Local, Protecci\u00f3n Civil y el Centro de Salud y tambi\u00e9n se auxili\u00f3 a algunos conductores en carretera y a una persona que hab\u00eda quedado atrapada en un ascensor\u201d.<\/p>\n\n\n\n<p>\u201cEsta ma\u00f1ana, nuestros centros educativos han abierto con normalidad, tal y como se informaba desde el Gobierno Regional, sin ser jornada lectiva pero garantizando, as\u00ed, la conciliaci\u00f3n familiar y laboral\u201d.<\/p>\n\n\n\n<p>La alcaldesa ha querido \u201cagradecer a todos los servicios municipales su disposici\u00f3n, al personal de mantenimiento que ha revisado todo el alumbrado p\u00fablico para comprobar su correcto funcionamiento, y al personal de Emergencias y a los agentes de Polic\u00eda Local su trabajo para garantizar nuestra seguridad\u201d.<\/p>\n\n\n\n<p>\u201cPor \u00faltimo, tambi\u00e9n quiero tener una menci\u00f3n especial para todos los ciudadanos por su comportamiento y su cooperaci\u00f3n para hacer que este hecho sin precedentes transcurra de la mejor manera posible\u201d.<\/p>\n","protected":false},"excerpt":{"rendered":"<p>Los servicios municipales llevaron a cabo trabajos de reabastecimiento de grupos electr\u00f3genos a Polic\u00eda Local, Protecci\u00f3n Civil y el Centro de Salud y se auxili\u00f3 a algunos conductores y a una persona atrapada en un ascensor 29 de abril de 2025. La alcaldesa de Puerto Lumbreras, Mar\u00eda de los \u00c1ngeles T\u00fanez, ha anunciado que Puerto [&hellip;]<\/p>\n","protected":false},"author":2,"featured_media":35161,"comment_status":"closed","ping_status":"closed","sticky":false,"template":"","format":"standard","meta":{"footnotes":""},"categories":[2],"tags":[],"class_list":["post-35160","post","type-post","status-publish","format-standard","has-post-thumbnail","hentry","category-noticias"],"_links":{"self":[{"href":"https:\/\/www.puertolumbreras.es\/ayuntamiento\/wp-json\/wp\/v2\/posts\/35160","targetHints":{"allow":["GET"]}}],"collection":[{"href":"https:\/\/www.puertolumbreras.es\/ayuntamiento\/wp-json\/wp\/v2\/posts"}],"about":[{"href":"https:\/\/www.puertolumbreras.es\/ayuntamiento\/wp-json\/wp\/v2\/types\/post"}],"author":[{"embeddable":true,"href":"https:\/\/www.puertolumbreras.es\/ayuntamiento\/wp-json\/wp\/v2\/users\/2"}],"replies":[{"embeddable":true,"href":"https:\/\/www.puertolumbreras.es\/ayuntamiento\/wp-json\/wp\/v2\/comments?post=35160"}],"version-history":[{"count":1,"href":"https:\/\/www.puertolumbreras.es\/ayuntamiento\/wp-json\/wp\/v2\/posts\/35160\/revisions"}],"predecessor-version":[{"id":35162,"href":"https:\/\/www.puertolumbreras.es\/ayuntamiento\/wp-json\/wp\/v2\/posts\/35160\/revisions\/35162"}],"wp:featuredmedia":[{"embeddable":true,"href":"https:\/\/www.puertolumbreras.es\/ayuntamiento\/wp-json\/wp\/v2\/media\/35161"}],"wp:attachment":[{"href":"https:\/\/www.puertolumbreras.es\/ayuntamiento\/wp-json\/wp\/v2\/media?parent=35160"}],"wp:term":[{"taxonomy":"category","embeddable":true,"href":"https:\/\/www.puertolumbreras.es\/ayuntamiento\/wp-json\/wp\/v2\/categories?post=35160"},{"taxonomy":"post_tag","embeddable":true,"href":"https:\/\/www.puertolumbreras.es\/ayuntamiento\/wp-json\/wp\/v2\/tags?post=35160"}],"curies":[{"name":"wp","href":"https:\/\/api.w.org\/{rel}","templated":true}]}}