{"id":35156,"date":"2025-04-28T09:26:13","date_gmt":"2025-04-28T09:26:13","guid":{"rendered":"https:\/\/www.puertolumbreras.es\/ayuntamiento\/?p=35156"},"modified":"2025-04-28T10:09:10","modified_gmt":"2025-04-28T10:09:10","slug":"puerto-lumbreras-celebrara-el-dia-mundial-de-la-danza-con-coreografias-y-exhibiciones-de-mas-de-250-alumnos-este-miercoles-30-de-abril","status":"publish","type":"post","link":"https:\/\/www.puertolumbreras.es\/ayuntamiento\/2025\/04\/28\/puerto-lumbreras-celebrara-el-dia-mundial-de-la-danza-con-coreografias-y-exhibiciones-de-mas-de-250-alumnos-este-miercoles-30-de-abril\/","title":{"rendered":"Puerto Lumbreras celebrar\u00e1 el D\u00eda Mundial de la Danza con coreograf\u00edas y exhibiciones de m\u00e1s de 250 alumnos este mi\u00e9rcoles, 30 de abril"},"content":{"rendered":"\n<p><strong>La Escuela de Danza Mar\u00eda Teresa Lazareno, la Academia de Baile Ri\u00e1 Pit\u00e1 y el Grupo Coros y Danzas Virgen del Rosario participar\u00e1n en esta actividad que tendr\u00e1 lugar en el patio del Centro Cultural<\/strong><\/p>\n\n\n\n<p><strong><u>28 de abril de 2025.<\/u><\/strong><strong> <\/strong>La concejal de Cultura del Ayuntamiento de Puerto Lumbreras, To\u00f1i Navarro, ha anunciado la celebraci\u00f3n del D\u00eda Mundial de la Danza este mi\u00e9rcoles, 30 de abril.<\/p>\n\n\n\n<p>Navarro ha explicado que \u201ceste mi\u00e9rcoles, 30 de abril, celebraremos el D\u00eda Mundial de la Danza con una exhibici\u00f3n de bailes de todas las escuelas de danza del municipio en el patio del Centro Cultural\u201d.<\/p>\n\n\n\n<p>\u201cM\u00e1s de 250 alumnos y alumnas de la Escuela de Danza Mar\u00eda Teresa Lazareno, la Academia de Baile Ri\u00e1 Pit\u00e1 y el Grupo Coros y Danzas Virgen del Rosario realizar\u00e1n diversas coreograf\u00edas y exhibiciones de baile preparadas para esta efem\u00e9ride a partir de las 17:00 horas\u201d.<\/p>\n\n\n\n<p>La edil ha indicado que \u201cla Escuela de Danza Mar\u00eda Teresa Lazareno participar\u00e1 con 150 ni\u00f1as de entre 4 y 20 a\u00f1os pertenecientes a siete grupos de la academia y que realizar\u00e1n una exhibici\u00f3n de baile urbano; la Academia de Baile Ri\u00e1 Pit\u00e1 realizar\u00e1 una exhibici\u00f3n remix de danza urbana en la que participar\u00e1n 100 alumnos de la escuela de entre 4 y 20 a\u00f1os y el Grupo Coros y Danzas Virgen del Rosario participa con 6 ni\u00f1os miembros de la asociaci\u00f3n y que nos deleitar\u00e1n con bailes tradicionales de nuestro municipio\u201d.<\/p>\n\n\n\n<p>\u201cEl D\u00eda Mundial de la Danza se conmemora anualmente el 29 de abril, coincidiendo con el nacimiento del considerado maestro y creador del ballet moderno, Jean-Georges Noverre, con el objetivo de destacar la importancia del baile como manifestaci\u00f3n art\u00edstica, universal y diversa que deja a un lado las barreras culturales y pol\u00edticas\u201d.<\/p>\n\n\n\n<p>Por \u00faltimo, la concejal de Cultura ha querido \u201cinvitar a todos los ciudadanos a disfrutar de esta tarde de danza, m\u00fasica y diversi\u00f3n y que suponen una alternativa cultural y social m\u00e1s de la que poder disfrutar de Puerto Lumbreras\u201d.<\/p>\n","protected":false},"excerpt":{"rendered":"<p>La Escuela de Danza Mar\u00eda Teresa Lazareno, la Academia de Baile Ri\u00e1 Pit\u00e1 y el Grupo Coros y Danzas Virgen del Rosario participar\u00e1n en esta actividad que tendr\u00e1 lugar en el patio del Centro Cultural 28 de abril de 2025. La concejal de Cultura del Ayuntamiento de Puerto Lumbreras, To\u00f1i Navarro, ha anunciado la celebraci\u00f3n [&hellip;]<\/p>\n","protected":false},"author":2,"featured_media":35157,"comment_status":"closed","ping_status":"closed","sticky":false,"template":"","format":"standard","meta":{"footnotes":""},"categories":[2],"tags":[],"class_list":["post-35156","post","type-post","status-publish","format-standard","has-post-thumbnail","hentry","category-noticias"],"_links":{"self":[{"href":"https:\/\/www.puertolumbreras.es\/ayuntamiento\/wp-json\/wp\/v2\/posts\/35156","targetHints":{"allow":["GET"]}}],"collection":[{"href":"https:\/\/www.puertolumbreras.es\/ayuntamiento\/wp-json\/wp\/v2\/posts"}],"about":[{"href":"https:\/\/www.puertolumbreras.es\/ayuntamiento\/wp-json\/wp\/v2\/types\/post"}],"author":[{"embeddable":true,"href":"https:\/\/www.puertolumbreras.es\/ayuntamiento\/wp-json\/wp\/v2\/users\/2"}],"replies":[{"embeddable":true,"href":"https:\/\/www.puertolumbreras.es\/ayuntamiento\/wp-json\/wp\/v2\/comments?post=35156"}],"version-history":[{"count":2,"href":"https:\/\/www.puertolumbreras.es\/ayuntamiento\/wp-json\/wp\/v2\/posts\/35156\/revisions"}],"predecessor-version":[{"id":35159,"href":"https:\/\/www.puertolumbreras.es\/ayuntamiento\/wp-json\/wp\/v2\/posts\/35156\/revisions\/35159"}],"wp:featuredmedia":[{"embeddable":true,"href":"https:\/\/www.puertolumbreras.es\/ayuntamiento\/wp-json\/wp\/v2\/media\/35157"}],"wp:attachment":[{"href":"https:\/\/www.puertolumbreras.es\/ayuntamiento\/wp-json\/wp\/v2\/media?parent=35156"}],"wp:term":[{"taxonomy":"category","embeddable":true,"href":"https:\/\/www.puertolumbreras.es\/ayuntamiento\/wp-json\/wp\/v2\/categories?post=35156"},{"taxonomy":"post_tag","embeddable":true,"href":"https:\/\/www.puertolumbreras.es\/ayuntamiento\/wp-json\/wp\/v2\/tags?post=35156"}],"curies":[{"name":"wp","href":"https:\/\/api.w.org\/{rel}","templated":true}]}}