{"id":35122,"date":"2025-04-23T11:28:45","date_gmt":"2025-04-23T11:28:45","guid":{"rendered":"https:\/\/www.puertolumbreras.es\/ayuntamiento\/?p=35122"},"modified":"2025-04-23T11:28:47","modified_gmt":"2025-04-23T11:28:47","slug":"puerto-lumbreras-celebrara-su-tradicional-feria-del-ganado-equino-mundo-rural-y-caza-los-dias-3-y-4-de-mayo-en-el-mercado-comarcal","status":"publish","type":"post","link":"https:\/\/www.puertolumbreras.es\/ayuntamiento\/2025\/04\/23\/puerto-lumbreras-celebrara-su-tradicional-feria-del-ganado-equino-mundo-rural-y-caza-los-dias-3-y-4-de-mayo-en-el-mercado-comarcal\/","title":{"rendered":"Puerto Lumbreras celebrar\u00e1 su tradicional Feria del Ganado Equino, Mundo Rural y Caza los d\u00edas 3 y 4 de mayo en el Mercado Comarcal"},"content":{"rendered":"\n<p><strong>Mercadillo Rural, la segunda edici\u00f3n de la Feria del Perro de Rehala, exposici\u00f3n de rehalas, un homenaje a Juan Mart\u00ednez y diversas exhibiciones forman parte del programa de esta edici\u00f3n<\/strong><\/p>\n\n\n\n<p><strong><u>23 de abril de 2025.<\/u><\/strong><strong> <\/strong>El concejal de Ganader\u00eda del Ayuntamiento de Puerto Lumbreras, Antonio D\u00edaz, ha anunciado la celebraci\u00f3n de la tradicional Feria del Ganado Equino, Mundo Rural y Caza el pr\u00f3ximo fin de semana.<\/p>\n\n\n\n<p>D\u00edaz ha explicado que \u201clos d\u00edas 3 y 4 de mayo volveremos a disfrutar de la tradicional Feria del Ganado Equino, Mundo Rural y Caza en Puerto Lumbreras, en horario de 8:00 a 20:00 horas en el Mercado Comarcal de Ganado, y que incorporar\u00e1 tambi\u00e9n el Mercadillo Rural y la segunda edici\u00f3n de la Feria del Perro de Rehala\u201d.<\/p>\n\n\n\n<p>El edil ha indicado que \u201cel s\u00e1bado, a las 8:00 horas, ser\u00e1 la recepci\u00f3n de animales para realizar la apertura de la Feria del Comercio del Mundo Rural a las 10:00 horas. A las 11:00 horas, tendr\u00e1 lugar una exhibici\u00f3n de Tiro con Arco; a las 12:00 horas ser\u00e1 la inauguraci\u00f3n oficial de la Feria del Ganado, Mundo Rural y Perro de Rehalas; a las 12:30 horas, la inauguraci\u00f3n de la Exposici\u00f3n homenaje a Juan Mart\u00ednez y a las 13:00 horas ser\u00e1 la Exposici\u00f3n de Rehalas por el recinto ferial\u201d.<\/p>\n\n\n\n<p>\u201cYa por la tarde, a las 16:00 horas, ser\u00e1 la entrega de Premios a las Rehalas; a las 17:00 horas la Exhibici\u00f3n de Perro Ratonero Murciano; a las 17:30 horas, la Exhibici\u00f3n de peluquer\u00eda canina a Cargo de Magistral Royal y, a las 21:00 horas, m\u00fasica en directo\u201d.<\/p>\n\n\n<div class=\"wp-block-image\">\n<figure class=\"aligncenter size-large is-resized\"><img loading=\"lazy\" decoding=\"async\" width=\"1024\" height=\"769\" src=\"https:\/\/www.puertolumbreras.es\/ayuntamiento\/wp-content\/uploads\/2025\/04\/Feria-del-Ganado-Equino-Mundo-Rural-y-Caza-1024x769.jpg\" alt=\"\" class=\"wp-image-35124\" style=\"width:586px;height:auto\" srcset=\"https:\/\/www.puertolumbreras.es\/ayuntamiento\/wp-content\/uploads\/2025\/04\/Feria-del-Ganado-Equino-Mundo-Rural-y-Caza-1024x769.jpg 1024w, https:\/\/www.puertolumbreras.es\/ayuntamiento\/wp-content\/uploads\/2025\/04\/Feria-del-Ganado-Equino-Mundo-Rural-y-Caza-300x225.jpg 300w, https:\/\/www.puertolumbreras.es\/ayuntamiento\/wp-content\/uploads\/2025\/04\/Feria-del-Ganado-Equino-Mundo-Rural-y-Caza-768x576.jpg 768w, https:\/\/www.puertolumbreras.es\/ayuntamiento\/wp-content\/uploads\/2025\/04\/Feria-del-Ganado-Equino-Mundo-Rural-y-Caza-1536x1153.jpg 1536w, https:\/\/www.puertolumbreras.es\/ayuntamiento\/wp-content\/uploads\/2025\/04\/Feria-del-Ganado-Equino-Mundo-Rural-y-Caza.jpg 1600w\" sizes=\"auto, (max-width: 1024px) 100vw, 1024px\" \/><\/figure>\n<\/div>\n\n\n<p>D\u00edaz ha especificado que \u201cel domingo, a las 9:00 horas, ser\u00e1 la apertura de la Feria del Comercio del Mundo Rural y la Exposici\u00f3n Canina Nacional (con inscripciones en la propia feria a partir de las 9:00 horas); a las 9:30 horas, ser\u00e1 el Monogr\u00e1fico de Perro Ratonero; a las 10:00 horas, el reconocimiento de raza Exposici\u00f3n Canina Nacional y a las 10.30 horas, dar\u00e1n comienzo los juicios y entrega de premios de la Exposici\u00f3n Canina Regional y, a las 11:00 horas, se celebrar\u00e1 la segunda edici\u00f3n del Campeonato de tirachinas. Para finalizar la programaci\u00f3n, ya por la tarde, se realizar\u00e1 la clausura de la feria, con un nuevo concierto en directo que comenzar\u00e1 a las 16:00 horas\u201d.<\/p>\n\n\n\n<p>Por \u00faltimo, el concejal de Ganader\u00eda ha destacado que \u201cPuerto Lumbreras se convertir\u00e1, este pr\u00f3ximo fin de semana, es capital regional del ganado equino, una tradici\u00f3n de uno de los sector econ\u00f3micos m\u00e1s importantes de nuestro municipio, como es el primario, la ganader\u00eda, y por la que desde el Ayuntamiento seguiremos trabajando para que se vean beneficiadas y promocionadas y, por ello, nuestros vecinos y vecinas siempre contar\u00e1n con nuestro apoyo incondicional\u201d.<\/p>\n","protected":false},"excerpt":{"rendered":"<p>Mercadillo Rural, la segunda edici\u00f3n de la Feria del Perro de Rehala, exposici\u00f3n de rehalas, un homenaje a Juan Mart\u00ednez y diversas exhibiciones forman parte del programa de esta edici\u00f3n 23 de abril de 2025. El concejal de Ganader\u00eda del Ayuntamiento de Puerto Lumbreras, Antonio D\u00edaz, ha anunciado la celebraci\u00f3n de la tradicional Feria del [&hellip;]<\/p>\n","protected":false},"author":2,"featured_media":35123,"comment_status":"closed","ping_status":"closed","sticky":false,"template":"","format":"standard","meta":{"footnotes":""},"categories":[2],"tags":[],"class_list":["post-35122","post","type-post","status-publish","format-standard","has-post-thumbnail","hentry","category-noticias"],"_links":{"self":[{"href":"https:\/\/www.puertolumbreras.es\/ayuntamiento\/wp-json\/wp\/v2\/posts\/35122","targetHints":{"allow":["GET"]}}],"collection":[{"href":"https:\/\/www.puertolumbreras.es\/ayuntamiento\/wp-json\/wp\/v2\/posts"}],"about":[{"href":"https:\/\/www.puertolumbreras.es\/ayuntamiento\/wp-json\/wp\/v2\/types\/post"}],"author":[{"embeddable":true,"href":"https:\/\/www.puertolumbreras.es\/ayuntamiento\/wp-json\/wp\/v2\/users\/2"}],"replies":[{"embeddable":true,"href":"https:\/\/www.puertolumbreras.es\/ayuntamiento\/wp-json\/wp\/v2\/comments?post=35122"}],"version-history":[{"count":1,"href":"https:\/\/www.puertolumbreras.es\/ayuntamiento\/wp-json\/wp\/v2\/posts\/35122\/revisions"}],"predecessor-version":[{"id":35125,"href":"https:\/\/www.puertolumbreras.es\/ayuntamiento\/wp-json\/wp\/v2\/posts\/35122\/revisions\/35125"}],"wp:featuredmedia":[{"embeddable":true,"href":"https:\/\/www.puertolumbreras.es\/ayuntamiento\/wp-json\/wp\/v2\/media\/35123"}],"wp:attachment":[{"href":"https:\/\/www.puertolumbreras.es\/ayuntamiento\/wp-json\/wp\/v2\/media?parent=35122"}],"wp:term":[{"taxonomy":"category","embeddable":true,"href":"https:\/\/www.puertolumbreras.es\/ayuntamiento\/wp-json\/wp\/v2\/categories?post=35122"},{"taxonomy":"post_tag","embeddable":true,"href":"https:\/\/www.puertolumbreras.es\/ayuntamiento\/wp-json\/wp\/v2\/tags?post=35122"}],"curies":[{"name":"wp","href":"https:\/\/api.w.org\/{rel}","templated":true}]}}