{"id":35104,"date":"2025-04-21T16:33:52","date_gmt":"2025-04-21T16:33:52","guid":{"rendered":"https:\/\/www.puertolumbreras.es\/ayuntamiento\/?p=35104"},"modified":"2025-04-21T16:33:53","modified_gmt":"2025-04-21T16:33:53","slug":"este-fin-de-semana-se-celebrara-la-decima-edicion-de-la-feria-del-coleccionismo-y-antiguedades-de-puerto-lumbreras","status":"publish","type":"post","link":"https:\/\/www.puertolumbreras.es\/ayuntamiento\/2025\/04\/21\/este-fin-de-semana-se-celebrara-la-decima-edicion-de-la-feria-del-coleccionismo-y-antiguedades-de-puerto-lumbreras\/","title":{"rendered":"Este fin de semana se celebrar\u00e1 la d\u00e9cima edici\u00f3n de la Feria del Coleccionismo y Antig\u00fcedades de Puerto Lumbreras"},"content":{"rendered":"\n<p><strong>Los pr\u00f3ximos 26 y 27 de abril, en el Centro Deportivo Municipal acoger\u00e1 a m\u00e1s de 50 expositores procedentes de toda Espa\u00f1a y la III edici\u00f3n de la Concentraci\u00f3n y Ruta de Veh\u00edculos Cl\u00e1sicos<\/strong><strong><\/strong><\/p>\n\n\n\n<p><strong><u>21 de abril de 2025.<\/u><\/strong><strong> <\/strong>La alcaldesa de Puerto Lumbreras, Mar\u00eda de los \u00c1ngeles T\u00fanez, ha presentado la d\u00e9cima edici\u00f3n de la Feria del Coleccionismo y Antig\u00fcedades junto al organizador y presidente de la Asociaci\u00f3n Nacional de Coleccionistas \u2018Recuerdos\u2019, Juan Antonio Mart\u00ednez.<\/p>\n\n\n\n<p>T\u00fanez ha explicado que \u201ceste fin de semana, llega un ya tradicional evento anual en el calendario de nuestro municipio, la Feria del Coleccionismo y Antig\u00fcedades de Puerto Lumbreras en su d\u00e9cima edici\u00f3n y que nos volver\u00e1 a convertir en referencia nacional del mundo del coleccionismo\u201d.<\/p>\n\n\n<div class=\"wp-block-image\">\n<figure class=\"alignleft size-large is-resized\"><img loading=\"lazy\" decoding=\"async\" width=\"819\" height=\"1024\" src=\"https:\/\/www.puertolumbreras.es\/ayuntamiento\/wp-content\/uploads\/2025\/04\/cartel-feria-del-coleccionismo-819x1024.jpg\" alt=\"\" class=\"wp-image-35107\" style=\"width:228px;height:auto\" srcset=\"https:\/\/www.puertolumbreras.es\/ayuntamiento\/wp-content\/uploads\/2025\/04\/cartel-feria-del-coleccionismo-819x1024.jpg 819w, https:\/\/www.puertolumbreras.es\/ayuntamiento\/wp-content\/uploads\/2025\/04\/cartel-feria-del-coleccionismo-240x300.jpg 240w, https:\/\/www.puertolumbreras.es\/ayuntamiento\/wp-content\/uploads\/2025\/04\/cartel-feria-del-coleccionismo-768x960.jpg 768w, https:\/\/www.puertolumbreras.es\/ayuntamiento\/wp-content\/uploads\/2025\/04\/cartel-feria-del-coleccionismo.jpg 1080w\" sizes=\"auto, (max-width: 819px) 100vw, 819px\" \/><\/figure>\n<\/div>\n\n\n<p>\u201cLos pr\u00f3ximos 26 y 27 de abril, en el Centro Deportivo Municipal acoger\u00e1 a m\u00e1s de 50 expositores llegados desde provincias como Albacete, Ja\u00e9n, Granada, Alicante, Islas Baleares o la propia Regi\u00f3n de Murcia y donde podremos encontrar todo tipo de objetos de colecci\u00f3n desde los m\u00e1s comunes como pueden ser sellos, monedas, billetes, pines y llaveros hasta los m\u00e1s antol\u00f3gicos como discos LP, juguetes cl\u00e1sicos o cromos\u201d.<\/p>\n\n\n\n<p>La Primera edil ha indicado que \u201cen los m\u00e1s de 300 metros cuadrados de espacio encontraremos puestos de compra \u2013 venta, zona de exposiciones con grandes colecciones destacadas expuestas para el disfrute de nuestro visitantes como, por ejemplo, camisetas de f\u00fatbol, dispensadores de la marca PEZ, relojes cl\u00e1sicos o la ya habitual colecci\u00f3n de pines aportada por el organizador del evento con m\u00e1s de 21.000 unidades, una de las colecciones m\u00e1s grandes de Espa\u00f1a\u201d.<\/p>\n\n\n<div class=\"wp-block-image\">\n<figure class=\"alignright size-large is-resized\"><img loading=\"lazy\" decoding=\"async\" width=\"819\" height=\"1024\" src=\"https:\/\/www.puertolumbreras.es\/ayuntamiento\/wp-content\/uploads\/2025\/04\/concentracion-vehiculos-clasicos-819x1024.jpg\" alt=\"\" class=\"wp-image-35106\" style=\"width:267px;height:auto\" srcset=\"https:\/\/www.puertolumbreras.es\/ayuntamiento\/wp-content\/uploads\/2025\/04\/concentracion-vehiculos-clasicos-819x1024.jpg 819w, https:\/\/www.puertolumbreras.es\/ayuntamiento\/wp-content\/uploads\/2025\/04\/concentracion-vehiculos-clasicos-240x300.jpg 240w, https:\/\/www.puertolumbreras.es\/ayuntamiento\/wp-content\/uploads\/2025\/04\/concentracion-vehiculos-clasicos-768x960.jpg 768w, https:\/\/www.puertolumbreras.es\/ayuntamiento\/wp-content\/uploads\/2025\/04\/concentracion-vehiculos-clasicos.jpg 1080w\" sizes=\"auto, (max-width: 819px) 100vw, 819px\" \/><\/figure>\n<\/div>\n\n\n<p>\u201cAdem\u00e1s, celebraremos tambi\u00e9n la tercera edici\u00f3n de la Concentraci\u00f3n y Ruta de Veh\u00edculos Cl\u00e1sicos. El d\u00eda 26 ser\u00e1 la exposici\u00f3n de veh\u00edculos cl\u00e1sicos, con m\u00e1s de 25 a\u00f1os y, el domingo 27, se incorporar\u00e1 a la exposici\u00f3n la r\u00e9plica del coche de Fast&amp;Furious 1, el Mitsubishi Eclipse de 1995. De 10:00 a 13:00 horas, ser\u00e1 la Concentraci\u00f3n de Veh\u00edculos Cl\u00e1sicos y, a las 13:00 horas, la ruta de todos los veh\u00edculos por las calles del municipio. Todo ello, gracias a la colaboraci\u00f3n de la Asociaci\u00f3n Veh\u00edculos Cl\u00e1sicos Lorca\u201d.<\/p>\n\n\n\n<p>T\u00fanez Garc\u00eda ha especificado que \u201cel s\u00e1bado, 26 de abril, el horario de apertura ser\u00e1 de 10:00 a 21:00 horas y el domingo, 27 de abril, de 10:00 a 15:00 horas y con entrada gratuita\u201d.<\/p>\n\n\n\n<p>Por \u00faltimo, la alcaldesa ha querido \u201canimar a los lumbrerenses y a los vecinos y vecinas de los municipios vecinos a disfrutar de este evento que, bajo el lema \u00a1Revive tus recuerdos!, organizado por la Asociaci\u00f3n Nacional de Coleccionistas \u2018Recuerdos\u2019, y que contin\u00faa extendi\u00e9ndose en estos diez a\u00f1os ya de andadura en los que sigue creciendo y sumando participantes\u201d.<\/p>\n\n\n\n<p><\/p>\n","protected":false},"excerpt":{"rendered":"<p>Los pr\u00f3ximos 26 y 27 de abril, en el Centro Deportivo Municipal acoger\u00e1 a m\u00e1s de 50 expositores procedentes de toda Espa\u00f1a y la III edici\u00f3n de la Concentraci\u00f3n y Ruta de Veh\u00edculos Cl\u00e1sicos 21 de abril de 2025. La alcaldesa de Puerto Lumbreras, Mar\u00eda de los \u00c1ngeles T\u00fanez, ha presentado la d\u00e9cima edici\u00f3n de [&hellip;]<\/p>\n","protected":false},"author":2,"featured_media":35105,"comment_status":"closed","ping_status":"closed","sticky":false,"template":"","format":"standard","meta":{"footnotes":""},"categories":[2],"tags":[],"class_list":["post-35104","post","type-post","status-publish","format-standard","has-post-thumbnail","hentry","category-noticias"],"_links":{"self":[{"href":"https:\/\/www.puertolumbreras.es\/ayuntamiento\/wp-json\/wp\/v2\/posts\/35104","targetHints":{"allow":["GET"]}}],"collection":[{"href":"https:\/\/www.puertolumbreras.es\/ayuntamiento\/wp-json\/wp\/v2\/posts"}],"about":[{"href":"https:\/\/www.puertolumbreras.es\/ayuntamiento\/wp-json\/wp\/v2\/types\/post"}],"author":[{"embeddable":true,"href":"https:\/\/www.puertolumbreras.es\/ayuntamiento\/wp-json\/wp\/v2\/users\/2"}],"replies":[{"embeddable":true,"href":"https:\/\/www.puertolumbreras.es\/ayuntamiento\/wp-json\/wp\/v2\/comments?post=35104"}],"version-history":[{"count":1,"href":"https:\/\/www.puertolumbreras.es\/ayuntamiento\/wp-json\/wp\/v2\/posts\/35104\/revisions"}],"predecessor-version":[{"id":35108,"href":"https:\/\/www.puertolumbreras.es\/ayuntamiento\/wp-json\/wp\/v2\/posts\/35104\/revisions\/35108"}],"wp:featuredmedia":[{"embeddable":true,"href":"https:\/\/www.puertolumbreras.es\/ayuntamiento\/wp-json\/wp\/v2\/media\/35105"}],"wp:attachment":[{"href":"https:\/\/www.puertolumbreras.es\/ayuntamiento\/wp-json\/wp\/v2\/media?parent=35104"}],"wp:term":[{"taxonomy":"category","embeddable":true,"href":"https:\/\/www.puertolumbreras.es\/ayuntamiento\/wp-json\/wp\/v2\/categories?post=35104"},{"taxonomy":"post_tag","embeddable":true,"href":"https:\/\/www.puertolumbreras.es\/ayuntamiento\/wp-json\/wp\/v2\/tags?post=35104"}],"curies":[{"name":"wp","href":"https:\/\/api.w.org\/{rel}","templated":true}]}}