{"id":35090,"date":"2025-04-17T09:12:28","date_gmt":"2025-04-17T09:12:28","guid":{"rendered":"https:\/\/www.puertolumbreras.es\/ayuntamiento\/?p=35090"},"modified":"2025-04-17T09:12:29","modified_gmt":"2025-04-17T09:12:29","slug":"el-ayuntamiento-de-puerto-lumbreras-saca-a-licitacion-el-contrato-de-obras-para-reformar-el-centro-de-atencion-infantil-juan-lopez","status":"publish","type":"post","link":"https:\/\/www.puertolumbreras.es\/ayuntamiento\/2025\/04\/17\/el-ayuntamiento-de-puerto-lumbreras-saca-a-licitacion-el-contrato-de-obras-para-reformar-el-centro-de-atencion-infantil-juan-lopez\/","title":{"rendered":"El Ayuntamiento de Puerto Lumbreras saca a licitaci\u00f3n el contrato de obras para reformar el Centro de Atenci\u00f3n Infantil Juan L\u00f3pez"},"content":{"rendered":"\n<p><strong>El objetivo de estos trabajos es conseguir la certificaci\u00f3n como <\/strong><strong>Escuela Municipal de Educaci\u00f3n Infantil e implantar programas que permitan la creaci\u00f3n de nuevas plazas p\u00fablicas para ni\u00f1os de 1 y 2 a\u00f1os<\/strong><strong> <\/strong><strong><\/strong><\/p>\n\n\n\n<p><strong><u>17 de abril de 2025.<\/u><\/strong><strong> <\/strong>La alcaldesa de Puerto Lumbreras, Mar\u00eda de los \u00c1ngeles T\u00fanez, ha anunciado la licitaci\u00f3n del contrato de obras para la reforma de la Escuela Infantil Juan L\u00f3pez.<\/p>\n\n\n\n<p>T\u00fanez ha explicado que \u201chemos sacado a licitaci\u00f3n la adjudicaci\u00f3n de las obras del \u2018Proyecto b\u00e1sico y de ejecuci\u00f3n de obras de rehabilitaci\u00f3n y reforma de la salubridad y la accesibilidad del Centro de Atenci\u00f3n Infantil Juan L\u00f3pez\u2019 con un presupuesto de ejecuci\u00f3n por contrata de 102.238,05 euros\u201d.<\/p>\n\n\n\n<p>\u201cEl objetivo es rehabilitar y reformar el CAI Juan L\u00f3pez para la consecuci\u00f3n de la certificaci\u00f3n como Escuela Municipal de Educaci\u00f3n Infantil (EMEI), dentro del municipio de Puerto Lumbreras, e implantar el programa de \u00abModernizaci\u00f3n y digitalizaci\u00f3n del sistema educativo, incluida la educaci\u00f3n temprana del 0-3 a\u00f1os\u00bb. Inversi\u00f3n 1: \u00abPrograma de impulso de escolarizaci\u00f3n en el Primer Ciclo de Educaci\u00f3n Infantil con nuevas plazas de titularidad p\u00fablica (prioritariamente 1 y 2 a\u00f1os)\u201d.<\/p>\n\n\n\n<p>La Primera edil ha indicado que \u201cadem\u00e1s, de la rehabilitaci\u00f3n del centro para redotar y mejorar sus instalaciones, es objeto de este contrato la adecuaci\u00f3n del ba\u00f1o de personal a la normativa de accesibilidad\u201d.<\/p>\n\n\n\n<p>\u201cEl plazo de ejecuci\u00f3n del contrato ser\u00e1 de tres meses a partir de la fecha en la que se establezca el acta de comprobaci\u00f3n de replanteo de la obra, fecha que coincidir\u00e1 en su ejecuci\u00f3n con las vacaciones de verano de los escolares con el fin de evitar molestias durante el curso\u201d.<\/p>\n\n\n\n<p>\u201cLa rehabilitaci\u00f3n del CAI Juan L\u00f3pez se integra dentro del programa de mejoras de los centros educativos del municipio puesto en marcha por el Ayuntamiento de Puerto Lumbreras en colaboraci\u00f3n con el Gobierno Regional y se une a las salidas a licitaci\u00f3n que permitir\u00e1n la construcci\u00f3n de un ascensor en el antiguo Colegio Sagrado Coraz\u00f3n para garantizar la accesibilidad en el centro, as\u00ed como la renovaci\u00f3n del sistema de calefacci\u00f3n del CEIP Asunci\u00f3n Jord\u00e1n\u201d.<\/p>\n\n\n\n<p>Por \u00faltimo, la alcaldesa ha destacado que \u201cla financiaci\u00f3n de este contrato se ha obtenido de una subvenci\u00f3n procedente de la Consejer\u00eda de Educaci\u00f3n que aprueba la concesi\u00f3n directa para la creaci\u00f3n de plazas de educaci\u00f3n infantil de la Regi\u00f3n de Murcia, dentro del Programa de impulso de escolarizaci\u00f3n en el primer ciclo de Educaci\u00f3n infantil, en el marco del Plan de Recuperaci\u00f3n, Transformaci\u00f3n y Resiliencia (PRTR), financiado por la Uni\u00f3n Europea- Next Generation EU\u201d.<\/p>\n\n\n\n<p><\/p>\n","protected":false},"excerpt":{"rendered":"<p>El objetivo de estos trabajos es conseguir la certificaci\u00f3n como Escuela Municipal de Educaci\u00f3n Infantil e implantar programas que permitan la creaci\u00f3n de nuevas plazas p\u00fablicas para ni\u00f1os de 1 y 2 a\u00f1os 17 de abril de 2025. La alcaldesa de Puerto Lumbreras, Mar\u00eda de los \u00c1ngeles T\u00fanez, ha anunciado la licitaci\u00f3n del contrato de [&hellip;]<\/p>\n","protected":false},"author":2,"featured_media":35091,"comment_status":"closed","ping_status":"closed","sticky":false,"template":"","format":"standard","meta":{"footnotes":""},"categories":[2],"tags":[],"class_list":["post-35090","post","type-post","status-publish","format-standard","has-post-thumbnail","hentry","category-noticias"],"_links":{"self":[{"href":"https:\/\/www.puertolumbreras.es\/ayuntamiento\/wp-json\/wp\/v2\/posts\/35090","targetHints":{"allow":["GET"]}}],"collection":[{"href":"https:\/\/www.puertolumbreras.es\/ayuntamiento\/wp-json\/wp\/v2\/posts"}],"about":[{"href":"https:\/\/www.puertolumbreras.es\/ayuntamiento\/wp-json\/wp\/v2\/types\/post"}],"author":[{"embeddable":true,"href":"https:\/\/www.puertolumbreras.es\/ayuntamiento\/wp-json\/wp\/v2\/users\/2"}],"replies":[{"embeddable":true,"href":"https:\/\/www.puertolumbreras.es\/ayuntamiento\/wp-json\/wp\/v2\/comments?post=35090"}],"version-history":[{"count":1,"href":"https:\/\/www.puertolumbreras.es\/ayuntamiento\/wp-json\/wp\/v2\/posts\/35090\/revisions"}],"predecessor-version":[{"id":35093,"href":"https:\/\/www.puertolumbreras.es\/ayuntamiento\/wp-json\/wp\/v2\/posts\/35090\/revisions\/35093"}],"wp:featuredmedia":[{"embeddable":true,"href":"https:\/\/www.puertolumbreras.es\/ayuntamiento\/wp-json\/wp\/v2\/media\/35091"}],"wp:attachment":[{"href":"https:\/\/www.puertolumbreras.es\/ayuntamiento\/wp-json\/wp\/v2\/media?parent=35090"}],"wp:term":[{"taxonomy":"category","embeddable":true,"href":"https:\/\/www.puertolumbreras.es\/ayuntamiento\/wp-json\/wp\/v2\/categories?post=35090"},{"taxonomy":"post_tag","embeddable":true,"href":"https:\/\/www.puertolumbreras.es\/ayuntamiento\/wp-json\/wp\/v2\/tags?post=35090"}],"curies":[{"name":"wp","href":"https:\/\/api.w.org\/{rel}","templated":true}]}}