{"id":35057,"date":"2025-04-15T11:08:21","date_gmt":"2025-04-15T11:08:21","guid":{"rendered":"https:\/\/www.puertolumbreras.es\/ayuntamiento\/?p=35057"},"modified":"2025-04-16T07:58:17","modified_gmt":"2025-04-16T07:58:17","slug":"puerto-lumbreras-celebra-el-dia-del-libro-con-un-programa-de-mas-de-una-decena-de-actos-del-21-al-30-de-abril","status":"publish","type":"post","link":"https:\/\/www.puertolumbreras.es\/ayuntamiento\/2025\/04\/15\/puerto-lumbreras-celebra-el-dia-del-libro-con-un-programa-de-mas-de-una-decena-de-actos-del-21-al-30-de-abril\/","title":{"rendered":"Puerto Lumbreras celebra el D\u00eda del Libro con un programa de m\u00e1s de una decena de actos del 21 al 30 de abril"},"content":{"rendered":"\n<p><strong>Talleres, cuentacuentos y espect\u00e1culos infantiles, lectura para mayores y con el CIPED o <\/strong><strong>la aventura nocturna \u2018Sue\u00f1os de Andersen\u2019 conforman la programaci\u00f3n lumbrerense<\/strong><strong><\/strong><\/p>\n\n\n\n<p><strong><u>15 de abril de 2025.<\/u><\/strong><strong> <\/strong>La concejal de Cultura del Ayuntamiento de Puerto Lumbreras, To\u00f1i Navarro, ha presentado la programaci\u00f3n especial dedicada a la celebraci\u00f3n del D\u00eda Internacional del Libro.<\/p>\n\n\n\n<p>Navarro ha explicado que \u201cdesde el Ayuntamiento de Puerto Lumbreras, a trav\u00e9s de Red Municipal de Bibliotecas dependiente de la Concejal\u00eda de Cultura, hemos organizado un programa con m\u00e1s de una decena de actos para celebrar el D\u00eda Internacional del Libro que se conmemora cada a\u00f1o el 23 de abril\u201d.<\/p>\n\n\n\n<p>\u201cEl programa dar\u00e1 comienzo el 21 de abril con la entrega de reconocimientos a \u2018Lector infantil del a\u00f1o 2024\u2019 y \u2018Lector Adulto del a\u00f1o 2024\u2019 y el Cuentacuentos \u2018Cuentos Embaulados\u2019, a las 17:00 horas, en el sal\u00f3n de actos del Centro C\u00edvico\u201d.<\/p>\n\n\n\n<p>La edil ha indicado que \u201cel d\u00eda 21 de abril, a las 11:00 horas, los usuarios del Centro Asistencial Puertosol disfrutar\u00e1n de la actividad \u2018Lectura para mayores\u2019 que realizar\u00e1n los voluntarios del Club de Lectura y escritores locales y el d\u00eda 22 de abril los usuarios del Centro de D\u00eda y Asociaci\u00f3n ALDEA a las 11:00 y 11:30 horas, respectivamente\u201d.<\/p>\n\n\n\n<p>\u201cEl 23 de abril ser\u00e1 la presentaci\u00f3n del libro \u2018Las vivencias de la gitana\u2019 de Logi Fern\u00e1ndez, a las 17:00 horas, en el sal\u00f3n de actos del Centro C\u00edvico. Un acto organizado por la Fundaci\u00f3n Secretariado Gitano\u201d.<\/p>\n\n\n\n<p>Navarro Fern\u00e1ndez ha especificado que \u201cel 24 de abril tendr\u00e1 lugar \u2018Compartiendo lecturas con CIPED\u2019, a las 11:30 horas, en la Biblioteca Municipal de Puerto Lumbreras y, a las 17:30 horas, el espect\u00e1culo infantil \u2018La biblioteca encantada\u2019 por el Mago Guillermo Avil\u00e9s en la Biblioteca Esparragal\u201d.<\/p>\n\n\n\n<p>\u201cEl d\u00eda 25 de abril se presentar\u00e1 el libro \u2018Sentimientos contenidos\u2019 de Marcos Garc\u00eda T\u00fanez, 20:00 horas, en el sal\u00f3n de actos del Centro C\u00edvico. Y, por la noche, una de las actividades m\u00e1s entra\u00f1ables, la aventura nocturna en la Biblioteca Municipal de Puerto Lumbreras \u2018Sue\u00f1os de Andersen\u2019, a partir de las 21:00 horas, dirigido a alumnado de 4\u00ba a 6\u00ba de primaria. Para disfrutar de ella es necesario inscribirse en la Biblioteca, del 14 al 23 de abril\u201d.<\/p>\n\n\n\n<p>La concejal de Cultura ha apuntado que \u201cel 29 de abril, a las 17:30 horas, ser\u00e1 la reuni\u00f3n del Club de lectura en la Casa de los Duendes. Asimismo, los d\u00edas 29 y 30 de abril se celebrar\u00e1n sendos talleres infantiles de animaci\u00f3n a la lectura \u2018Los cuentos de Andersen\u2019. El d\u00eda 29 en Biblioteca Esparragal y el d\u00eda 30 en la Biblioteca Municipal de Puerto Lumbreras, a las 17:30 horas y 17:00 horas, respectivamente\u201d.<\/p>\n\n\n\n<p>Por \u00faltimo, To\u00f1i Navarro ha querido \u201canimar a todos los lumbrerenses a celebrar esta efem\u00e9ride con la que queremos fomentar el h\u00e1bito de la lectura entre adultos y ni\u00f1os\u201d y agradecer \u201ca las trabajadoras de la Red Municipal de Bibliotecas el trabajo realizado para la organizaci\u00f3n del D\u00eda Internacional del Libro y. tambi\u00e9n, a las entidades colaboradoras: Fundaci\u00f3n Secretariado Gitanos, Librer\u00eda y Papeler\u00eda Rayas y Librer\u00eda y Papeler\u00eda Papiro\u201d.<\/p>\n\n\n<div class=\"wp-block-image\">\n<figure class=\"aligncenter size-large\"><img loading=\"lazy\" decoding=\"async\" width=\"1024\" height=\"791\" src=\"https:\/\/www.puertolumbreras.es\/ayuntamiento\/wp-content\/uploads\/2025\/04\/Programa-DIA-DEL-LIBRO-2-1024x791.png\" alt=\"\" class=\"wp-image-35059\" srcset=\"https:\/\/www.puertolumbreras.es\/ayuntamiento\/wp-content\/uploads\/2025\/04\/Programa-DIA-DEL-LIBRO-2-1024x791.png 1024w, https:\/\/www.puertolumbreras.es\/ayuntamiento\/wp-content\/uploads\/2025\/04\/Programa-DIA-DEL-LIBRO-2-300x232.png 300w, https:\/\/www.puertolumbreras.es\/ayuntamiento\/wp-content\/uploads\/2025\/04\/Programa-DIA-DEL-LIBRO-2-768x593.png 768w, https:\/\/www.puertolumbreras.es\/ayuntamiento\/wp-content\/uploads\/2025\/04\/Programa-DIA-DEL-LIBRO-2-1536x1187.png 1536w, https:\/\/www.puertolumbreras.es\/ayuntamiento\/wp-content\/uploads\/2025\/04\/Programa-DIA-DEL-LIBRO-2.png 2000w\" sizes=\"auto, (max-width: 1024px) 100vw, 1024px\" \/><\/figure>\n<\/div>","protected":false},"excerpt":{"rendered":"<p>Talleres, cuentacuentos y espect\u00e1culos infantiles, lectura para mayores y con el CIPED o la aventura nocturna \u2018Sue\u00f1os de Andersen\u2019 conforman la programaci\u00f3n lumbrerense 15 de abril de 2025. La concejal de Cultura del Ayuntamiento de Puerto Lumbreras, To\u00f1i Navarro, ha presentado la programaci\u00f3n especial dedicada a la celebraci\u00f3n del D\u00eda Internacional del Libro. Navarro ha [&hellip;]<\/p>\n","protected":false},"author":2,"featured_media":35058,"comment_status":"closed","ping_status":"closed","sticky":false,"template":"","format":"standard","meta":{"footnotes":""},"categories":[2],"tags":[],"class_list":["post-35057","post","type-post","status-publish","format-standard","has-post-thumbnail","hentry","category-noticias"],"_links":{"self":[{"href":"https:\/\/www.puertolumbreras.es\/ayuntamiento\/wp-json\/wp\/v2\/posts\/35057","targetHints":{"allow":["GET"]}}],"collection":[{"href":"https:\/\/www.puertolumbreras.es\/ayuntamiento\/wp-json\/wp\/v2\/posts"}],"about":[{"href":"https:\/\/www.puertolumbreras.es\/ayuntamiento\/wp-json\/wp\/v2\/types\/post"}],"author":[{"embeddable":true,"href":"https:\/\/www.puertolumbreras.es\/ayuntamiento\/wp-json\/wp\/v2\/users\/2"}],"replies":[{"embeddable":true,"href":"https:\/\/www.puertolumbreras.es\/ayuntamiento\/wp-json\/wp\/v2\/comments?post=35057"}],"version-history":[{"count":2,"href":"https:\/\/www.puertolumbreras.es\/ayuntamiento\/wp-json\/wp\/v2\/posts\/35057\/revisions"}],"predecessor-version":[{"id":35067,"href":"https:\/\/www.puertolumbreras.es\/ayuntamiento\/wp-json\/wp\/v2\/posts\/35057\/revisions\/35067"}],"wp:featuredmedia":[{"embeddable":true,"href":"https:\/\/www.puertolumbreras.es\/ayuntamiento\/wp-json\/wp\/v2\/media\/35058"}],"wp:attachment":[{"href":"https:\/\/www.puertolumbreras.es\/ayuntamiento\/wp-json\/wp\/v2\/media?parent=35057"}],"wp:term":[{"taxonomy":"category","embeddable":true,"href":"https:\/\/www.puertolumbreras.es\/ayuntamiento\/wp-json\/wp\/v2\/categories?post=35057"},{"taxonomy":"post_tag","embeddable":true,"href":"https:\/\/www.puertolumbreras.es\/ayuntamiento\/wp-json\/wp\/v2\/tags?post=35057"}],"curies":[{"name":"wp","href":"https:\/\/api.w.org\/{rel}","templated":true}]}}