{"id":35048,"date":"2025-04-14T10:27:04","date_gmt":"2025-04-14T10:27:04","guid":{"rendered":"https:\/\/www.puertolumbreras.es\/ayuntamiento\/?p=35048"},"modified":"2025-04-14T10:51:46","modified_gmt":"2025-04-14T10:51:46","slug":"el-ayuntamiento-de-puerto-lumbreras-saca-a-licitacion-las-obras-de-mejora-de-la-instalacion-de-calefaccion-en-el-ceip-asuncion-jordan","status":"publish","type":"post","link":"https:\/\/www.puertolumbreras.es\/ayuntamiento\/2025\/04\/14\/el-ayuntamiento-de-puerto-lumbreras-saca-a-licitacion-las-obras-de-mejora-de-la-instalacion-de-calefaccion-en-el-ceip-asuncion-jordan\/","title":{"rendered":"El Ayuntamiento de Puerto Lumbreras saca a licitaci\u00f3n las obras de mejora de la instalaci\u00f3n de calefacci\u00f3n en el CEIP Asunci\u00f3n Jord\u00e1n"},"content":{"rendered":"\n<p><strong>La renovaci\u00f3n del sistema de calefacci\u00f3n del centro se enmarca en el programa de mejoras de los centros escolares del municipio puesto en marcha por el Consistorio en colaboraci\u00f3n con el Gobierno Regional&nbsp;<\/strong><\/p>\n\n\n\n<p><strong><u>14 de abril de 2025.<\/u><\/strong><strong> <\/strong>La alcaldesa de Puerto Lumbreras, Mar\u00eda de los \u00c1ngeles T\u00fanez, ha anunciado la salida a licitaci\u00f3n de las obras de mejora de la instalaci\u00f3n de calefacci\u00f3n del CEIP Asunci\u00f3n Jord\u00e1n.<\/p>\n\n\n\n<p>T\u00fanez ha explicado que \u201cdentro del plan de renovaci\u00f3n y mejora de los centros escolares puesto en marcha por el Ayuntamiento de Puerto Lumbreras en colaboraci\u00f3n con el Gobierno Regional, sacamos a licitaci\u00f3n el contrato de la ejecuci\u00f3n del suministro y obras de mejora de la instalaci\u00f3n del sistema de calefacci\u00f3n del CEIP Asunci\u00f3n Jord\u00e1n\u201d.<\/p>\n\n\n\n<p>\u201cLa licitaci\u00f3n de estos trabajos se realiza mediante pliego de prescripciones t\u00e9cnicas que rigen la adjudicaci\u00f3n mediante procedimiento abierto simplificado sumario en contrato mixto y pretende mejora la instalaci\u00f3n de la calefacci\u00f3n en el CEIP Asunci\u00f3n Jord\u00e1n y mejorar, as\u00ed, las condiciones actuales del sistema. Unas labores que se centrar\u00e1n en la sustituci\u00f3n de la caldera y la chimenea existentes por nuevas unidades de obra de la instalaci\u00f3n de calefacci\u00f3n\u201d.<\/p>\n\n\n\n<p>La Primera edil ha especificado que \u201clos trabajos a ejecutar son el desmontaje y la retirada de la caldera y chimenea de la instalaci\u00f3n actual de calefacci\u00f3n; la colocaci\u00f3n de una nueva chimenea y caldera interior de calefacci\u00f3n; el purgado de la instalaci\u00f3n existente de radiadores y la puesta en marcha de la nueva instalaci\u00f3n\u201d.<\/p>\n\n\n\n<p>\u201cEl presupuesto de ejecuci\u00f3n por contrata es de 21.763,06 euros y el plazo m\u00e1ximo de ejecuci\u00f3n de tres meses a partir de la fecha en la que se establezca el acta de comprobaci\u00f3n de replanteo de la obra\u201d.<\/p>\n\n\n\n<p>Por \u00faltimo, Mar\u00eda de los \u00c1ngeles T\u00fanez ha insistido en que \u201cestas obras, que se realizar\u00e1n durante las vacaciones de verano, para evitar molestias durante el curso, se unen a la reciente salida a licitaci\u00f3n de las labores de accesibilidad en el antiguo Colegio Sagrado Coraz\u00f3n y a la inminente salida a licitaci\u00f3n de las obras de mejora de la guarder\u00eda Juan L\u00f3pez\u201d.<\/p>\n","protected":false},"excerpt":{"rendered":"<p>La renovaci\u00f3n del sistema de calefacci\u00f3n del centro se enmarca en el programa de mejoras de los centros escolares del municipio puesto en marcha por el Consistorio en colaboraci\u00f3n con el Gobierno Regional&nbsp; 14 de abril de 2025. La alcaldesa de Puerto Lumbreras, Mar\u00eda de los \u00c1ngeles T\u00fanez, ha anunciado la salida a licitaci\u00f3n de [&hellip;]<\/p>\n","protected":false},"author":2,"featured_media":35049,"comment_status":"closed","ping_status":"closed","sticky":false,"template":"","format":"standard","meta":{"footnotes":""},"categories":[2],"tags":[],"class_list":["post-35048","post","type-post","status-publish","format-standard","has-post-thumbnail","hentry","category-noticias"],"_links":{"self":[{"href":"https:\/\/www.puertolumbreras.es\/ayuntamiento\/wp-json\/wp\/v2\/posts\/35048","targetHints":{"allow":["GET"]}}],"collection":[{"href":"https:\/\/www.puertolumbreras.es\/ayuntamiento\/wp-json\/wp\/v2\/posts"}],"about":[{"href":"https:\/\/www.puertolumbreras.es\/ayuntamiento\/wp-json\/wp\/v2\/types\/post"}],"author":[{"embeddable":true,"href":"https:\/\/www.puertolumbreras.es\/ayuntamiento\/wp-json\/wp\/v2\/users\/2"}],"replies":[{"embeddable":true,"href":"https:\/\/www.puertolumbreras.es\/ayuntamiento\/wp-json\/wp\/v2\/comments?post=35048"}],"version-history":[{"count":2,"href":"https:\/\/www.puertolumbreras.es\/ayuntamiento\/wp-json\/wp\/v2\/posts\/35048\/revisions"}],"predecessor-version":[{"id":35051,"href":"https:\/\/www.puertolumbreras.es\/ayuntamiento\/wp-json\/wp\/v2\/posts\/35048\/revisions\/35051"}],"wp:featuredmedia":[{"embeddable":true,"href":"https:\/\/www.puertolumbreras.es\/ayuntamiento\/wp-json\/wp\/v2\/media\/35049"}],"wp:attachment":[{"href":"https:\/\/www.puertolumbreras.es\/ayuntamiento\/wp-json\/wp\/v2\/media?parent=35048"}],"wp:term":[{"taxonomy":"category","embeddable":true,"href":"https:\/\/www.puertolumbreras.es\/ayuntamiento\/wp-json\/wp\/v2\/categories?post=35048"},{"taxonomy":"post_tag","embeddable":true,"href":"https:\/\/www.puertolumbreras.es\/ayuntamiento\/wp-json\/wp\/v2\/tags?post=35048"}],"curies":[{"name":"wp","href":"https:\/\/api.w.org\/{rel}","templated":true}]}}