{"id":35016,"date":"2025-04-07T10:17:41","date_gmt":"2025-04-07T10:17:41","guid":{"rendered":"https:\/\/www.puertolumbreras.es\/ayuntamiento\/?p=35016"},"modified":"2025-04-07T10:17:42","modified_gmt":"2025-04-07T10:17:42","slug":"mas-de-15-000-personas-han-disfrutado-este-fin-de-semana-de-la-tercera-edicion-de-la-feria-el-puerto-en-flor","status":"publish","type":"post","link":"https:\/\/www.puertolumbreras.es\/ayuntamiento\/2025\/04\/07\/mas-de-15-000-personas-han-disfrutado-este-fin-de-semana-de-la-tercera-edicion-de-la-feria-el-puerto-en-flor\/","title":{"rendered":"M\u00e1s de 15.000 personas han disfrutado, este fin de semana, de la tercera edici\u00f3n de la feria \u2018El Puerto en Flor\u2019"},"content":{"rendered":"\n<p><strong>La asistencia se incrementa un 50 por ciento en una nueva edici\u00f3n con m\u00e1s de una treintena de actividades, una decena de establecimientos hosteleros y una decena de comercios<\/strong><\/p>\n\n\n\n<p><strong><u>7 de abril de 2025.<\/u><\/strong><strong> <\/strong>La alcaldesa de Puerto Lumbreras, Mar\u00eda de los \u00c1ngeles T\u00fanez, ha hecho balance de la exitosa celebraci\u00f3n de la tercera edici\u00f3n de la feria \u2018El Puerto en Flor\u2019.<\/p>\n\n\n\n<p>T\u00fanez ha explicado que \u201cayer, clausuramos la tercera edici\u00f3n de la Feria del Comercio y la Gastronom\u00eda \u2018El Puerto en Flor\u2019. Una multitudinaria y exitosa edici\u00f3n de la que han disfrutado m\u00e1s de 15.000 personas este fin de semana\u201d.<\/p>\n\n\n\n<p>\u201cCada a\u00f1o, nuestra feria se supera. Esta nueva edici\u00f3n ha alcanzado un nuevo r\u00e9cord de participaci\u00f3n, increment\u00e1ndose un 50 por ciento con respecto al a\u00f1o pasado. Unos datos que consolidan este modelo de ocio y que se ha convertido ya, a pesar de su juventud, en una de las fechas m\u00e1s esperadas por todos los lumbrerenses y tambi\u00e9n para los municipios vecinos\u201d.<\/p>\n\n\n\n<p>La alcaldesa de Puerto Lumbreras ha destacado que \u201cdesde el pasado viernes, 4 de abril, la Avenida Pedro Garc\u00eda Rubio ha acogido m\u00e1s de una treinta de actividades. Catas de cerveza y de vino, concurso de arroces, talleres infantiles, la exhibici\u00f3n de baile de la Escuela de Danza de Mar\u00eda Teresa Lazareno, concurso de escaparates\u2026 y todo ello acompa\u00f1ado de la mejor gastronom\u00eda y m\u00fasica\u201d.<\/p>\n\n\n\n<p>\u201cEsta feria se ha dividido en dos grandes espacios: el gastron\u00f3mico y el comercial. En el espacio gastron\u00f3mico hemos podido disfrutar de Arrea Food, Restaurante Lomas, La Cueva de la Sultana, Patapalo Ice Cream, Almazara San Diego, Bocadill\u00f3n, Jam\u00f3n Suprem, Carnicer\u00eda Hermanos Ponce, La Posada, Cafeter\u00eda \u2018Como dice el dicho\u2019, Bar La Estaci\u00f3n y GB Ostras. Mientras que en la zona comercial estuvieron expuestos Florister\u00eda Rosa de Saron, El armario de Nora, ACL Sistemas de ahorro y eficiencia energ\u00e9tica, C de Carolina, Jord\u00e1n, Crafts Ayala, Modas Cefe, Rayser Complementos, Juan Domingo Deportes y Mi yaya Matilde\u201d.<\/p>\n\n\n\n<p>La Primera edil ha especificado que \u201cadem\u00e1s, otro de los grandes reclamos han sido las rotondas, puesto que fueron engalanadas con espectaculares esculturas florales en la rotonda de la Independencia decorada por&nbsp;<em>RyG Floristas<\/em>; la rotonda del antiguo Hotel Salas por&nbsp;<em>Guirrete Floristas<\/em>; los Jardines de Paco Rabal por&nbsp;<em>Garden La Estaci\u00f3n<\/em>; la rotonda Donantes de Sangre por&nbsp;<em>Florister\u00eda Rosa de Sanon<\/em>; la rotonda&nbsp;<em>El Lir\u00f3n<\/em>&nbsp;por&nbsp;<em>Una Flor en el Zapato<\/em>&nbsp;y la rotonda Casa del Cura decorada por los alumnos del Ciclo formativo grado b\u00e1sico \u2018Agrojardineria y composiciones florales\u2019 del IES Rambla de Nogalte\u201d.<\/p>\n\n\n\n<p>\u201cQuiero agradecer el enorme trabajo que han realizado Aseplu y Hostelum para volver a celebrar esta Feria del Comercio y la Gastronom\u00eda y a la empresa D\u00fcmmen Orange porque sin la donaci\u00f3n de todas las m\u00e1s de 10.000 macetas la feria ser\u00eda imposible. Y, por supuesto, tambi\u00e9n, a todos los comercios y establecimientos hosteleros que han participado en un evento que ha venido para quedarse y convertirse en un revulsivo econ\u00f3mico y de ocio anual en nuestro municipio\u201d.<\/p>\n\n\n\n<p>Por \u00faltimo, Mar\u00eda de los \u00c1ngeles T\u00fanez ha querido tener \u201cun agradecimiento muy especial a todos los vecinos y vecinas de la zona por su comprensi\u00f3n y al dispositivo de trabajadores puesto en marcha para celebrar esta feria, tanto de montaje como de recogida, a todos los servicios municipales de limpieza viaria y recogida de basura, electricidad, jardiner\u00eda, fontaner\u00eda y, en definitiva, a todo el personal municipal que este fin de semana se han volcado para conseguir celebrar esta exitosa feria de gastronom\u00eda y comercio\u201d.<strong><\/strong><\/p>\n\n\n\n<figure class=\"wp-block-gallery has-nested-images columns-default is-cropped wp-block-gallery-1 is-layout-flex wp-block-gallery-is-layout-flex\">\n<figure class=\"wp-block-image size-large\"><img loading=\"lazy\" decoding=\"async\" width=\"1024\" height=\"768\" data-id=\"35021\" src=\"https:\/\/www.puertolumbreras.es\/ayuntamiento\/wp-content\/uploads\/2025\/04\/el-puerto-en-flor-1024x768.jpeg\" alt=\"\" class=\"wp-image-35021\" srcset=\"https:\/\/www.puertolumbreras.es\/ayuntamiento\/wp-content\/uploads\/2025\/04\/el-puerto-en-flor-1024x768.jpeg 1024w, https:\/\/www.puertolumbreras.es\/ayuntamiento\/wp-content\/uploads\/2025\/04\/el-puerto-en-flor-300x225.jpeg 300w, https:\/\/www.puertolumbreras.es\/ayuntamiento\/wp-content\/uploads\/2025\/04\/el-puerto-en-flor-768x576.jpeg 768w, https:\/\/www.puertolumbreras.es\/ayuntamiento\/wp-content\/uploads\/2025\/04\/el-puerto-en-flor-1536x1152.jpeg 1536w, https:\/\/www.puertolumbreras.es\/ayuntamiento\/wp-content\/uploads\/2025\/04\/el-puerto-en-flor.jpeg 1600w\" sizes=\"auto, (max-width: 1024px) 100vw, 1024px\" \/><\/figure>\n\n\n\n<figure class=\"wp-block-image size-large\"><img loading=\"lazy\" decoding=\"async\" width=\"1024\" height=\"768\" data-id=\"35019\" src=\"https:\/\/www.puertolumbreras.es\/ayuntamiento\/wp-content\/uploads\/2025\/04\/el-puerto-en-flor-5-1024x768.jpeg\" alt=\"\" class=\"wp-image-35019\" srcset=\"https:\/\/www.puertolumbreras.es\/ayuntamiento\/wp-content\/uploads\/2025\/04\/el-puerto-en-flor-5-1024x768.jpeg 1024w, https:\/\/www.puertolumbreras.es\/ayuntamiento\/wp-content\/uploads\/2025\/04\/el-puerto-en-flor-5-300x225.jpeg 300w, https:\/\/www.puertolumbreras.es\/ayuntamiento\/wp-content\/uploads\/2025\/04\/el-puerto-en-flor-5-768x576.jpeg 768w, https:\/\/www.puertolumbreras.es\/ayuntamiento\/wp-content\/uploads\/2025\/04\/el-puerto-en-flor-5-1536x1152.jpeg 1536w, https:\/\/www.puertolumbreras.es\/ayuntamiento\/wp-content\/uploads\/2025\/04\/el-puerto-en-flor-5.jpeg 1600w\" sizes=\"auto, (max-width: 1024px) 100vw, 1024px\" \/><\/figure>\n\n\n\n<figure class=\"wp-block-image size-large\"><img loading=\"lazy\" decoding=\"async\" width=\"1024\" height=\"769\" data-id=\"35020\" src=\"https:\/\/www.puertolumbreras.es\/ayuntamiento\/wp-content\/uploads\/2025\/04\/el-puerto-en-flor-4-1024x769.jpeg\" alt=\"\" class=\"wp-image-35020\" srcset=\"https:\/\/www.puertolumbreras.es\/ayuntamiento\/wp-content\/uploads\/2025\/04\/el-puerto-en-flor-4-1024x769.jpeg 1024w, https:\/\/www.puertolumbreras.es\/ayuntamiento\/wp-content\/uploads\/2025\/04\/el-puerto-en-flor-4-300x225.jpeg 300w, https:\/\/www.puertolumbreras.es\/ayuntamiento\/wp-content\/uploads\/2025\/04\/el-puerto-en-flor-4-768x576.jpeg 768w, https:\/\/www.puertolumbreras.es\/ayuntamiento\/wp-content\/uploads\/2025\/04\/el-puerto-en-flor-4-1536x1153.jpeg 1536w, https:\/\/www.puertolumbreras.es\/ayuntamiento\/wp-content\/uploads\/2025\/04\/el-puerto-en-flor-4.jpeg 1600w\" sizes=\"auto, (max-width: 1024px) 100vw, 1024px\" \/><\/figure>\n\n\n\n<figure class=\"wp-block-image size-large\"><img loading=\"lazy\" decoding=\"async\" width=\"1024\" height=\"768\" data-id=\"35018\" src=\"https:\/\/www.puertolumbreras.es\/ayuntamiento\/wp-content\/uploads\/2025\/04\/el-puerto-en-flor-3-1024x768.jpeg\" alt=\"\" class=\"wp-image-35018\" srcset=\"https:\/\/www.puertolumbreras.es\/ayuntamiento\/wp-content\/uploads\/2025\/04\/el-puerto-en-flor-3-1024x768.jpeg 1024w, https:\/\/www.puertolumbreras.es\/ayuntamiento\/wp-content\/uploads\/2025\/04\/el-puerto-en-flor-3-300x225.jpeg 300w, https:\/\/www.puertolumbreras.es\/ayuntamiento\/wp-content\/uploads\/2025\/04\/el-puerto-en-flor-3-768x576.jpeg 768w, https:\/\/www.puertolumbreras.es\/ayuntamiento\/wp-content\/uploads\/2025\/04\/el-puerto-en-flor-3-1536x1152.jpeg 1536w, https:\/\/www.puertolumbreras.es\/ayuntamiento\/wp-content\/uploads\/2025\/04\/el-puerto-en-flor-3.jpeg 1600w\" sizes=\"auto, (max-width: 1024px) 100vw, 1024px\" \/><\/figure>\n<\/figure>\n","protected":false},"excerpt":{"rendered":"<p>La asistencia se incrementa un 50 por ciento en una nueva edici\u00f3n con m\u00e1s de una treintena de actividades, una decena de establecimientos hosteleros y una decena de comercios 7 de abril de 2025. La alcaldesa de Puerto Lumbreras, Mar\u00eda de los \u00c1ngeles T\u00fanez, ha hecho balance de la exitosa celebraci\u00f3n de la tercera edici\u00f3n [&hellip;]<\/p>\n","protected":false},"author":2,"featured_media":35017,"comment_status":"closed","ping_status":"closed","sticky":false,"template":"","format":"standard","meta":{"footnotes":""},"categories":[2],"tags":[],"class_list":["post-35016","post","type-post","status-publish","format-standard","has-post-thumbnail","hentry","category-noticias"],"_links":{"self":[{"href":"https:\/\/www.puertolumbreras.es\/ayuntamiento\/wp-json\/wp\/v2\/posts\/35016","targetHints":{"allow":["GET"]}}],"collection":[{"href":"https:\/\/www.puertolumbreras.es\/ayuntamiento\/wp-json\/wp\/v2\/posts"}],"about":[{"href":"https:\/\/www.puertolumbreras.es\/ayuntamiento\/wp-json\/wp\/v2\/types\/post"}],"author":[{"embeddable":true,"href":"https:\/\/www.puertolumbreras.es\/ayuntamiento\/wp-json\/wp\/v2\/users\/2"}],"replies":[{"embeddable":true,"href":"https:\/\/www.puertolumbreras.es\/ayuntamiento\/wp-json\/wp\/v2\/comments?post=35016"}],"version-history":[{"count":1,"href":"https:\/\/www.puertolumbreras.es\/ayuntamiento\/wp-json\/wp\/v2\/posts\/35016\/revisions"}],"predecessor-version":[{"id":35022,"href":"https:\/\/www.puertolumbreras.es\/ayuntamiento\/wp-json\/wp\/v2\/posts\/35016\/revisions\/35022"}],"wp:featuredmedia":[{"embeddable":true,"href":"https:\/\/www.puertolumbreras.es\/ayuntamiento\/wp-json\/wp\/v2\/media\/35017"}],"wp:attachment":[{"href":"https:\/\/www.puertolumbreras.es\/ayuntamiento\/wp-json\/wp\/v2\/media?parent=35016"}],"wp:term":[{"taxonomy":"category","embeddable":true,"href":"https:\/\/www.puertolumbreras.es\/ayuntamiento\/wp-json\/wp\/v2\/categories?post=35016"},{"taxonomy":"post_tag","embeddable":true,"href":"https:\/\/www.puertolumbreras.es\/ayuntamiento\/wp-json\/wp\/v2\/tags?post=35016"}],"curies":[{"name":"wp","href":"https:\/\/api.w.org\/{rel}","templated":true}]}}