{"id":34997,"date":"2025-04-02T10:30:12","date_gmt":"2025-04-02T10:30:12","guid":{"rendered":"https:\/\/www.puertolumbreras.es\/ayuntamiento\/?p=34997"},"modified":"2025-04-02T10:30:14","modified_gmt":"2025-04-02T10:30:14","slug":"el-xvii-encuentro-de-bandas-de-semana-santa-tendra-lugar-el-proximo-sabado-5-de-abril-en-la-avenida-pedro-garcia-rubio","status":"publish","type":"post","link":"https:\/\/www.puertolumbreras.es\/ayuntamiento\/2025\/04\/02\/el-xvii-encuentro-de-bandas-de-semana-santa-tendra-lugar-el-proximo-sabado-5-de-abril-en-la-avenida-pedro-garcia-rubio\/","title":{"rendered":"El XVII Encuentro de Bandas de Semana Santa tendr\u00e1 lugar el pr\u00f3ximo s\u00e1bado, 5 de abril, en la Avenida Pedro Garc\u00eda Rubio"},"content":{"rendered":"\n<p>En el encuentro participar\u00e1n la Agrupaci\u00f3n Musical del Sant\u00edsimo Cristo del Perd\u00f3n y los Afligidos de V\u00e9lez-Rubio, la Agrupaci\u00f3n Musical Nuestro Padre Jes\u00fas Nazareno de V\u00e9lez-Rubio y la Agrupaci\u00f3n Musical del Sant\u00edsimo Cristo de la Fe y Mar\u00eda Sant\u00edsima de la Piedad<\/p>\n\n\n\n<p>2 de abril de 2025. La concejal de Cultura del Ayuntamiento de Puerto Lumbreras, To\u00f1i Navarro, ha informado de la celebraci\u00f3n del XVII Encuentro de Bandas de Semana Santa.<\/p>\n\n\n\n<p>Navarro ha explicado que \u201cel pr\u00f3ximo s\u00e1bado, 5 de abril, celebraremos la d\u00e9cimo s\u00e9ptima edici\u00f3n del Encuentro de Banda Semana Santa de Puerto Lumbreras\u201d.<\/p>\n\n\n\n<p>\u201cEl evento comenzar\u00e1 a las 18:00 horas con un pasacalles que culminar\u00e1 con la llegada a la Avenida Pedro Garc\u00eda Rubio donde las agrupaciones participantes deleitar\u00e1n a todos los asistentes con sus marchas de Semana Santa\u201d.<\/p>\n\n\n\n<p>La edil ha especificado que \u201clas bandas que, este a\u00f1o, participan en esta d\u00e9cimo s\u00e9ptima edici\u00f3n del Encuentro son la Agrupaci\u00f3n Musical del Sant\u00edsimo Cristo del Perd\u00f3n y los Afligidos de V\u00e9lez-Rubio, la Agrupaci\u00f3n Musical Nuestro Padre Jes\u00fas Nazareno de V\u00e9lez-Rubio y la Agrupaci\u00f3n Musical del Sant\u00edsimo Cristo de la Fe y Mar\u00eda Sant\u00edsima de la Piedad de nuestro municipio\u201d.<\/p>\n\n\n\n<p>La concejal de Cultura ha querido \u201cagradecer a la Real e Ilustre Cofrad\u00eda del Sant\u00edsimo Cristo de la Fe y Mar\u00eda Sant\u00edsima de la Piedad la organizaci\u00f3n de este evento en colaboraci\u00f3n con el Ayuntamiento de Puerto Lumbreras\u201d.<\/p>\n\n\n\n<p>Por \u00faltimo, To\u00f1i Navarro ha querido \u201cinvitar a todos a disfrutar de este evento cofrade, preludio del preg\u00f3n de Semana Santa que tendr\u00e1 lugar, ese mismo d\u00eda, a las 20:00 horas y con el que estar\u00e1 todo preparada para esta semana de pasi\u00f3n\u201d.<\/p>\n","protected":false},"excerpt":{"rendered":"<p>En el encuentro participar\u00e1n la Agrupaci\u00f3n Musical del Sant\u00edsimo Cristo del Perd\u00f3n y los Afligidos de V\u00e9lez-Rubio, la Agrupaci\u00f3n Musical Nuestro Padre Jes\u00fas Nazareno de V\u00e9lez-Rubio y la Agrupaci\u00f3n Musical del Sant\u00edsimo Cristo de la Fe y Mar\u00eda Sant\u00edsima de la Piedad 2 de abril de 2025. La concejal de Cultura del Ayuntamiento de Puerto [&hellip;]<\/p>\n","protected":false},"author":2,"featured_media":34998,"comment_status":"closed","ping_status":"closed","sticky":false,"template":"","format":"standard","meta":{"footnotes":""},"categories":[2],"tags":[],"class_list":["post-34997","post","type-post","status-publish","format-standard","has-post-thumbnail","hentry","category-noticias"],"_links":{"self":[{"href":"https:\/\/www.puertolumbreras.es\/ayuntamiento\/wp-json\/wp\/v2\/posts\/34997","targetHints":{"allow":["GET"]}}],"collection":[{"href":"https:\/\/www.puertolumbreras.es\/ayuntamiento\/wp-json\/wp\/v2\/posts"}],"about":[{"href":"https:\/\/www.puertolumbreras.es\/ayuntamiento\/wp-json\/wp\/v2\/types\/post"}],"author":[{"embeddable":true,"href":"https:\/\/www.puertolumbreras.es\/ayuntamiento\/wp-json\/wp\/v2\/users\/2"}],"replies":[{"embeddable":true,"href":"https:\/\/www.puertolumbreras.es\/ayuntamiento\/wp-json\/wp\/v2\/comments?post=34997"}],"version-history":[{"count":1,"href":"https:\/\/www.puertolumbreras.es\/ayuntamiento\/wp-json\/wp\/v2\/posts\/34997\/revisions"}],"predecessor-version":[{"id":34999,"href":"https:\/\/www.puertolumbreras.es\/ayuntamiento\/wp-json\/wp\/v2\/posts\/34997\/revisions\/34999"}],"wp:featuredmedia":[{"embeddable":true,"href":"https:\/\/www.puertolumbreras.es\/ayuntamiento\/wp-json\/wp\/v2\/media\/34998"}],"wp:attachment":[{"href":"https:\/\/www.puertolumbreras.es\/ayuntamiento\/wp-json\/wp\/v2\/media?parent=34997"}],"wp:term":[{"taxonomy":"category","embeddable":true,"href":"https:\/\/www.puertolumbreras.es\/ayuntamiento\/wp-json\/wp\/v2\/categories?post=34997"},{"taxonomy":"post_tag","embeddable":true,"href":"https:\/\/www.puertolumbreras.es\/ayuntamiento\/wp-json\/wp\/v2\/tags?post=34997"}],"curies":[{"name":"wp","href":"https:\/\/api.w.org\/{rel}","templated":true}]}}