{"id":34992,"date":"2025-04-01T09:41:59","date_gmt":"2025-04-01T09:41:59","guid":{"rendered":"https:\/\/www.puertolumbreras.es\/ayuntamiento\/?p=34992"},"modified":"2025-04-01T09:42:00","modified_gmt":"2025-04-01T09:42:00","slug":"el-ayuntamiento-de-puerto-lumbreras-abre-el-plazo-de-inscripcion-para-las-escuelas-de-conciliacion-de-semana-santa","status":"publish","type":"post","link":"https:\/\/www.puertolumbreras.es\/ayuntamiento\/2025\/04\/01\/el-ayuntamiento-de-puerto-lumbreras-abre-el-plazo-de-inscripcion-para-las-escuelas-de-conciliacion-de-semana-santa\/","title":{"rendered":"El Ayuntamiento de Puerto Lumbreras abre el plazo de inscripci\u00f3n para las Escuelas de Conciliaci\u00f3n de Semana Santa"},"content":{"rendered":"\n<p><strong>Un total de 90 ni\u00f1os y ni\u00f1as lumbrerenses, de entre 3 y 12 a\u00f1os, podr\u00e1n participar en las Escuelas de Conciliaci\u00f3n que se celebrar\u00e1n en el CEIP Sagrado Coraz\u00f3n y CEIP Pur\u00edsima Concepci\u00f3n los d\u00edas 14, 15, 16 y 21 de abril<\/strong><\/p>\n\n\n\n<p><strong><u>1 de abril de 2025.<\/u><\/strong><strong> <\/strong>La concejal de Educaci\u00f3n del Ayuntamiento de Puerto Lumbreras, Juana Mar\u00eda P\u00e9rez, ha informado de la puesta en marcha de las Escuelas de Conciliaci\u00f3n de Semana Santa.<\/p>\n\n\n\n<p>P\u00e9rez ha explicado que \u201cdesde el Ayuntamiento de Puerto Lumbreras, a trav\u00e9s de la Concejal\u00eda de Educaci\u00f3n, ponemos en marcha las Escuelas de Conciliaci\u00f3n de Semana Santa, dentro del Programa Corresponsables, un servicio gratuito con el que facilitar a las familias de nuestro municipio conciliar la vida laboral con la familiar\u201d.<\/p>\n\n\n\n<p>\u201cPonemos a disposici\u00f3n de las familias lumbrerenses 90 plazas: 70 en el CEIP Sagrado Coraz\u00f3n y 20 en el CEIP Pur\u00edsima Concepci\u00f3n de El Esparragal para los d\u00edas 14, 15, 16 y 21 de abril en horario de 9:00 a 14:00 horas con posibilidad de aula matinal de 7:30 a 9:00 horas y aula vespertina de 14:00 a 15:30 horas\u201d.<\/p>\n\n\n\n<p>La edil ha indicado que \u201cel plazo de inscripci\u00f3n se abre hoy, 1 de abril, hasta el pr\u00f3ximo d\u00eda 8 a trav\u00e9s del enlace <a href=\"https:\/\/bit.ly\/4j6Kezp\" target=\"_blank\" rel=\"noreferrer noopener\">https:\/\/bit.ly\/4j6Kezp<\/a> y el 10 de abril se publicar\u00e1 en la p\u00e1gina web del Ayuntamiento de Puerto Lumbreras el listado de admitidos y la lista de espera\u201d.<\/p>\n\n\n\n<p>\u201cLos requisitos para inscribirse en las escuelas deben ser que la edad de los participantes est\u00e9 entre los 3 y 12 a\u00f1os cumplidos, estar empadronados y escolarizados en el municipio de Puerto Lumbreras y las familias en las que los dos progenitores o tutores legales est\u00e9n trabajando o form\u00e1ndose y familias monoparentales con el progenitor o tutor legal trabajando o en formaci\u00f3n durante el periodo de ejecuci\u00f3n de programa (siendo necesario justificar con la presentaci\u00f3n de la vida laboral, contrato vigente o \u00faltimo recibo de aut\u00f3nomo)\u201d.<\/p>\n\n\n\n<p>La concejal de Educaci\u00f3n ha recordado que \u201cla inscripci\u00f3n ser\u00e1 efectiva una vez enviada la documentaci\u00f3n solicitada a la cuenta de correo electr\u00f3nico <a href=\"mailto:actividadespuertolumbreras@gmail.com\">actividadespuertolumbreras@gmail.com<\/a> indicando el nombre del ni\u00f1o inscrito\u201d.<\/p>\n\n\n\n<p>\u201cDestacar que en caso de que no queden plazas disponibles en el centro solicitado, se posibilitar\u00e1 la inscripci\u00f3n de los alumnos en el centro con vacantes. Asimismo, si no se cubrieran todas las plazas de la Escuela de Conciliaci\u00f3n con familias con los progenitores o tutores legales trabajando o en formaci\u00f3n, se completar\u00e1n las plazas por riguroso orden de inscripci\u00f3n y, adem\u00e1s, una vez cubiertas todas las plazas se realizar\u00e1 una lista de espera en cada centro\u201d.<\/p>\n\n\n\n<p>Por \u00faltimo, Juana Mar\u00eda P\u00e9rez ha puesto de manifiesto que \u201cdesde el Ayuntamiento de Puerto Lumbreras trabajamos para facilitar la vida de nuestros ciudadanos, poniendo en marcha este servicio gratuito que permite conciliar la vida familiar y laboral\u201d.<\/p>\n","protected":false},"excerpt":{"rendered":"<p>Un total de 90 ni\u00f1os y ni\u00f1as lumbrerenses, de entre 3 y 12 a\u00f1os, podr\u00e1n participar en las Escuelas de Conciliaci\u00f3n que se celebrar\u00e1n en el CEIP Sagrado Coraz\u00f3n y CEIP Pur\u00edsima Concepci\u00f3n los d\u00edas 14, 15, 16 y 21 de abril 1 de abril de 2025. La concejal de Educaci\u00f3n del Ayuntamiento de Puerto [&hellip;]<\/p>\n","protected":false},"author":2,"featured_media":34993,"comment_status":"closed","ping_status":"closed","sticky":false,"template":"","format":"standard","meta":{"footnotes":""},"categories":[2],"tags":[],"class_list":["post-34992","post","type-post","status-publish","format-standard","has-post-thumbnail","hentry","category-noticias"],"_links":{"self":[{"href":"https:\/\/www.puertolumbreras.es\/ayuntamiento\/wp-json\/wp\/v2\/posts\/34992","targetHints":{"allow":["GET"]}}],"collection":[{"href":"https:\/\/www.puertolumbreras.es\/ayuntamiento\/wp-json\/wp\/v2\/posts"}],"about":[{"href":"https:\/\/www.puertolumbreras.es\/ayuntamiento\/wp-json\/wp\/v2\/types\/post"}],"author":[{"embeddable":true,"href":"https:\/\/www.puertolumbreras.es\/ayuntamiento\/wp-json\/wp\/v2\/users\/2"}],"replies":[{"embeddable":true,"href":"https:\/\/www.puertolumbreras.es\/ayuntamiento\/wp-json\/wp\/v2\/comments?post=34992"}],"version-history":[{"count":1,"href":"https:\/\/www.puertolumbreras.es\/ayuntamiento\/wp-json\/wp\/v2\/posts\/34992\/revisions"}],"predecessor-version":[{"id":34994,"href":"https:\/\/www.puertolumbreras.es\/ayuntamiento\/wp-json\/wp\/v2\/posts\/34992\/revisions\/34994"}],"wp:featuredmedia":[{"embeddable":true,"href":"https:\/\/www.puertolumbreras.es\/ayuntamiento\/wp-json\/wp\/v2\/media\/34993"}],"wp:attachment":[{"href":"https:\/\/www.puertolumbreras.es\/ayuntamiento\/wp-json\/wp\/v2\/media?parent=34992"}],"wp:term":[{"taxonomy":"category","embeddable":true,"href":"https:\/\/www.puertolumbreras.es\/ayuntamiento\/wp-json\/wp\/v2\/categories?post=34992"},{"taxonomy":"post_tag","embeddable":true,"href":"https:\/\/www.puertolumbreras.es\/ayuntamiento\/wp-json\/wp\/v2\/tags?post=34992"}],"curies":[{"name":"wp","href":"https:\/\/api.w.org\/{rel}","templated":true}]}}