{"id":34983,"date":"2025-03-31T10:59:36","date_gmt":"2025-03-31T10:59:36","guid":{"rendered":"https:\/\/www.puertolumbreras.es\/ayuntamiento\/?p=34983"},"modified":"2025-03-31T10:59:37","modified_gmt":"2025-03-31T10:59:37","slug":"mas-de-400-personas-participan-en-la-i-ruta-solidaria-con-motivo-del-dia-mundial-de-concienciacion-del-autismo-en-puerto-lumbreras","status":"publish","type":"post","link":"https:\/\/www.puertolumbreras.es\/ayuntamiento\/2025\/03\/31\/mas-de-400-personas-participan-en-la-i-ruta-solidaria-con-motivo-del-dia-mundial-de-concienciacion-del-autismo-en-puerto-lumbreras\/","title":{"rendered":"M\u00e1s de 400 personas participan en la I Ruta Solidaria con motivo del D\u00eda Mundial de Concienciaci\u00f3n del Autismo en Puerto Lumbreras"},"content":{"rendered":"\n<p><strong>La marcha recorri\u00f3 el entorno de la Rambla de Vilerda, con dos recorridos de 10 y 5 kil\u00f3metros, y finaliz\u00f3 en <\/strong><strong>las inmediaciones del centro deportivo con servicio de barra, el concierto del grupo Sugar Rock e hinchables para los m\u00e1s peque\u00f1os<\/strong><\/p>\n\n\n\n<p><strong><u>31 de marzo de 2025.<\/u><\/strong><strong> <\/strong>La alcaldesa de Puerto Lumbreras, Mar\u00eda de los \u00c1ngeles T\u00fanez, ha informado del \u00e9xito de participaci\u00f3n de la I Ruta Solidaria con motivo del D\u00eda Mundial de Concienciaci\u00f3n del Autismo en Puerto Lumbreras.<\/p>\n\n\n\n<p>T\u00fanez ha explicado que \u201cayer disfrutamos de una entra\u00f1able jornada en la que m\u00e1s de 400 personas participamos en la primera Ruta Solidaria con motivo del D\u00eda Mundial de Concienciaci\u00f3n del Autismo\u201d.<\/p>\n\n\n\n<p>\u201cUna marcha no competitiva que aun\u00f3 solidaridad y deporte y es que se celebr\u00f3 con el objetivo de dar visibilidad al autismo y, tambi\u00e9n, para conseguir financiaci\u00f3n y medios para todos los proyectos destinados a mejorar sus vidas\u201d.<\/p>\n\n\n\n<p>La Primera edil ha especificado que \u201cla marcha se inici\u00f3 en la explanada de las piscinas de verano, tras la entrega de dorsales, y sigui\u00f3 por el entorno de la Rambla de Vilerda con dos recorridos: uno de 10 kil\u00f3metros con dificultad media-baja y una ruta alternativa m\u00e1s corta de 5 kil\u00f3metros\u201d.<\/p>\n\n\n\n<p>\u201cLa ruta finaliz\u00f3 en las inmediaciones del centro deportivo y los asistentes disfrutaron de servicio de barra, el concierto del grupo Sugar Rock y diversos hinchables para los m\u00e1s peque\u00f1os\u201d.<\/p>\n\n\n\n<p>La alcaldesa ha recordado que \u201cel evento, organizado por la Asociaci\u00f3n de Personas con Discapacidad de Puerto Lumbreras en colaboraci\u00f3n con el Ayuntamiento de Puerto Lumbreras, coincide con la conmemoraci\u00f3n del D\u00eda Mundial de Concienciaci\u00f3n del Autismo que se celebra el d\u00eda 2 de abril\u201d.<\/p>\n\n\n\n<p>Por \u00faltimo, Mar\u00eda de los \u00c1ngeles T\u00fanez ha querido \u201cagradecer a todos los vecinos y vecinas que participaron ayer en esta jornada solidaria de la que toda la recaudaci\u00f3n se destina a ayudar en el d\u00eda a d\u00eda de las personas con discapacidad de nuestro municipio y, tambi\u00e9n, agradecer a las asociaciones Adica y Asteamur su encomiable labor con las personas que padecen autismo y a los efectivos de Polic\u00eda Local y el personal de Emergencias y Voluntarios de Protecci\u00f3n Civil &nbsp;que garantizaron, ayer, la seguridad durante el desarrollo del evento\u201d.<\/p>\n","protected":false},"excerpt":{"rendered":"<p>La marcha recorri\u00f3 el entorno de la Rambla de Vilerda, con dos recorridos de 10 y 5 kil\u00f3metros, y finaliz\u00f3 en las inmediaciones del centro deportivo con servicio de barra, el concierto del grupo Sugar Rock e hinchables para los m\u00e1s peque\u00f1os 31 de marzo de 2025. La alcaldesa de Puerto Lumbreras, Mar\u00eda de los [&hellip;]<\/p>\n","protected":false},"author":2,"featured_media":34984,"comment_status":"closed","ping_status":"closed","sticky":false,"template":"","format":"standard","meta":{"footnotes":""},"categories":[2],"tags":[],"class_list":["post-34983","post","type-post","status-publish","format-standard","has-post-thumbnail","hentry","category-noticias"],"_links":{"self":[{"href":"https:\/\/www.puertolumbreras.es\/ayuntamiento\/wp-json\/wp\/v2\/posts\/34983","targetHints":{"allow":["GET"]}}],"collection":[{"href":"https:\/\/www.puertolumbreras.es\/ayuntamiento\/wp-json\/wp\/v2\/posts"}],"about":[{"href":"https:\/\/www.puertolumbreras.es\/ayuntamiento\/wp-json\/wp\/v2\/types\/post"}],"author":[{"embeddable":true,"href":"https:\/\/www.puertolumbreras.es\/ayuntamiento\/wp-json\/wp\/v2\/users\/2"}],"replies":[{"embeddable":true,"href":"https:\/\/www.puertolumbreras.es\/ayuntamiento\/wp-json\/wp\/v2\/comments?post=34983"}],"version-history":[{"count":1,"href":"https:\/\/www.puertolumbreras.es\/ayuntamiento\/wp-json\/wp\/v2\/posts\/34983\/revisions"}],"predecessor-version":[{"id":34985,"href":"https:\/\/www.puertolumbreras.es\/ayuntamiento\/wp-json\/wp\/v2\/posts\/34983\/revisions\/34985"}],"wp:featuredmedia":[{"embeddable":true,"href":"https:\/\/www.puertolumbreras.es\/ayuntamiento\/wp-json\/wp\/v2\/media\/34984"}],"wp:attachment":[{"href":"https:\/\/www.puertolumbreras.es\/ayuntamiento\/wp-json\/wp\/v2\/media?parent=34983"}],"wp:term":[{"taxonomy":"category","embeddable":true,"href":"https:\/\/www.puertolumbreras.es\/ayuntamiento\/wp-json\/wp\/v2\/categories?post=34983"},{"taxonomy":"post_tag","embeddable":true,"href":"https:\/\/www.puertolumbreras.es\/ayuntamiento\/wp-json\/wp\/v2\/tags?post=34983"}],"curies":[{"name":"wp","href":"https:\/\/api.w.org\/{rel}","templated":true}]}}