{"id":34949,"date":"2025-03-26T12:13:54","date_gmt":"2025-03-26T12:13:54","guid":{"rendered":"https:\/\/www.puertolumbreras.es\/ayuntamiento\/?p=34949"},"modified":"2025-03-26T12:13:54","modified_gmt":"2025-03-26T12:13:54","slug":"el-ayuntamiento-de-puerto-lumbreras-inicia-la-renovacion-del-sistema-de-alumbrado-publico-del-barrio-de-el-frances","status":"publish","type":"post","link":"https:\/\/www.puertolumbreras.es\/ayuntamiento\/2025\/03\/26\/el-ayuntamiento-de-puerto-lumbreras-inicia-la-renovacion-del-sistema-de-alumbrado-publico-del-barrio-de-el-frances\/","title":{"rendered":"El Ayuntamiento de Puerto Lumbreras inicia la renovaci\u00f3n del sistema de alumbrado p\u00fablico del barrio de El Franc\u00e9s"},"content":{"rendered":"\n<p><strong>Las labores se han <\/strong><strong>centrado en la sustituci\u00f3n de m\u00e1s de un centenar de antiguas luminarias de luz amarilla de vapor de sodio por bombillas tipo LED de luz blanca para <\/strong><strong>mejorar la calidad lum\u00ednica y la potencia y reducir el consumo<\/strong><\/p>\n\n\n\n<p><strong><u>26 de marzo de 2025.<\/u><\/strong><strong> <\/strong>El concejal de Obras P\u00fablicas del Ayuntamiento de Puerto Lumbreras, Juan Rub\u00e9n Burrueco, ha informado del inicio de la renovaci\u00f3n del sistema de alumbrado p\u00fablico en el barrio de El Franc\u00e9s.<\/p>\n\n\n\n<p>Burrueco ha explicado que \u201cdesde el Ayuntamiento de Puerto Lumbreras, a trav\u00e9s de la Concejal\u00eda de Obras P\u00fablicas, hemos puesto en marcha los trabajos de renovaci\u00f3n del sistema de alumbrado p\u00fablico en el barrio de El Franc\u00e9s\u201d.<\/p>\n\n\n\n<p>\u201cLas labores se han centrado en la sustituci\u00f3n de antiguas luminarias de luz amarilla de vapor de sodio por bombillas tipo LED de luz blanca. Todo ello para mejorar el sistema de iluminaci\u00f3n, la calidad lum\u00ednica y la potencia y nos permita, tambi\u00e9n, un sustancial ahorro energ\u00e9tico gracias a la tecnolog\u00eda de bajo consumo\u201d.<\/p>\n\n\n\n<p>La edil ha indicado que \u201cen esta primera fase de los trabajos se han sustituido m\u00e1s de un centenar de luminarias y las labores de renovaci\u00f3n continuar\u00e1n en los pr\u00f3ximos meses y se incluyen dentro del plan que se inici\u00f3 en los diferentes barrios, pedan\u00edas y&nbsp; principales avenidas del municipio\u201d.<\/p>\n\n\n\n<p>\u201cEstos trabajos forman parte del plan de mejora de la iluminaci\u00f3n de espacios municipales que el equipo de Gobierno puso en marcha hace un a\u00f1o y que ha permitido la mejora de los sistemas lum\u00ednicos del parque Augusto Vels, de La Ca\u00f1ada, la plaza de La Constituci\u00f3n, las avenidas Orfe\u00f3n Fern\u00e1ndez Caballero, Juan Carlos I y Regi\u00f3n Murciana, las calles San Francisco y Mayor o la carretera de Almer\u00eda. Asimismo, ya se ha actuado tambi\u00e9n en el barrio de los d\u00faplex y Valdelagrana\u201d.<\/p>\n\n\n\n<p>Por \u00faltimo, Juan Rub\u00e9n Burrueco ha recordado que \u201cdesde el Ayuntamiento de Puerto Lumbreras estamos trabajando por el mantenimiento y la mejora de nuestro casco urbano y nuestras pedan\u00edas y, por ello, escuchamos y atendemos las peticiones de nuestros vecinos y vecinas, para ayudar a mejorar la vida y el bienestar de los lumbrerenses en todo lo que dependa de la gesti\u00f3n municipal\u201d.<\/p>\n","protected":false},"excerpt":{"rendered":"<p>Las labores se han centrado en la sustituci\u00f3n de m\u00e1s de un centenar de antiguas luminarias de luz amarilla de vapor de sodio por bombillas tipo LED de luz blanca para mejorar la calidad lum\u00ednica y la potencia y reducir el consumo 26 de marzo de 2025. El concejal de Obras P\u00fablicas del Ayuntamiento de [&hellip;]<\/p>\n","protected":false},"author":2,"featured_media":34950,"comment_status":"closed","ping_status":"closed","sticky":false,"template":"","format":"standard","meta":{"footnotes":""},"categories":[2],"tags":[],"class_list":["post-34949","post","type-post","status-publish","format-standard","has-post-thumbnail","hentry","category-noticias"],"_links":{"self":[{"href":"https:\/\/www.puertolumbreras.es\/ayuntamiento\/wp-json\/wp\/v2\/posts\/34949","targetHints":{"allow":["GET"]}}],"collection":[{"href":"https:\/\/www.puertolumbreras.es\/ayuntamiento\/wp-json\/wp\/v2\/posts"}],"about":[{"href":"https:\/\/www.puertolumbreras.es\/ayuntamiento\/wp-json\/wp\/v2\/types\/post"}],"author":[{"embeddable":true,"href":"https:\/\/www.puertolumbreras.es\/ayuntamiento\/wp-json\/wp\/v2\/users\/2"}],"replies":[{"embeddable":true,"href":"https:\/\/www.puertolumbreras.es\/ayuntamiento\/wp-json\/wp\/v2\/comments?post=34949"}],"version-history":[{"count":1,"href":"https:\/\/www.puertolumbreras.es\/ayuntamiento\/wp-json\/wp\/v2\/posts\/34949\/revisions"}],"predecessor-version":[{"id":34951,"href":"https:\/\/www.puertolumbreras.es\/ayuntamiento\/wp-json\/wp\/v2\/posts\/34949\/revisions\/34951"}],"wp:featuredmedia":[{"embeddable":true,"href":"https:\/\/www.puertolumbreras.es\/ayuntamiento\/wp-json\/wp\/v2\/media\/34950"}],"wp:attachment":[{"href":"https:\/\/www.puertolumbreras.es\/ayuntamiento\/wp-json\/wp\/v2\/media?parent=34949"}],"wp:term":[{"taxonomy":"category","embeddable":true,"href":"https:\/\/www.puertolumbreras.es\/ayuntamiento\/wp-json\/wp\/v2\/categories?post=34949"},{"taxonomy":"post_tag","embeddable":true,"href":"https:\/\/www.puertolumbreras.es\/ayuntamiento\/wp-json\/wp\/v2\/tags?post=34949"}],"curies":[{"name":"wp","href":"https:\/\/api.w.org\/{rel}","templated":true}]}}