{"id":34945,"date":"2025-03-25T13:18:48","date_gmt":"2025-03-25T13:18:48","guid":{"rendered":"https:\/\/www.puertolumbreras.es\/ayuntamiento\/?p=34945"},"modified":"2025-03-25T13:18:49","modified_gmt":"2025-03-25T13:18:49","slug":"una-treintena-de-actividades-componen-la-programacion-de-la-tercera-edicion-de-el-puerto-en-flor-que-se-celebrara-del-4-al-6-de-abril","status":"publish","type":"post","link":"https:\/\/www.puertolumbreras.es\/ayuntamiento\/2025\/03\/25\/una-treintena-de-actividades-componen-la-programacion-de-la-tercera-edicion-de-el-puerto-en-flor-que-se-celebrara-del-4-al-6-de-abril\/","title":{"rendered":"Una treintena de actividades componen la programaci\u00f3n de la tercera edici\u00f3n de \u2018El Puerto en flor\u2019 que se celebrar\u00e1 del 4 al 6 de abril \u00a0"},"content":{"rendered":"\n<p><strong>Conciertos, catas de vino y cerveza, concurso de escaparates, degustaci\u00f3n de caf\u00e9 asi\u00e1tico, talleres infantiles y la mejor decoraci\u00f3n floral por las principales avenidas, parques, jardines y rotondas dar\u00e1n la bienvenida a la primavera en el municipio<\/strong><\/p>\n\n\n\n<p><strong><u>25 de marzo de 2025.<\/u><\/strong><strong> <\/strong>La alcaldesa de Puerto Lumbreras, Mar\u00eda de los \u00c1ngeles T\u00fanez, ha presentado la tercera edici\u00f3n de \u2018El Puerto en Flor\u2019 junto a Eva Reverte, directora general de Competitividad y Calidad Tur\u00edstica; Jermari Reinaldos, teniente de alcalde y concejal de Comercio; Juan Gallardo, presidente de la <em>Confederaci\u00f3n de Empresarios de Puerto Lumbreras, ASEPLU; <\/em>C\u00e1ndido Morales, presidente de la <em>Asociaci\u00f3n de Profesionales de la Hosteler\u00eda de Puerto Lumbreras<\/em>, HOSTELUM; Antonio Sola, gerente de D\u00fcmmen Orange y Ana Isabel Gonz\u00e1lez, secretaria de la C\u00e1mara de Comercio de Lorca y Puerto Lumbreras.<\/p>\n\n\n\n<p>T\u00fanez ha explicado que \u201cesta ma\u00f1ana, nos desplazamos hasta el coraz\u00f3n de la empresa lumbrerense D\u00fcmmen Orange para presentar la programaci\u00f3n de la tercera edici\u00f3n de la feria \u2018El Puerto en flor\u2019 cuya inauguraci\u00f3n ser\u00e1 el pr\u00f3ximo viernes, 4 de abril, a las 12:00 horas\u201d.<\/p>\n\n\n\n<p>\u201cEste a\u00f1o, la feria del comercio y la gastronom\u00eda de Puerto Lumbreras llega cargada de novedades y un gran incremento de actividades en el programa que la conforman y que se dividir\u00e1 en dos zonas: un espacio comercial y un espacio gastron\u00f3mico y se instalar\u00e1 tambi\u00e9n un escenario, todo ello en la Avenida Pedro Garc\u00eda Rubio que estar\u00e1 &nbsp;decorada gracias a la imprescindible colaboraci\u00f3n de la empresa D\u00fcmmen Orange\u201d.<\/p>\n\n\n\n<p>La Primera edil ha destacado que \u201cel viernes 4 de abril comenzar\u00e1, a las 10:00 horas, la decoraci\u00f3n de las rotondas con esculturas florales. Este a\u00f1o, se incrementa el n\u00famero de rotondas decoradas que ser\u00e1n: la rotonda de la Independencia que la decorar\u00e1 <em>RyG Floristas<\/em>; la rotonda del antiguo Hotel Salas estar\u00e1 a cargo de <em>Guirrete Floristas<\/em>; los Jardines de Paco Rabal los decorar\u00e1n <em>Garden La Estaci\u00f3n<\/em>; la rotonda Donantes de Sangre a cargo de <em>Florister\u00eda El Puerto<\/em>; la rotonda <em>El Lir\u00f3n<\/em> decorada por <em>Una Flor en el Zapato<\/em> y la rotonda Casa del Cura que estar\u00e1 decorada por los alumnos del IES Rambla de Nogalte\u201d.<\/p>\n\n\n\n<p>\u201cAsimismo, crece tambi\u00e9n el n\u00famero de establecimientos gastron\u00f3micos participantes en esta edici\u00f3n: Arrea Food, Restaurante Lomas, La Cueva de la Sultana, Patapalo Ice Cream, Almazara San Diego, Bocadill\u00f3n, Jam\u00f3n Suprem, Carnicer\u00eda Hermanos Ponce, La Posada, Cafeter\u00eda Como dice el dicho, Bar La Estaci\u00f3n y GB Ostras y, tambi\u00e9n, de establecimientos en la zona comercial ser\u00e1n: Florister\u00eda Rosa de Saron, El armario de Nora, ACL Sistemas de ahorro y eficiencia energ\u00e9tica, C de Carolina, Jord\u00e1n, Crafts Ayala, Modas Cefe, Rayser Complementos, Juan Domingo Deportes y Mi yaya Matilde\u201d.<\/p>\n\n\n\n<p>La alcaldesa ha informado de que \u201ctodas las flores, donadas por D\u00fcmmen Orange, que ser\u00e1n utilizadas para decorar las calles de Puerto Lumbreras durante \u2018El Puerto en flor\u2019 los pr\u00f3ximos d\u00edas 4, 5 y 6 de abril, ser\u00e1n repartidas de forma gratuita entre los vecinos que as\u00ed lo deseen, el domingo, a partir de las 19:00 horas\u201d.<\/p>\n\n\n\n<p>Por su parte, la teniente de alcalde y concejal de Comercio, Jermari Reinaldos ha especificado que \u201cen el espacio comercial, de 17:00 a 19:00 horas se impartir\u00e1 un taller infantil de trabajos con resina y de 19:00 a 20:30 horas y otro para que los m\u00e1s peque\u00f1os pinten sus propias flores. Mientras, en el espacio gastron\u00f3mico, a las 17:00 horas, disfrutaremos del espect\u00e1culo de la Academia de Danza Mar\u00eda Teresa Lazareno; a las 19:30 horas se celebrar\u00e1 una cata de vino de las bodegas Juan Gil, para la cual es necesario inscripci\u00f3n previa en el tel\u00e9fono 617 569 658 y, a las 22:00 horas, comenzar\u00e1 la actuaci\u00f3n de Dj Josu Balladares\u201d.<\/p>\n\n\n\n<p>\u201cEl s\u00e1bado, 5 de abril, de 10:30 a 14:00 horas y de 16:30 a 20:30 horas, en el escenario El Remolino encontraremos el photocall con disfraces divertidos y el rinc\u00f3n del juego libre creativo donde los m\u00e1s peque\u00f1os disfrutar\u00e1n de un tres en raya gigante, jenga, ladrillos de construcci\u00f3n y, en la zona de comercio, de 10:30 a 14:00 horas, un taller infantil para pintar flores, con plazas limitadas e inscripciones a trav\u00e9s del tel\u00e9fono de Whatsapp 666 420 203; y otro de iniciaci\u00f3n a la apicultura que se celebrar\u00e1 de 12:00 a 14:00 horas y de 17:00 a 19:00 horas y de 16:30 a 20:4 horas, tambi\u00e9n podr\u00e1n disfrutar de globoflexia floral. Asimismo, a las 18:30 horas, celebraremos un encuentro de bandas de Semana Santa\u201d.<\/p>\n\n\n\n<p>La concejal de Comercio ha apuntado que \u201cdurante esta jornada, el espacio gastron\u00f3mico acoger\u00e1, a las 12:00 horas, la entrega de premios del I Concurso de balcones y terrazas de Puerto Lumbreras, as\u00ed como una cata de cervezas de Estrella Levante; a las 16:30 horas, disfrutaremos del concierto de Aires de Veleta; a las 19:30 horas, la cata de vino de Juana la loca y Felipe el Hermoso y, a partir de las 22:00 horas, la actuaci\u00f3n del DJ Pedro Feder. Para la asistencia a las catas tanto de cerveza como vino es necesario realizar una inscripci\u00f3n a trav\u00e9s del tel\u00e9fono de WhatsApp 617 569 658\u201d.<\/p>\n\n\n\n<p>\u201cEl domingo, 6 de abril, de 10:30 a 14:00 horas y de 16:30 a 20:30 horas, en el escenario El Remolino encontraremos el photocall con disfraces divertidos y el rinc\u00f3n del juego libre creativo donde los m\u00e1s peque\u00f1os disfrutar\u00e1n de un tres en raya gigante, jenga, ladrillos de construcci\u00f3n y, a las 11:00 horas, comenzar\u00e1 el espect\u00e1culo infantil \u2018Mr Blue, el rat\u00f3n aventurero\u2019. Y, en el espacio comercial, de 12:00 a 14:00 horas, se celebrar\u00e1 el taller infantil \u2018Crea tu propio drag\u00f3n\u2019 y a las 17:00 horas, el ya tradicional desfile de moda en el que participar\u00e1n los comercios de nuestro municipio\u201d.<\/p>\n\n\n\n<p>\u201cMientras, en el espacio gastron\u00f3mico, a las 12:00 horas se celebrar\u00e1 una cata de cervezas de Estrella levante; a las 13:30 horas, un Concurso de arroz de Calasparra; a las 16:30 horas, la degustaci\u00f3n del caf\u00e9 asi\u00e1tico gracias a la colaboraci\u00f3n de Caf\u00e9s Jamaica y la jornada concluir\u00e1 con dos actuaciones musicales de tardeo: a las 16:00 horas Dj Hern\u00e1n y, a las 18:00 horas, Los Kalique\u00f1os\u201d.<\/p>\n\n\n\n<p>Jermari Reinaldos ha destacado que \u201cotra de las actividades que se realizar\u00e1n durante la feria es el III Concurso de Escaparates \u2018El Puerto en flor\u2019 en el que participar\u00e1n: Grecco Moda, Modas Cefe, Crafts Ayala, Juan Domingo Deportes, Vera Icon, Rayser Complementos, Larrosa Moda, Con mis Manos Avil\u00e9s, Gondol\u00edn Beb\u00e9 y La Petite Memen. Se podr\u00e1 votar desde el 31 de marzo hasta el 5 de abril a las 16:00 horas y la entrega de premios se realizar\u00e1 el domingo, 6 de abril, a las 18:00 horas, en el espacio comercial\u201d.<\/p>\n\n\n\n<p>Por \u00faltimo, Mar\u00eda de los \u00c1ngeles T\u00fanez, ha querido \u201cinvitar a todos los lumbrerenses y ciudadanos de municipios vecinos a disfrutar de esta tercera edici\u00f3n de una feria en la que aunamos nuestros principales sectores econ\u00f3micos: la agricultura, con la flor cortada, con el comercio y la gastronom\u00eda. Y, por supuesto, agradecer el trabajo de Aseplu y Hostelum para materializar la feria y la colaboraci\u00f3n de D\u00fcmmen Orange que dona parte de sus flores para la decoraci\u00f3n y sin ellos ser\u00eda imposible la celebraci\u00f3n del evento; a la Direcci\u00f3n General de Competitividad y Calidad Tur\u00edstica; al Instituto de Turismo de la Regi\u00f3n de Murcia y su marca \u20181001 sabores Regi\u00f3n de Murcia\u2019; a la Direcci\u00f3n de Impulso al Comercio, Innovaci\u00f3n Empresarial e Industria y Oficios Artesanales y la C\u00e1mara de Comercio de Lorca y Puerto Lumbreras por su uni\u00f3n, tan importantes, para sacar esta iniciativa adelante\u201d.<\/p>\n","protected":false},"excerpt":{"rendered":"<p>Conciertos, catas de vino y cerveza, concurso de escaparates, degustaci\u00f3n de caf\u00e9 asi\u00e1tico, talleres infantiles y la mejor decoraci\u00f3n floral por las principales avenidas, parques, jardines y rotondas dar\u00e1n la bienvenida a la primavera en el municipio 25 de marzo de 2025. La alcaldesa de Puerto Lumbreras, Mar\u00eda de los \u00c1ngeles T\u00fanez, ha presentado la [&hellip;]<\/p>\n","protected":false},"author":2,"featured_media":34946,"comment_status":"closed","ping_status":"closed","sticky":false,"template":"","format":"standard","meta":{"footnotes":""},"categories":[2],"tags":[],"class_list":["post-34945","post","type-post","status-publish","format-standard","has-post-thumbnail","hentry","category-noticias"],"_links":{"self":[{"href":"https:\/\/www.puertolumbreras.es\/ayuntamiento\/wp-json\/wp\/v2\/posts\/34945","targetHints":{"allow":["GET"]}}],"collection":[{"href":"https:\/\/www.puertolumbreras.es\/ayuntamiento\/wp-json\/wp\/v2\/posts"}],"about":[{"href":"https:\/\/www.puertolumbreras.es\/ayuntamiento\/wp-json\/wp\/v2\/types\/post"}],"author":[{"embeddable":true,"href":"https:\/\/www.puertolumbreras.es\/ayuntamiento\/wp-json\/wp\/v2\/users\/2"}],"replies":[{"embeddable":true,"href":"https:\/\/www.puertolumbreras.es\/ayuntamiento\/wp-json\/wp\/v2\/comments?post=34945"}],"version-history":[{"count":1,"href":"https:\/\/www.puertolumbreras.es\/ayuntamiento\/wp-json\/wp\/v2\/posts\/34945\/revisions"}],"predecessor-version":[{"id":34947,"href":"https:\/\/www.puertolumbreras.es\/ayuntamiento\/wp-json\/wp\/v2\/posts\/34945\/revisions\/34947"}],"wp:featuredmedia":[{"embeddable":true,"href":"https:\/\/www.puertolumbreras.es\/ayuntamiento\/wp-json\/wp\/v2\/media\/34946"}],"wp:attachment":[{"href":"https:\/\/www.puertolumbreras.es\/ayuntamiento\/wp-json\/wp\/v2\/media?parent=34945"}],"wp:term":[{"taxonomy":"category","embeddable":true,"href":"https:\/\/www.puertolumbreras.es\/ayuntamiento\/wp-json\/wp\/v2\/categories?post=34945"},{"taxonomy":"post_tag","embeddable":true,"href":"https:\/\/www.puertolumbreras.es\/ayuntamiento\/wp-json\/wp\/v2\/tags?post=34945"}],"curies":[{"name":"wp","href":"https:\/\/api.w.org\/{rel}","templated":true}]}}