{"id":34808,"date":"2025-03-04T12:25:02","date_gmt":"2025-03-04T12:25:02","guid":{"rendered":"https:\/\/www.puertolumbreras.es\/ayuntamiento\/?p=34808"},"modified":"2025-03-04T12:30:53","modified_gmt":"2025-03-04T12:30:53","slug":"la-joven-bailaora-lumbrerense-noemi-ayala-sera-reconocida-con-el-galardon-mujer-relevante-de-puerto-lumbreras-con-motivo-del-dia-internacional-de-la-mujer","status":"publish","type":"post","link":"https:\/\/www.puertolumbreras.es\/ayuntamiento\/2025\/03\/04\/la-joven-bailaora-lumbrerense-noemi-ayala-sera-reconocida-con-el-galardon-mujer-relevante-de-puerto-lumbreras-con-motivo-del-dia-internacional-de-la-mujer\/","title":{"rendered":"La joven bailaora lumbrerense Noem\u00ed Ayala ser\u00e1 reconocida con el galard\u00f3n \u2018Mujer relevante de Puerto Lumbreras\u2019 con motivo del D\u00eda Internacional de la Mujer"},"content":{"rendered":"\n<p><strong>Asimismo, Roc\u00edo Ayala por \u2018Craft Ayala\u2019, Carmen Gim\u00e9nez por \u2018El Armario de Nora\u2019, Diana Henao por <\/strong><strong>Florister\u00eda \u2018Rosa de Saron\u2019<\/strong> <strong>y Ver\u00f3nica J\u00f3dar por \u2018Vera Icon\u2019 ser\u00e1n reconocidas con el premio \u2018Mujer emprendedora 2025\u2019 de Puerto Lumbreras<\/strong><strong><\/strong><\/p>\n\n\n\n<p><strong><u>4 de marzo de 2025.<\/u><\/strong><strong> <\/strong>La alcaldesa de Puerto Lumbreras, Mar\u00eda de los \u00c1ngeles T\u00fanez, y la concejal del Centro de Recursos Familiares, To\u00f1i Navarro, han anunciado las reconocidas con los galardones \u2018Mujer relevante de Puerto Lumbreras\u2019 y \u2018Mujer emprendedora de Puerto Lumbreras\u2019.<\/p>\n\n\n\n<p>T\u00fanez ha explicado que \u201cel pr\u00f3ximo viernes, 7 de marzo, con motivo de la celebraci\u00f3n del D\u00eda Internacional de la Mujer, se entregar\u00e1 el galard\u00f3n \u2018Mujer relevante de Puerto Lumbreras\u2019 y los reconocimientos a \u2018Mujer emprendedora de Puerto Lumbreras\u2019 de este a\u00f1o 2025\u201d.<\/p>\n\n\n\n<p>\u201cEste a\u00f1o, el reconocimiento \u2018Mujer relevante de Puerto Lumbreras\u2019 ha reca\u00eddo sobre la bailaora Noem\u00ed Ayala y los premios \u2018Mujer emprendedora 2025\u2019 en las empresarias Roc\u00edo Ayala, Carmen Gim\u00e9nez, Diana Cristina Henao y Ver\u00f3nica J\u00f3dar. Todas ellas ser\u00e1n galardonadas con un premio municipal que reconoce el emprendedurismo y la relevancia de las mujeres en Puerto Lumbreras\u201d.<\/p>\n\n\n\n<p>La Primera edil ha destacado que \u201cel galard\u00f3n \u2018Mujer relevante de Puerto Lumbreras\u2019 ha sido concedido a Noem\u00ed Ayala Garc\u00eda. La joven bailaora lumbrerense se ha formado en la Academia Ri\u00e1 Pit\u00e1 bajo la direcci\u00f3n de M\u00aa Carmen Mart\u00ednez con profesores como Carmen Avil\u00e9s, Mercedes Carrillo o Carmen Contreras. Durante el curso 2019\/2020 se forma en Madrid en el Centro de Arte Flamenco y Danza Espa\u00f1ola \u2018Amor de Dios\u2019 con los maestros Alfonso Losa, Pedro C\u00f3rdoba y David Paniagua. En 2020, empieza su formaci\u00f3n en el Conservatorio de Danza Reina Sof\u00eda de Granada, donde se graduar\u00e1 en los pr\u00f3ximos meses. Adem\u00e1s ha realizado diferentes masterclass con Daniel Do\u00f1a, La Lupi, Antonio Canales, Marco Flores, Ana Morales o Edu Leal\u201d.<\/p>\n\n\n\n<p>\u201cEn cuanto a proyectos, ha coprotagonizado el spot publicitario de Cruzcampo para el derbi Sevilla-Betis, ha actuado en el Estadio de F\u00fatbol Benito Villamar\u00edn y ha participado en la obra \u2018C\u00f3dex D`Amour\u2019, bajo la direcci\u00f3n de Daniel Do\u00f1a y Cristina Mart\u00edn, en el Festival Internacional de M\u00fasica y Danza de Granda, FEX\u201d.<\/p>\n\n\n\n<p>T\u00fanez Garc\u00eda ha indicado que \u201cel galard\u00f3n a \u2018Mujer emprendedora 2025\u2019, que reconoce la creaci\u00f3n de nuevos negocios en Puerto Lumbreras, este a\u00f1o recae en: Roc\u00edo Ayala Garc\u00eda por \u2018Crafts Ayala\u2019; Carmen Gim\u00e9nez Ochoa por \u2018El armario de Nora\u2019; Diana Cristina Henao Rodr\u00edguez por \u2018Florister\u00eda Rosa de Saron\u2019 y Ver\u00f3nica J\u00f3dar Guti\u00e9rrez por \u2018Vera Icon\u2019\u201d.<\/p>\n\n\n\n<p>\u201cRoc\u00edo Ayala Garc\u00eda regenta \u2018Crafts Ayala\u2019 una tienda de moda infantil, arte y&nbsp; manualidades que realiza regalos personalizados, as\u00ed como talleres creativos para ni\u00f1os, adultos y eventos. Por su parte, Carmen Gim\u00e9nez Ochoa es gerente de la tienda<strong> \u2018<\/strong>El Armario de Nora\u2019, un establecimiento especializado en la venta de ropa y accesorios infantiles para edades comprendidas entre los 0 y los 16 a\u00f1os\u201d.<\/p>\n\n\n\n<p>La alcaldesa ha destacado que \u201cDiana Cristina Henao Rodr\u00edguez es la due\u00f1a de \u2018Rosa de Saron\u2019, una florister\u00eda que realiza todo tipo de arreglos florales, decoraci\u00f3n de eventos, mesas dulces y cestas de regalo y Ver\u00f3nica J\u00f3dar Guti\u00e9rrez regenta \u2018Vera Icon\u2019, una popular tienda de moda unisex y complementos situada en la Avenida Pedro Garc\u00eda Rubio que utiliza las redes sociales como herramienta de promoci\u00f3n y presta atenci\u00f3n personalizada a trav\u00e9s de WhatsApp\u201d.<\/p>\n\n\n\n<p>\u201cEstos reconocimientos se entregar\u00e1n durante el acto institucional, organizado con motivo del D\u00eda Internacional de la Mujer por el Ayuntamiento de Puerto Lumbreras a trav\u00e9s del Centro de Recursos Familiares, que tendr\u00e1 lugar el pr\u00f3ximo viernes, 7 de marzo, a las 20:30 horas en el sal\u00f3n de actos del Centro C\u00edvico\u201d.<\/p>\n\n\n\n<p>Por \u00faltimo, Mar\u00eda de los \u00c1ngeles T\u00fanez ha querido \u201cinvitar a todos los lumbrerenses a asistir a este acto en el que reconocemos el trabajo de las mujeres de Puerto Lumbreras, su emprendedurismo y relevancia social&nbsp; coincidiendo con la celebraci\u00f3n del D\u00eda Internacional de la Mujer\u201d.<\/p>\n","protected":false},"excerpt":{"rendered":"<p>Asimismo, Roc\u00edo Ayala por \u2018Craft Ayala\u2019, Carmen Gim\u00e9nez por \u2018El Armario de Nora\u2019, Diana Henao por Florister\u00eda \u2018Rosa de Saron\u2019 y Ver\u00f3nica J\u00f3dar por \u2018Vera Icon\u2019 ser\u00e1n reconocidas con el premio \u2018Mujer emprendedora 2025\u2019 de Puerto Lumbreras 4 de marzo de 2025. La alcaldesa de Puerto Lumbreras, Mar\u00eda de los \u00c1ngeles T\u00fanez, y la concejal [&hellip;]<\/p>\n","protected":false},"author":2,"featured_media":34809,"comment_status":"closed","ping_status":"closed","sticky":false,"template":"","format":"standard","meta":{"footnotes":""},"categories":[2],"tags":[],"class_list":["post-34808","post","type-post","status-publish","format-standard","has-post-thumbnail","hentry","category-noticias"],"_links":{"self":[{"href":"https:\/\/www.puertolumbreras.es\/ayuntamiento\/wp-json\/wp\/v2\/posts\/34808","targetHints":{"allow":["GET"]}}],"collection":[{"href":"https:\/\/www.puertolumbreras.es\/ayuntamiento\/wp-json\/wp\/v2\/posts"}],"about":[{"href":"https:\/\/www.puertolumbreras.es\/ayuntamiento\/wp-json\/wp\/v2\/types\/post"}],"author":[{"embeddable":true,"href":"https:\/\/www.puertolumbreras.es\/ayuntamiento\/wp-json\/wp\/v2\/users\/2"}],"replies":[{"embeddable":true,"href":"https:\/\/www.puertolumbreras.es\/ayuntamiento\/wp-json\/wp\/v2\/comments?post=34808"}],"version-history":[{"count":2,"href":"https:\/\/www.puertolumbreras.es\/ayuntamiento\/wp-json\/wp\/v2\/posts\/34808\/revisions"}],"predecessor-version":[{"id":34811,"href":"https:\/\/www.puertolumbreras.es\/ayuntamiento\/wp-json\/wp\/v2\/posts\/34808\/revisions\/34811"}],"wp:featuredmedia":[{"embeddable":true,"href":"https:\/\/www.puertolumbreras.es\/ayuntamiento\/wp-json\/wp\/v2\/media\/34809"}],"wp:attachment":[{"href":"https:\/\/www.puertolumbreras.es\/ayuntamiento\/wp-json\/wp\/v2\/media?parent=34808"}],"wp:term":[{"taxonomy":"category","embeddable":true,"href":"https:\/\/www.puertolumbreras.es\/ayuntamiento\/wp-json\/wp\/v2\/categories?post=34808"},{"taxonomy":"post_tag","embeddable":true,"href":"https:\/\/www.puertolumbreras.es\/ayuntamiento\/wp-json\/wp\/v2\/tags?post=34808"}],"curies":[{"name":"wp","href":"https:\/\/api.w.org\/{rel}","templated":true}]}}