{"id":32688,"date":"2024-05-13T10:25:33","date_gmt":"2024-05-13T10:25:33","guid":{"rendered":"https:\/\/www.puertolumbreras.es\/ayuntamiento\/?p=32688"},"modified":"2024-05-13T10:25:34","modified_gmt":"2024-05-13T10:25:34","slug":"la-red-municipal-de-guarderias-de-puerto-lumbreras-abre-el-plazo-de-inscripcion-para-el-curso-2024-2025","status":"publish","type":"post","link":"https:\/\/www.puertolumbreras.es\/ayuntamiento\/2024\/05\/13\/la-red-municipal-de-guarderias-de-puerto-lumbreras-abre-el-plazo-de-inscripcion-para-el-curso-2024-2025\/","title":{"rendered":"La Red Municipal de Guarder\u00edas de Puerto Lumbreras abre el plazo de inscripci\u00f3n para el curso 2024\/2025"},"content":{"rendered":"\n<h2 class=\"wp-block-heading\">El plazo permanecer\u00e1 abierto hasta el pr\u00f3ximo 1 de junio y se podr\u00e1 solicitar la documentaci\u00f3n necesaria en cualquiera de los cuatro centros municipales: Escuela Infantil Ana Mar\u00eda S\u00e1nchez, Guarder\u00eda Juan L\u00f3pez, Escuela Infantil Buenaventura Romera y Guarder\u00eda de La Estaci\u00f3n Esparragal<\/h2>\n\n\n\n<p><strong><u>13 de mayo de 2024.<\/u><\/strong><strong> <\/strong>La concejal de Educaci\u00f3n del Ayuntamiento de Puerto Lumbreras, Juana Mar\u00eda P\u00e9rez, ha informado de la apertura del plazo de inscripci\u00f3n para las escuelas infantiles municipales.<\/p>\n\n\n\n<p>Juana Mar\u00eda P\u00e9rez ha explicado que \u201cdesde hoy, 13 de mayo, y hasta el pr\u00f3ximo 1 de junio permanecer\u00e1 abierto el plazo de inscripci\u00f3n en las guarder\u00edas del municipio para el curso 2024\/2025: la Escuela Infantil Ana Mar\u00eda S\u00e1nchez, la Guarder\u00eda Juan L\u00f3pez, la Escuela Infantil Buenaventura Romera y la Guarder\u00eda de La Estaci\u00f3n Esparragal\u201d.<\/p>\n\n\n\n<p>\u201cSe puede solicitar la documentaci\u00f3n necesaria para realizar el proceso de inscripci\u00f3n en cualquiera de los cuatro centros del municipio, al igual que la entrega de los mismos. Y, ante cualquier duda o consulta tambi\u00e9n se ha habilitado el tel\u00e9fono 652902257, mediante el cual se llevar\u00e1 a cabo la atenci\u00f3n a las familias que lo necesiten\u201d.<\/p>\n\n\n\n<p>La edil ha indicado que \u201cnuestra Red Municipal de Guarder\u00edas iniciar\u00e1 el curso 2024\/2025 el pr\u00f3ximo 3 de septiembre con una variada oferta de actividades gracias al proyecto \u2018Pequecultura\u2019 que permite a las madres y padres de Puerto Lumbreras la conciliaci\u00f3n de la vida familiar y laboral gracias al horario de apertura de 07:30 a 15:30 horas\u201d.<\/p>\n\n\n\n<p>\u201cLa labor de nuestras guarder\u00edas es clave pues permite que los ni\u00f1os y ni\u00f1as con edades comprendidas entre los 0 y los 3 a\u00f1os inicien un proceso educativo de calidad con un amplio cat\u00e1logo de servicios con atenci\u00f3n y asistencia especializada, con servicio de comedor escolar en todos los centros y men\u00fas elaborados por expertos nutricionistas\u201d.<\/p>\n\n\n\n<p>Por \u00faltimo, la concejal ha recordado que \u201ctodas las guarder\u00edas disponen de aulas adaptadas por edades para el aprendizaje, juego y descanso. Tambi\u00e9n cuentan con jard\u00edn de juegos, comedor, sala de usos m\u00faltiples con televisi\u00f3n y pizarra digital, aula de psicomotricidad, sala de descanso y aula de inform\u00e1tica dotada de modernos equipos inform\u00e1ticos con pantalla t\u00e1ctil\u201d.<\/p>\n","protected":false},"excerpt":{"rendered":"<p>El plazo permanecer\u00e1 abierto hasta el pr\u00f3ximo 1 de junio y se podr\u00e1 solicitar la documentaci\u00f3n necesaria en cualquiera de los cuatro centros municipales: Escuela Infantil Ana Mar\u00eda S\u00e1nchez, Guarder\u00eda Juan L\u00f3pez, Escuela Infantil Buenaventura Romera y Guarder\u00eda de La Estaci\u00f3n Esparragal 13 de mayo de 2024. La concejal de Educaci\u00f3n del Ayuntamiento de Puerto [&hellip;]<\/p>\n","protected":false},"author":2,"featured_media":32689,"comment_status":"closed","ping_status":"closed","sticky":false,"template":"","format":"standard","meta":{"footnotes":""},"categories":[2],"tags":[],"class_list":["post-32688","post","type-post","status-publish","format-standard","has-post-thumbnail","hentry","category-noticias"],"_links":{"self":[{"href":"https:\/\/www.puertolumbreras.es\/ayuntamiento\/wp-json\/wp\/v2\/posts\/32688","targetHints":{"allow":["GET"]}}],"collection":[{"href":"https:\/\/www.puertolumbreras.es\/ayuntamiento\/wp-json\/wp\/v2\/posts"}],"about":[{"href":"https:\/\/www.puertolumbreras.es\/ayuntamiento\/wp-json\/wp\/v2\/types\/post"}],"author":[{"embeddable":true,"href":"https:\/\/www.puertolumbreras.es\/ayuntamiento\/wp-json\/wp\/v2\/users\/2"}],"replies":[{"embeddable":true,"href":"https:\/\/www.puertolumbreras.es\/ayuntamiento\/wp-json\/wp\/v2\/comments?post=32688"}],"version-history":[{"count":1,"href":"https:\/\/www.puertolumbreras.es\/ayuntamiento\/wp-json\/wp\/v2\/posts\/32688\/revisions"}],"predecessor-version":[{"id":32690,"href":"https:\/\/www.puertolumbreras.es\/ayuntamiento\/wp-json\/wp\/v2\/posts\/32688\/revisions\/32690"}],"wp:featuredmedia":[{"embeddable":true,"href":"https:\/\/www.puertolumbreras.es\/ayuntamiento\/wp-json\/wp\/v2\/media\/32689"}],"wp:attachment":[{"href":"https:\/\/www.puertolumbreras.es\/ayuntamiento\/wp-json\/wp\/v2\/media?parent=32688"}],"wp:term":[{"taxonomy":"category","embeddable":true,"href":"https:\/\/www.puertolumbreras.es\/ayuntamiento\/wp-json\/wp\/v2\/categories?post=32688"},{"taxonomy":"post_tag","embeddable":true,"href":"https:\/\/www.puertolumbreras.es\/ayuntamiento\/wp-json\/wp\/v2\/tags?post=32688"}],"curies":[{"name":"wp","href":"https:\/\/api.w.org\/{rel}","templated":true}]}}