{"id":32679,"date":"2024-05-10T11:22:41","date_gmt":"2024-05-10T11:22:41","guid":{"rendered":"https:\/\/www.puertolumbreras.es\/ayuntamiento\/?p=32679"},"modified":"2024-05-10T11:22:42","modified_gmt":"2024-05-10T11:22:42","slug":"puerto-lumbreras-acogera-la-final-regional-de-campo-a-traves-en-categorias-benjamin-y-alevin-el-proximo-17-de-mayo","status":"publish","type":"post","link":"https:\/\/www.puertolumbreras.es\/ayuntamiento\/2024\/05\/10\/puerto-lumbreras-acogera-la-final-regional-de-campo-a-traves-en-categorias-benjamin-y-alevin-el-proximo-17-de-mayo\/","title":{"rendered":"Puerto Lumbreras acoger\u00e1 la final regional de Campo a trav\u00e9s en categor\u00edas benjam\u00edn y alev\u00edn el pr\u00f3ximo 17 de mayo"},"content":{"rendered":"\n<h2 class=\"wp-block-heading\">Adem\u00e1s, el 15 de mayo se celebrar\u00e1 el Cross Escolar Local para categor\u00edas benjam\u00edn, alev\u00edn e infantil. Ambas pruebas se desarrollar\u00e1n junto al Complejo Deportivo Municipal<\/h2>\n\n\n\n<p><strong><u>10 de mayo de 2024.<\/u><\/strong><strong> <\/strong>El concejal de Deportes del Ayuntamiento de Puerto Lumbreras, Antonio Jos\u00e9 L\u00f3pez, ha informado de la celebraci\u00f3n en el municipio de las pruebas de atletismo Cross Escolar Local y la final regional de Campo a trav\u00e9s.<\/p>\n\n\n\n<p>\u201cPuerto Lumbreras se posiciona como sede del deporte escolar, prueba de ello es la selecci\u00f3n de nuestro municipio como anfitriones para desarrollar la final regional de Campo a trav\u00e9s el pr\u00f3ximo viernes, 17 de mayo, as\u00ed como el Cross Escolar Local, el mi\u00e9rcoles, 15 de mayo\u201d.<\/p>\n\n\n\n<p>Antonio Jos\u00e9 L\u00f3pez ha explicado que \u201cestas pruebas, desarrolladas dentro del programa de Deporte Escolar, comenzar\u00e1n el pr\u00f3ximo mi\u00e9rcoles con el Cross Escolar Local para las categor\u00edas benjam\u00edn (nacidos en los a\u00f1os 2014 y 2015), alev\u00edn (nacidos en los a\u00f1os 2012 y 2013) e infantil (nacidos en los a\u00f1os 2010 y 2011)\u201d.<\/p>\n\n\n\n<p>\u201cLa jornada comenzar\u00e1 con recogida de dorsales entre las 10:15 y las 10:40 horas y a las 10:45 horas se iniciar\u00e1 la prueba en categor\u00eda benjam\u00edn femenino. A las 11:00 horas ser\u00e1 la prueba para la categor\u00eda benjam\u00edn masculino, siendo para ambos el mismo recorrido a realizar, una distancia total de 1.250 metros\u201d.<\/p>\n\n\n\n<p>El concejal de Deportes ha continuado indicando que \u201ca las 11:20 horas ser\u00e1 el turno para alev\u00edn femenino y a las 11:40 horas para alev\u00edn masculino, en ambas pruebas el recorrido ser\u00e1 de 2.000 metros. Asimismo, a las 12:00 y a las 12:45 horas se celebrar\u00e1n las pruebas infantil masculino e infantil femenino, respectivamente, quienes deber\u00e1n recorrer 2.000 metros de distancia\u201d.<\/p>\n\n\n\n<p>\u201cAdem\u00e1s, Puerto Lumbreras acoger\u00e1 tambi\u00e9n la final regional de Campo a trav\u00e9s el viernes, 17 de mayo, en categor\u00edas benjam\u00edn (nacidos en los a\u00f1os 2012 y 2013) y alev\u00edn (nacidos en los a\u00f1os 2014 y 2015)\u201d.<\/p>\n\n\n\n<p>El edil ha especificado que \u201ca las 10:00 horas ser\u00e1 salida de la categor\u00eda benjam\u00edn femenino y a las 10:15 horas la prueba para benjam\u00edn masculino, recorriendo en ambos casos 1.200 metros. Mientras que a las 10:30 y a las 10:50 horas, respectivamente, ser\u00e1n las pruebas alev\u00edn femenino y alev\u00edn masculino con 2.000 metros de recorrido\u201d.<\/p>\n\n\n\n<p>\u201cCada municipio podr\u00e1 participar con tres atletas individuales y, adem\u00e1s, tambi\u00e9n se competir\u00e1 por equipos: uno por categor\u00eda, modalidad y municipio. Los equipos estar\u00e1n formados por un m\u00ednimo de tres atletas y un m\u00e1ximo de cinco y habr\u00e1 una clasificaci\u00f3n individual y otra por equipos. Las puntuaciones se establecer\u00e1n adjudicando un punto al primer clasificado, dos al segundo, tres al tercero, y as\u00ed sucesivamente y en la clasificaci\u00f3n por equipos solo puntuar\u00e1n los tres atletas mejor clasificados de cada equipo\u201d.<\/p>\n\n\n\n<p>Por \u00faltimo, ha recordado que \u201cambas pruebas tendr\u00e1n lugar junto al Complejo Deportivo Municipal y en ella se dar\u00e1n cita centenares de ni\u00f1os y ni\u00f1as de nuestro municipio y de toda la Regi\u00f3n de Murcia que competir\u00e1n en una de las mejores pistas deportivas de nuestra Comunidad\u201d.<\/p>\n","protected":false},"excerpt":{"rendered":"<p>Adem\u00e1s, el 15 de mayo se celebrar\u00e1 el Cross Escolar Local para categor\u00edas benjam\u00edn, alev\u00edn e infantil. Ambas pruebas se desarrollar\u00e1n junto al Complejo Deportivo Municipal 10 de mayo de 2024. El concejal de Deportes del Ayuntamiento de Puerto Lumbreras, Antonio Jos\u00e9 L\u00f3pez, ha informado de la celebraci\u00f3n en el municipio de las pruebas de [&hellip;]<\/p>\n","protected":false},"author":2,"featured_media":32680,"comment_status":"closed","ping_status":"closed","sticky":false,"template":"","format":"standard","meta":{"footnotes":""},"categories":[2],"tags":[],"class_list":["post-32679","post","type-post","status-publish","format-standard","has-post-thumbnail","hentry","category-noticias"],"_links":{"self":[{"href":"https:\/\/www.puertolumbreras.es\/ayuntamiento\/wp-json\/wp\/v2\/posts\/32679","targetHints":{"allow":["GET"]}}],"collection":[{"href":"https:\/\/www.puertolumbreras.es\/ayuntamiento\/wp-json\/wp\/v2\/posts"}],"about":[{"href":"https:\/\/www.puertolumbreras.es\/ayuntamiento\/wp-json\/wp\/v2\/types\/post"}],"author":[{"embeddable":true,"href":"https:\/\/www.puertolumbreras.es\/ayuntamiento\/wp-json\/wp\/v2\/users\/2"}],"replies":[{"embeddable":true,"href":"https:\/\/www.puertolumbreras.es\/ayuntamiento\/wp-json\/wp\/v2\/comments?post=32679"}],"version-history":[{"count":1,"href":"https:\/\/www.puertolumbreras.es\/ayuntamiento\/wp-json\/wp\/v2\/posts\/32679\/revisions"}],"predecessor-version":[{"id":32681,"href":"https:\/\/www.puertolumbreras.es\/ayuntamiento\/wp-json\/wp\/v2\/posts\/32679\/revisions\/32681"}],"wp:featuredmedia":[{"embeddable":true,"href":"https:\/\/www.puertolumbreras.es\/ayuntamiento\/wp-json\/wp\/v2\/media\/32680"}],"wp:attachment":[{"href":"https:\/\/www.puertolumbreras.es\/ayuntamiento\/wp-json\/wp\/v2\/media?parent=32679"}],"wp:term":[{"taxonomy":"category","embeddable":true,"href":"https:\/\/www.puertolumbreras.es\/ayuntamiento\/wp-json\/wp\/v2\/categories?post=32679"},{"taxonomy":"post_tag","embeddable":true,"href":"https:\/\/www.puertolumbreras.es\/ayuntamiento\/wp-json\/wp\/v2\/tags?post=32679"}],"curies":[{"name":"wp","href":"https:\/\/api.w.org\/{rel}","templated":true}]}}