{"id":32670,"date":"2024-05-08T11:10:07","date_gmt":"2024-05-08T11:10:07","guid":{"rendered":"https:\/\/www.puertolumbreras.es\/ayuntamiento\/?p=32670"},"modified":"2024-05-08T11:10:08","modified_gmt":"2024-05-08T11:10:08","slug":"el-ayuntamiento-de-puerto-lumbreras-organiza-el-vii-concurso-de-altares-y-balcones-con-motivo-de-la-procesion-del-corpus-christi","status":"publish","type":"post","link":"https:\/\/www.puertolumbreras.es\/ayuntamiento\/2024\/05\/08\/el-ayuntamiento-de-puerto-lumbreras-organiza-el-vii-concurso-de-altares-y-balcones-con-motivo-de-la-procesion-del-corpus-christi\/","title":{"rendered":"El Ayuntamiento de Puerto Lumbreras organiza el VII Concurso de Altares y Balcones con motivo de la procesi\u00f3n del Corpus Christi"},"content":{"rendered":"\n<h2 class=\"wp-block-heading\">El objetivo es adornar las calles y alrededores del recorrido de la procesi\u00f3n que realizar\u00e1n, el 2 de junio, los ni\u00f1os y ni\u00f1as que han hecho la Comuni\u00f3n en 2024 y, los mejores, ser\u00e1n premiados<\/h2>\n\n\n\n<p><strong><u>8 de mayo de 2024.<\/u><\/strong><strong> <\/strong>La concejal de Cultura del Ayuntamiento de Puerto Lumbreras, To\u00f1i Navarro, ha informado de la celebraci\u00f3n de la s\u00e9ptima edici\u00f3n del Concurso de Altares y Balcones con motivo del Corpus Christi.<\/p>\n\n\n\n<p>To\u00f1i Navarro ha explicado que \u201cdesde la Concejal\u00eda de Cultura del Ayuntamiento de Puerto Lumbreras volvemos a organizar el ya tradicional Concurso de Altares y Balcones, y ya van siete ediciones, para celebrar la procesi\u00f3n con motivo de la festividad del Corpus Christi<\/p>\n\n\n\n<p>\u201cLa entra\u00f1able procesi\u00f3n en la que participan los ni\u00f1os y ni\u00f1as que han tomado la Comuni\u00f3n este a\u00f1o 2024 tendr\u00e1 lugar el domingo 2 de junio, a las 20:00 horas, con inicio desde la iglesia Nuestra Se\u00f1ora del Rosario y recorriendo las principales calle del casco antiguo de nuestro municipio\u201d.<\/p>\n\n\n\n<p>La edil de Cultura ha especificado que \u201cpodr\u00e1n participar todos aquellos colectivos o entidades legalmente constituidas cuya sede social se encuentre en el t\u00e9rmino municipal de Puerto Lumbreras, as\u00ed como particulares que se encuentren empadronados en el municipio y los altares y balcones deber\u00e1n estar instalados a las 19:00 horas del domingo d\u00eda 2 de junio y quedar\u00e1n expuestos al p\u00fablico hasta las 21:00 horas del mismo d\u00eda\u201d.<\/p>\n\n\n\n<p>\u201cHabr\u00e1 dos modalidades de participaci\u00f3n: altares y balcones, con la obligatoriedad de contener motivos ornamentales referentes la festividad lit\u00fargica que se celebra y que deber\u00e1n situarse en las calles o plazas del itinerario oficial de la procesi\u00f3n del Corpus (recorrido: calle San Francisco, calle Doctor Caballero, calle Francisco Tirado, calle Barranco, calle San Francisco, Rambla, calle Nuestra Se\u00f1ora del Rosario, calle Pintor L\u00f3pez Serres, calle Boquera de la Virgen, Iglesia) o en las colindantes a ellas\u201d.<\/p>\n\n\n\n<p>Navarro ha indicado que \u201cel plazo para inscribirse estar\u00e1 abierto hasta el 30 de mayo y podr\u00e1 realizarse tanto presencialmente, en la Concejal\u00eda de Cultura, Casa de los Duendes, o de forma telem\u00e1tica a trav\u00e9s del correo electr\u00f3nico:&nbsp;<a href=\"mailto:concejaliadecultura@puertolumbreras.es\">concejaliadecultura@puertolumbreras.es<\/a> y en la inscripci\u00f3n deber\u00e1 aparecer claramente identificado el emplazamiento del altar o balc\u00f3n, a fin de que sea autorizada la ocupaci\u00f3n de la v\u00eda p\u00fablica y la identificaci\u00f3n del representante del colectivo\/entidad inscrito, junto con un n\u00famero de tel\u00e9fono y un email de contacto\u201d.<\/p>\n\n\n\n<p>\u201cCabe destacar que se constituir\u00e1 un jurado, compuesto por un m\u00ednimo de tres personas que pertenezcan a asociaciones culturales del municipio y presidido por la alcaldesa, en cuya valoraci\u00f3n para la concesi\u00f3n de premios tendr\u00e1 en cuenta la calidad art\u00edstica de las instalaciones y el mantenimiento de los elementos tradicionales en el adorno de altares y balcones\u201d.<\/p>\n\n\n\n<p>La concejal de Cultura ha anunciado que \u201cel fallo del jurado se har\u00e1 p\u00fablico el mismo d\u00eda de la procesi\u00f3n exhibiendo los altares y\/o balcones premiados una acreditaci\u00f3n como ganador o ganadores y la entrega de premios se realizar\u00e1 en la misa a la Virgen del Rosario en el d\u00eda de su festividad, el 7 de octubre, habiendo tres premios para cada una de las categor\u00edas: concretamente, piezas de cer\u00e1mica artesana\u201d.<\/p>\n\n\n\n<p>Para finalizar, To\u00f1i Navarro ha recordado que \u201cel objetivo de este concurso es adornar balcones y crear altares para engalanar las calles por las que discurre la procesi\u00f3n del Corpus Christi y crear, as\u00ed, un entorno especial\u201d y ha animado \u201ca todos los vecinos y vecinas de la zona a colaborar en la procesi\u00f3n y el concurso para engalanar el itinerario de la procesi\u00f3n del Corpus de nuestro municipio\u201d.<\/p>\n\n\n\n<figure class=\"wp-block-image size-large\"><img loading=\"lazy\" decoding=\"async\" width=\"1024\" height=\"1024\" src=\"https:\/\/www.puertolumbreras.es\/ayuntamiento\/wp-content\/uploads\/2024\/05\/BASES-CONCURSO-ALTARES-CORPUS-2024_page-0002-1024x1024.jpg\" alt=\"\" class=\"wp-image-32672\" srcset=\"https:\/\/www.puertolumbreras.es\/ayuntamiento\/wp-content\/uploads\/2024\/05\/BASES-CONCURSO-ALTARES-CORPUS-2024_page-0002-1024x1024.jpg 1024w, https:\/\/www.puertolumbreras.es\/ayuntamiento\/wp-content\/uploads\/2024\/05\/BASES-CONCURSO-ALTARES-CORPUS-2024_page-0002-300x300.jpg 300w, https:\/\/www.puertolumbreras.es\/ayuntamiento\/wp-content\/uploads\/2024\/05\/BASES-CONCURSO-ALTARES-CORPUS-2024_page-0002-150x150.jpg 150w, https:\/\/www.puertolumbreras.es\/ayuntamiento\/wp-content\/uploads\/2024\/05\/BASES-CONCURSO-ALTARES-CORPUS-2024_page-0002-768x768.jpg 768w, https:\/\/www.puertolumbreras.es\/ayuntamiento\/wp-content\/uploads\/2024\/05\/BASES-CONCURSO-ALTARES-CORPUS-2024_page-0002-1536x1536.jpg 1536w, https:\/\/www.puertolumbreras.es\/ayuntamiento\/wp-content\/uploads\/2024\/05\/BASES-CONCURSO-ALTARES-CORPUS-2024_page-0002-2048x2048.jpg 2048w\" sizes=\"auto, (max-width: 1024px) 100vw, 1024px\" \/><\/figure>\n\n\n\n<figure class=\"wp-block-image size-large\"><img loading=\"lazy\" decoding=\"async\" width=\"1024\" height=\"1024\" src=\"https:\/\/www.puertolumbreras.es\/ayuntamiento\/wp-content\/uploads\/2024\/05\/BASES-CONCURSO-ALTARES-CORPUS-2024_page-0003-1024x1024.jpg\" alt=\"\" class=\"wp-image-32673\" srcset=\"https:\/\/www.puertolumbreras.es\/ayuntamiento\/wp-content\/uploads\/2024\/05\/BASES-CONCURSO-ALTARES-CORPUS-2024_page-0003-1024x1024.jpg 1024w, https:\/\/www.puertolumbreras.es\/ayuntamiento\/wp-content\/uploads\/2024\/05\/BASES-CONCURSO-ALTARES-CORPUS-2024_page-0003-300x300.jpg 300w, https:\/\/www.puertolumbreras.es\/ayuntamiento\/wp-content\/uploads\/2024\/05\/BASES-CONCURSO-ALTARES-CORPUS-2024_page-0003-150x150.jpg 150w, https:\/\/www.puertolumbreras.es\/ayuntamiento\/wp-content\/uploads\/2024\/05\/BASES-CONCURSO-ALTARES-CORPUS-2024_page-0003-768x768.jpg 768w, https:\/\/www.puertolumbreras.es\/ayuntamiento\/wp-content\/uploads\/2024\/05\/BASES-CONCURSO-ALTARES-CORPUS-2024_page-0003-1536x1536.jpg 1536w, https:\/\/www.puertolumbreras.es\/ayuntamiento\/wp-content\/uploads\/2024\/05\/BASES-CONCURSO-ALTARES-CORPUS-2024_page-0003-2048x2048.jpg 2048w\" sizes=\"auto, (max-width: 1024px) 100vw, 1024px\" \/><\/figure>\n","protected":false},"excerpt":{"rendered":"<p>El objetivo es adornar las calles y alrededores del recorrido de la procesi\u00f3n que realizar\u00e1n, el 2 de junio, los ni\u00f1os y ni\u00f1as que han hecho la Comuni\u00f3n en 2024 y, los mejores, ser\u00e1n premiados 8 de mayo de 2024. La concejal de Cultura del Ayuntamiento de Puerto Lumbreras, To\u00f1i Navarro, ha informado de la [&hellip;]<\/p>\n","protected":false},"author":2,"featured_media":32671,"comment_status":"closed","ping_status":"closed","sticky":false,"template":"","format":"standard","meta":{"footnotes":""},"categories":[2],"tags":[],"class_list":["post-32670","post","type-post","status-publish","format-standard","has-post-thumbnail","hentry","category-noticias"],"_links":{"self":[{"href":"https:\/\/www.puertolumbreras.es\/ayuntamiento\/wp-json\/wp\/v2\/posts\/32670","targetHints":{"allow":["GET"]}}],"collection":[{"href":"https:\/\/www.puertolumbreras.es\/ayuntamiento\/wp-json\/wp\/v2\/posts"}],"about":[{"href":"https:\/\/www.puertolumbreras.es\/ayuntamiento\/wp-json\/wp\/v2\/types\/post"}],"author":[{"embeddable":true,"href":"https:\/\/www.puertolumbreras.es\/ayuntamiento\/wp-json\/wp\/v2\/users\/2"}],"replies":[{"embeddable":true,"href":"https:\/\/www.puertolumbreras.es\/ayuntamiento\/wp-json\/wp\/v2\/comments?post=32670"}],"version-history":[{"count":1,"href":"https:\/\/www.puertolumbreras.es\/ayuntamiento\/wp-json\/wp\/v2\/posts\/32670\/revisions"}],"predecessor-version":[{"id":32674,"href":"https:\/\/www.puertolumbreras.es\/ayuntamiento\/wp-json\/wp\/v2\/posts\/32670\/revisions\/32674"}],"wp:featuredmedia":[{"embeddable":true,"href":"https:\/\/www.puertolumbreras.es\/ayuntamiento\/wp-json\/wp\/v2\/media\/32671"}],"wp:attachment":[{"href":"https:\/\/www.puertolumbreras.es\/ayuntamiento\/wp-json\/wp\/v2\/media?parent=32670"}],"wp:term":[{"taxonomy":"category","embeddable":true,"href":"https:\/\/www.puertolumbreras.es\/ayuntamiento\/wp-json\/wp\/v2\/categories?post=32670"},{"taxonomy":"post_tag","embeddable":true,"href":"https:\/\/www.puertolumbreras.es\/ayuntamiento\/wp-json\/wp\/v2\/tags?post=32670"}],"curies":[{"name":"wp","href":"https:\/\/api.w.org\/{rel}","templated":true}]}}