{"id":32661,"date":"2024-05-07T10:31:00","date_gmt":"2024-05-07T10:31:00","guid":{"rendered":"https:\/\/www.puertolumbreras.es\/ayuntamiento\/?p=32661"},"modified":"2024-05-07T10:31:01","modified_gmt":"2024-05-07T10:31:01","slug":"la-casa-de-los-duendes-acoge-la-exposicion-historia-del-pueblo-gitano-del-7-al-14-de-mayo","status":"publish","type":"post","link":"https:\/\/www.puertolumbreras.es\/ayuntamiento\/2024\/05\/07\/la-casa-de-los-duendes-acoge-la-exposicion-historia-del-pueblo-gitano-del-7-al-14-de-mayo\/","title":{"rendered":"La Casa de los Duendes acoge la exposici\u00f3n \u201cHistoria del Pueblo Gitano\u201d del 7 al 14 de mayo"},"content":{"rendered":"\n<h2 class=\"wp-block-heading\">La muestra se compone de una veintena de paneles explicativos que comienza con la salida de la India, en torno al a\u00f1o 1400, hasta su llegada a Murcia en 1471 y la inclusi\u00f3n en los derechos de los gitanos en la Constituci\u00f3n Espa\u00f1ola de 1978<\/h2>\n\n\n\n<p><strong><u>7 de mayo de 2024.<\/u><\/strong><strong> <\/strong>La alcaldesa de Puerto Lumbreras, Mar\u00eda \u00c1ngeles T\u00fanez, ha inaugurado la exposici\u00f3n \u201cHistoria del pueblo gitano\u201d, organizada por la Fundaci\u00f3n Secretariado Gitano.<\/p>\n\n\n\n<p>Mar\u00eda \u00c1ngeles T\u00fanez ha explicado que \u201cla Casa de los Duendes acoge, del 7 al 14 de mayo, la exposici\u00f3n \u201cHistoria del Pueblo Gitano\u201d, una oportunidad para conocer la historia y la cultura de los gitanos, llegados desde la India a Murcia\u201d.<\/p>\n\n\n\n<p>\u201cLa muestra se compone de una veintena de paneles explicativos que comienza con un recorrido sobre la l\u00ednea temporal desde su salida de la India, en torno al a\u00f1o 1400, hasta su llegada a Espa\u00f1a en 1425 y a Murcia en 1471\u201d.<\/p>\n\n\n<div class=\"wp-block-image\">\n<figure class=\"alignleft size-large is-resized\"><img loading=\"lazy\" decoding=\"async\" width=\"724\" height=\"1024\" src=\"https:\/\/www.puertolumbreras.es\/ayuntamiento\/wp-content\/uploads\/2024\/05\/CARTEL-EXPO-PUERTO-1_page-0001-724x1024.jpg\" alt=\"\" class=\"wp-image-32664\" style=\"width:463px;height:auto\" srcset=\"https:\/\/www.puertolumbreras.es\/ayuntamiento\/wp-content\/uploads\/2024\/05\/CARTEL-EXPO-PUERTO-1_page-0001-724x1024.jpg 724w, https:\/\/www.puertolumbreras.es\/ayuntamiento\/wp-content\/uploads\/2024\/05\/CARTEL-EXPO-PUERTO-1_page-0001-212x300.jpg 212w, https:\/\/www.puertolumbreras.es\/ayuntamiento\/wp-content\/uploads\/2024\/05\/CARTEL-EXPO-PUERTO-1_page-0001-768x1086.jpg 768w, https:\/\/www.puertolumbreras.es\/ayuntamiento\/wp-content\/uploads\/2024\/05\/CARTEL-EXPO-PUERTO-1_page-0001-1086x1536.jpg 1086w, https:\/\/www.puertolumbreras.es\/ayuntamiento\/wp-content\/uploads\/2024\/05\/CARTEL-EXPO-PUERTO-1_page-0001-1448x2048.jpg 1448w, https:\/\/www.puertolumbreras.es\/ayuntamiento\/wp-content\/uploads\/2024\/05\/CARTEL-EXPO-PUERTO-1_page-0001-scaled.jpg 1810w\" sizes=\"auto, (max-width: 724px) 100vw, 724px\" \/><\/figure>\n<\/div>\n\n\n<p>La alcaldesa ha indicado que \u201cadem\u00e1s, los visitantes conocer\u00e1n los principales sucesos vividos por este pueblo como la conocida como \u201cpragm\u00e1tica de los Reyes Cat\u00f3licos\u201d de 1499, la \u201cGran Redada\u201d en 1749, la \u201cpragm\u00e1tica de Carlos III\u201d en 1783, el \u201cHolocausto Gitano\u201d en 1938 y la \u201cNoche de los Gitanos\u201d en 1944\u201d.<\/p>\n\n\n\n<p>\u201cOtro de los hechos m\u00e1s destacables que se encuentran en esta exposici\u00f3n es el panel dedicado a la Constituci\u00f3n Espa\u00f1ola de 1978 y a la firma de Juan de Dios Ram\u00edrez Heredia, pol\u00edtico, activista y gitano, y uno de los principales hitos normativos para este pueblo al reconocer la igualdad de todos los espa\u00f1oles. Trat\u00e1ndose, por tanto, de la primera introducci\u00f3n en la normativa espa\u00f1ola de una garant\u00eda de convivencia y ciudadan\u00eda con todos los derechos para los gitanos\u201d.<\/p>\n\n\n\n<p>T\u00fanez ha resaltado que \u201cse trata de una exposici\u00f3n muy interesante sobre la historia del pueblo gitano, con multitud de informaci\u00f3n, desconocida para muchos, acerca del pasado de estos vecinos y vecinas y que invitamos a visitar puesto que no dejar\u00e1 indiferente a nadie\u201d.<\/p>\n\n\n\n<p>Para finalizar, ha querido agradecer \u201cla labor de la Fundaci\u00f3n Secretariado Gitano en nuestro municipio, en favor de la integraci\u00f3n y la dinamizaci\u00f3n cultural, con actividades como esta y en las que encontrar\u00e1n la colaboraci\u00f3n del Ayuntamiento de Puerto Lumbreras\u201d.<\/p>\n\n\n\n<figure class=\"wp-block-image size-large\"><img loading=\"lazy\" decoding=\"async\" width=\"1024\" height=\"768\" src=\"https:\/\/www.puertolumbreras.es\/ayuntamiento\/wp-content\/uploads\/2024\/05\/WhatsApp-Image-2024-05-07-at-12.25.03-1024x768.jpeg\" alt=\"\" class=\"wp-image-32663\" srcset=\"https:\/\/www.puertolumbreras.es\/ayuntamiento\/wp-content\/uploads\/2024\/05\/WhatsApp-Image-2024-05-07-at-12.25.03-1024x768.jpeg 1024w, https:\/\/www.puertolumbreras.es\/ayuntamiento\/wp-content\/uploads\/2024\/05\/WhatsApp-Image-2024-05-07-at-12.25.03-300x225.jpeg 300w, https:\/\/www.puertolumbreras.es\/ayuntamiento\/wp-content\/uploads\/2024\/05\/WhatsApp-Image-2024-05-07-at-12.25.03-768x576.jpeg 768w, https:\/\/www.puertolumbreras.es\/ayuntamiento\/wp-content\/uploads\/2024\/05\/WhatsApp-Image-2024-05-07-at-12.25.03-1536x1152.jpeg 1536w, https:\/\/www.puertolumbreras.es\/ayuntamiento\/wp-content\/uploads\/2024\/05\/WhatsApp-Image-2024-05-07-at-12.25.03-2048x1536.jpeg 2048w\" sizes=\"auto, (max-width: 1024px) 100vw, 1024px\" \/><\/figure>\n","protected":false},"excerpt":{"rendered":"<p>La muestra se compone de una veintena de paneles explicativos que comienza con la salida de la India, en torno al a\u00f1o 1400, hasta su llegada a Murcia en 1471 y la inclusi\u00f3n en los derechos de los gitanos en la Constituci\u00f3n Espa\u00f1ola de 1978 7 de mayo de 2024. La alcaldesa de Puerto Lumbreras, [&hellip;]<\/p>\n","protected":false},"author":2,"featured_media":32662,"comment_status":"closed","ping_status":"closed","sticky":false,"template":"","format":"standard","meta":{"footnotes":""},"categories":[2],"tags":[],"class_list":["post-32661","post","type-post","status-publish","format-standard","has-post-thumbnail","hentry","category-noticias"],"_links":{"self":[{"href":"https:\/\/www.puertolumbreras.es\/ayuntamiento\/wp-json\/wp\/v2\/posts\/32661","targetHints":{"allow":["GET"]}}],"collection":[{"href":"https:\/\/www.puertolumbreras.es\/ayuntamiento\/wp-json\/wp\/v2\/posts"}],"about":[{"href":"https:\/\/www.puertolumbreras.es\/ayuntamiento\/wp-json\/wp\/v2\/types\/post"}],"author":[{"embeddable":true,"href":"https:\/\/www.puertolumbreras.es\/ayuntamiento\/wp-json\/wp\/v2\/users\/2"}],"replies":[{"embeddable":true,"href":"https:\/\/www.puertolumbreras.es\/ayuntamiento\/wp-json\/wp\/v2\/comments?post=32661"}],"version-history":[{"count":1,"href":"https:\/\/www.puertolumbreras.es\/ayuntamiento\/wp-json\/wp\/v2\/posts\/32661\/revisions"}],"predecessor-version":[{"id":32665,"href":"https:\/\/www.puertolumbreras.es\/ayuntamiento\/wp-json\/wp\/v2\/posts\/32661\/revisions\/32665"}],"wp:featuredmedia":[{"embeddable":true,"href":"https:\/\/www.puertolumbreras.es\/ayuntamiento\/wp-json\/wp\/v2\/media\/32662"}],"wp:attachment":[{"href":"https:\/\/www.puertolumbreras.es\/ayuntamiento\/wp-json\/wp\/v2\/media?parent=32661"}],"wp:term":[{"taxonomy":"category","embeddable":true,"href":"https:\/\/www.puertolumbreras.es\/ayuntamiento\/wp-json\/wp\/v2\/categories?post=32661"},{"taxonomy":"post_tag","embeddable":true,"href":"https:\/\/www.puertolumbreras.es\/ayuntamiento\/wp-json\/wp\/v2\/tags?post=32661"}],"curies":[{"name":"wp","href":"https:\/\/api.w.org\/{rel}","templated":true}]}}