{"id":32637,"date":"2024-05-02T12:03:56","date_gmt":"2024-05-02T12:03:56","guid":{"rendered":"https:\/\/www.puertolumbreras.es\/ayuntamiento\/?p=32637"},"modified":"2024-05-02T12:03:57","modified_gmt":"2024-05-02T12:03:57","slug":"el-ayuntamiento-de-puerto-lumbreras-inicia-los-trabajos-de-ampliacion-del-cementerio-de-san-damian","status":"publish","type":"post","link":"https:\/\/www.puertolumbreras.es\/ayuntamiento\/2024\/05\/02\/el-ayuntamiento-de-puerto-lumbreras-inicia-los-trabajos-de-ampliacion-del-cementerio-de-san-damian\/","title":{"rendered":"El Ayuntamiento de Puerto Lumbreras inicia los trabajos de ampliaci\u00f3n del Cementerio de San Dami\u00e1n"},"content":{"rendered":"\n<h2 class=\"wp-block-heading\">Las labores de ampliaci\u00f3n y mejora incluyen la construcci\u00f3n de 30 nuevos nichos en la instalaci\u00f3n con una inversi\u00f3n municipal que supera los 30.000 euros<\/h2>\n\n\n\n<p><strong><u>2 de mayo de 2024.<\/u><\/strong>&nbsp;La alcaldesa de Puerto Lumbreras, Mar\u00eda \u00c1ngeles T\u00fanez, la concejal de Espacios P\u00fablicos, Cristina Herrero, y el concejal de Obras, Juan Rub\u00e9n Burrueco, han visitado el cementerio de San Dami\u00e1n.<\/p>\n\n\n\n<p>Mar\u00eda \u00c1ngeles T\u00fanez ha explicado que \u201cesta ma\u00f1ana, nos hemos desplazado hasta el Cementerio de San Dami\u00e1n para supervisar el inicio de los trabajos de ampliaci\u00f3n del camposanto que hemos iniciado desde el Ayuntamiento de Puerto Lumbreras\u201d.<\/p>\n\n\n\n<p>La Primer edil ha detallado que \u201cestos trabajos de ampliaci\u00f3n de nuestro camposanto incluyen la construcci\u00f3n de 30 nuevos nichos en la instalaci\u00f3n con una inversi\u00f3n municipal que supera los 30.000 euros\u201d.<\/p>\n\n\n\n<p>\u201cAsimismo, a las labores de ampliaci\u00f3n se les unen tambi\u00e9n diversas actuaciones de mejora y acondicionamiento para hacer que este espacio municipal se conserve en las mejores condiciones pues, es evidente, que es un espacio de recogimiento, dedicado a nuestros seres queridos\u201d.<\/p>\n\n\n\n<p>T\u00fanez ha destacado que \u201cla ampliaci\u00f3n de nuestro Cementerio es una imperante necesidad que ten\u00eda nuestro pueblo, y un compromiso de este equipo de Gobierno, que se hacemos realidad gracias a la aprobaci\u00f3n de los Presupuestos Municipales para 2024\u201d.<\/p>\n\n\n\n<p>Adem\u00e1s, ha adelantado que \u00aben los pr\u00f3ximos meses se iniciar\u00e1 una nueva fase de construcci\u00f3n de ni\u00f1os, una vez aprobados definitivamente los Presupuestos Municipales de 2024, por un importe cercano a 50.000 euros\u00bb.<\/p>\n\n\n\n<p>Por \u00faltimo, la alcaldesa ha recordado que \u201ctodos estos trabajos se unen a los realizados el pasado mes de octubre cuando, adem\u00e1s de la creaci\u00f3n de otra treintena de nichos, se llev\u00f3 a cabo una bater\u00eda de actuaciones de mejora que incluyeron trabajos de jardiner\u00eda, limpieza, alba\u00f1iler\u00eda, pintura e iluminaci\u00f3n\u201d.<\/p>\n","protected":false},"excerpt":{"rendered":"<p>Las labores de ampliaci\u00f3n y mejora incluyen la construcci\u00f3n de 30 nuevos nichos en la instalaci\u00f3n con una inversi\u00f3n municipal que supera los 30.000 euros 2 de mayo de 2024.&nbsp;La alcaldesa de Puerto Lumbreras, Mar\u00eda \u00c1ngeles T\u00fanez, la concejal de Espacios P\u00fablicos, Cristina Herrero, y el concejal de Obras, Juan Rub\u00e9n Burrueco, han visitado el [&hellip;]<\/p>\n","protected":false},"author":2,"featured_media":32640,"comment_status":"closed","ping_status":"closed","sticky":false,"template":"","format":"standard","meta":{"footnotes":""},"categories":[2],"tags":[],"class_list":["post-32637","post","type-post","status-publish","format-standard","has-post-thumbnail","hentry","category-noticias"],"_links":{"self":[{"href":"https:\/\/www.puertolumbreras.es\/ayuntamiento\/wp-json\/wp\/v2\/posts\/32637","targetHints":{"allow":["GET"]}}],"collection":[{"href":"https:\/\/www.puertolumbreras.es\/ayuntamiento\/wp-json\/wp\/v2\/posts"}],"about":[{"href":"https:\/\/www.puertolumbreras.es\/ayuntamiento\/wp-json\/wp\/v2\/types\/post"}],"author":[{"embeddable":true,"href":"https:\/\/www.puertolumbreras.es\/ayuntamiento\/wp-json\/wp\/v2\/users\/2"}],"replies":[{"embeddable":true,"href":"https:\/\/www.puertolumbreras.es\/ayuntamiento\/wp-json\/wp\/v2\/comments?post=32637"}],"version-history":[{"count":1,"href":"https:\/\/www.puertolumbreras.es\/ayuntamiento\/wp-json\/wp\/v2\/posts\/32637\/revisions"}],"predecessor-version":[{"id":32641,"href":"https:\/\/www.puertolumbreras.es\/ayuntamiento\/wp-json\/wp\/v2\/posts\/32637\/revisions\/32641"}],"wp:featuredmedia":[{"embeddable":true,"href":"https:\/\/www.puertolumbreras.es\/ayuntamiento\/wp-json\/wp\/v2\/media\/32640"}],"wp:attachment":[{"href":"https:\/\/www.puertolumbreras.es\/ayuntamiento\/wp-json\/wp\/v2\/media?parent=32637"}],"wp:term":[{"taxonomy":"category","embeddable":true,"href":"https:\/\/www.puertolumbreras.es\/ayuntamiento\/wp-json\/wp\/v2\/categories?post=32637"},{"taxonomy":"post_tag","embeddable":true,"href":"https:\/\/www.puertolumbreras.es\/ayuntamiento\/wp-json\/wp\/v2\/tags?post=32637"}],"curies":[{"name":"wp","href":"https:\/\/api.w.org\/{rel}","templated":true}]}}