{"id":32456,"date":"2024-04-12T11:47:43","date_gmt":"2024-04-12T11:47:43","guid":{"rendered":"https:\/\/www.puertolumbreras.es\/ayuntamiento\/?p=32456"},"modified":"2024-04-12T11:47:44","modified_gmt":"2024-04-12T11:47:44","slug":"puerto-lumbreras-se-manifiesta-en-contra-de-la-instalacion-de-una-macro-planta-fotovoltaica-en-superficie-de-regadio","status":"publish","type":"post","link":"https:\/\/www.puertolumbreras.es\/ayuntamiento\/2024\/04\/12\/puerto-lumbreras-se-manifiesta-en-contra-de-la-instalacion-de-una-macro-planta-fotovoltaica-en-superficie-de-regadio\/","title":{"rendered":"Puerto Lumbreras se manifiesta en contra de la instalaci\u00f3n de una macro planta fotovoltaica en superficie de regad\u00edo"},"content":{"rendered":"\n<h2 class=\"wp-block-heading\">Cerca de mil personas y doscientos veh\u00edculos se han concentrado para rechazar el macro proyecto de placas fotovoltaicas que acabar\u00e1 con 5,5 millones de metros cuadrados de superficie de regad\u00edo, m\u00e1s de 1.000 campos de f\u00fatbol<\/h2>\n\n\n\n<p><strong><u>12 de abril de 2024.<\/u><\/strong><strong> <\/strong>La alcaldesa de Puerto Lumbreras, Mar\u00eda \u00c1ngeles T\u00fanez, ha asistido, esta ma\u00f1ana, a la manifestaci\u00f3n en defensa del regad\u00edo y el inter\u00e9s general de Puerto Adentro junto al vicepresidente de la Regi\u00f3n de Murcia, Jos\u00e9 \u00c1ngel Antelo; &nbsp;el senador, Antonio Luengo; los portavoces de todos los grupos municipales con representaci\u00f3n en el Consistorio, Jer\u00f3nima Mar\u00eda Reinaldos por VOX y Mar\u00eda Rosa Garc\u00eda por PSOE, y toda la Corporaci\u00f3n Municipal.<\/p>\n\n\n\n<p>\u201cTenemos el deber de defender los intereses de todos los vecinos y vecinas de Puerto Lumbreras y, por ello, junto a la Comunidad de Regantes nos manifestamos en defensa del regad\u00edo y el inter\u00e9s general de Puerto Adentro, rechazando de manera rotunda la instalaci\u00f3n de un macro proyecto de instalaciones fotovoltaica en una superficie de regad\u00edo\u201d, ha indicado la alcaldesa.<\/p>\n\n\n\n<p>\u201cCerca de mil personas y doscientos veh\u00edculos nos hemos concentrados para decir alto y claro que Puerto Lumbreras no se vende y Puerto Lumbreras dice no a las plantas fotovoltaicas instaladas en regad\u00edo. Por supuesto que no estamos en contra de las energ\u00edas renovables, de lo que estamos en contra es de que se instalen en superficie dedicada al cultivo de regad\u00edo y nuestra propuesta es simple, que se instalen en superficie de secano\u201d.<\/p>\n\n\n\n<p>Mar\u00eda \u00c1ngeles T\u00fanez ha informado de que \u201cPuerto Lumbreras es un municipio principalmente agr\u00edcola y ganadero donde m\u00e1s de un 70 por ciento de la poblaci\u00f3n activa se dedica al sector primario y precisamente hace varios d\u00edas conoc\u00edamos la tasa de desempleo del municipio, un municipio con la menor tasa de paro de la Regi\u00f3n de Murcia, un 7 por ciento, y es gran parte a todas nuestras empresas dedicadas al sector primario.<\/p>\n\n\n\n<p>\u201cLa instalaci\u00f3n de esta planta donde est\u00e1 proyectada destrozar\u00eda el per\u00edmetro regable de la Comunidad Regantes, un per\u00edmetro que ya ha recibido una subvenci\u00f3n para la modernizaci\u00f3n de los sistemas de riego y que est\u00e1 declarada de inter\u00e9s p\u00fablico por el Estado. Por lo tanto, estamos ante un proyecto inaceptable en la superficie donde quiere realizarse y vamos a seguir luchando juntos para que esta planta fotovoltaica no se instale en regad\u00edo ya que es el principal motor de econ\u00f3mico de nuestro municipio\u201d.<\/p>\n\n\n\n<p>La alcaldesa ha especificado que \u201cen nuestro municipio, la superficie de regad\u00edo es solo una peque\u00f1a parte, ya que la mayor parte de extensi\u00f3n corresponde a terreno de secano y zonas no cultivables con lo que no podemos permitir perder los m\u00e1s de 5,5 millones de metros cuadrados a los que afectar\u00e1 esta macro instalaci\u00f3n fotovoltaica\u201d.<\/p>\n\n\n\n<p>\u201cEs inconcebible que se permita perder un terreno de regad\u00edo equivalente a m\u00e1s de 1.000 campos de f\u00fatbol, que afectar\u00e1 a m\u00e1s de 10 millones de metros cuadrados y que, adem\u00e1s, supondr\u00e1 que las viviendas all\u00ed localizadas est\u00e9n rodeadas de placas solares gigantes y una l\u00ednea de alta tensi\u00f3n de m\u00e1s de 19 kil\u00f3metros de longitud\u201d.<\/p>\n\n\n\n<p>T\u00fanez ha explicado \u201clos 28 m\u00f3dulos que pretenden instalar en nuestro municipio arrasar\u00e1n con todo Puerto Adentro: campos en plena producci\u00f3n con m\u00e1s del 50 por ciento del terreno de regad\u00edo ya modernizado y yacimientos arqueol\u00f3gicos, sin olvidar la inmensa afecci\u00f3n ambiental y su incompatibilidad con un desarrollo rural sostenible\u201d.<\/p>\n\n\n\n<p>Mar\u00eda \u00c1ngeles T\u00fanez ha insistido en que \u201cdesde el Ayuntamiento de Puerto Lumbreras lucharemos siempre por el bienestar de nuestros vecinos y vecinas, defenderemos las necesidades de nuestros agricultores y ganaderos, del sustento econ\u00f3mico de miles de familias de nuestro pueblo y, por eso, no&nbsp; podemos consentir la instalaci\u00f3n de esta macro planta fotovoltaica que acabar\u00e1 con los recursos de tanta gente de Puerto Lumbreras\u201d.<\/p>\n\n\n\n<p>Por \u00faltimo, ha querido tambi\u00e9n agradecer \u201cel apoyo mostrado por Puerto Lumbreras y muchos ciudadanos y ciudadanas de municipios vecinos que han querido acompa\u00f1arnos en esta jornada reivindicativa en defensa del regad\u00edo, promovida por la Comunidad de Regantes de Puerto Lumbreras, en contra de que la planta fotovoltaica se instale en terrenos de regad\u00edo\u201d.<\/p>\n","protected":false},"excerpt":{"rendered":"<p>Cerca de mil personas y doscientos veh\u00edculos se han concentrado para rechazar el macro proyecto de placas fotovoltaicas que acabar\u00e1 con 5,5 millones de metros cuadrados de superficie de regad\u00edo, m\u00e1s de 1.000 campos de f\u00fatbol 12 de abril de 2024. La alcaldesa de Puerto Lumbreras, Mar\u00eda \u00c1ngeles T\u00fanez, ha asistido, esta ma\u00f1ana, a la [&hellip;]<\/p>\n","protected":false},"author":2,"featured_media":32457,"comment_status":"closed","ping_status":"closed","sticky":false,"template":"","format":"standard","meta":{"footnotes":""},"categories":[2],"tags":[],"class_list":["post-32456","post","type-post","status-publish","format-standard","has-post-thumbnail","hentry","category-noticias"],"_links":{"self":[{"href":"https:\/\/www.puertolumbreras.es\/ayuntamiento\/wp-json\/wp\/v2\/posts\/32456","targetHints":{"allow":["GET"]}}],"collection":[{"href":"https:\/\/www.puertolumbreras.es\/ayuntamiento\/wp-json\/wp\/v2\/posts"}],"about":[{"href":"https:\/\/www.puertolumbreras.es\/ayuntamiento\/wp-json\/wp\/v2\/types\/post"}],"author":[{"embeddable":true,"href":"https:\/\/www.puertolumbreras.es\/ayuntamiento\/wp-json\/wp\/v2\/users\/2"}],"replies":[{"embeddable":true,"href":"https:\/\/www.puertolumbreras.es\/ayuntamiento\/wp-json\/wp\/v2\/comments?post=32456"}],"version-history":[{"count":1,"href":"https:\/\/www.puertolumbreras.es\/ayuntamiento\/wp-json\/wp\/v2\/posts\/32456\/revisions"}],"predecessor-version":[{"id":32458,"href":"https:\/\/www.puertolumbreras.es\/ayuntamiento\/wp-json\/wp\/v2\/posts\/32456\/revisions\/32458"}],"wp:featuredmedia":[{"embeddable":true,"href":"https:\/\/www.puertolumbreras.es\/ayuntamiento\/wp-json\/wp\/v2\/media\/32457"}],"wp:attachment":[{"href":"https:\/\/www.puertolumbreras.es\/ayuntamiento\/wp-json\/wp\/v2\/media?parent=32456"}],"wp:term":[{"taxonomy":"category","embeddable":true,"href":"https:\/\/www.puertolumbreras.es\/ayuntamiento\/wp-json\/wp\/v2\/categories?post=32456"},{"taxonomy":"post_tag","embeddable":true,"href":"https:\/\/www.puertolumbreras.es\/ayuntamiento\/wp-json\/wp\/v2\/tags?post=32456"}],"curies":[{"name":"wp","href":"https:\/\/api.w.org\/{rel}","templated":true}]}}