{"id":30645,"date":"2023-08-03T08:07:30","date_gmt":"2023-08-03T08:07:30","guid":{"rendered":"https:\/\/www.puertolumbreras.es\/ayuntamiento\/?p=30645"},"modified":"2023-08-04T11:38:00","modified_gmt":"2023-08-04T11:38:00","slug":"lumbrerenses-y-visitantes-volveran-a-disfrutar-de-la-lluvia-de-estrellas-en-el-cabezo-de-la-jara-el-proximo-12-de-agosto","status":"publish","type":"post","link":"https:\/\/www.puertolumbreras.es\/ayuntamiento\/2023\/08\/03\/lumbrerenses-y-visitantes-volveran-a-disfrutar-de-la-lluvia-de-estrellas-en-el-cabezo-de-la-jara-el-proximo-12-de-agosto\/","title":{"rendered":"Lumbrerenses y visitantes volver\u00e1n a disfrutar de la \u2018Lluvia de Estrellas\u2019 en el Cabezo de la Jara el pr\u00f3ximo 12 de agosto"},"content":{"rendered":"\n<h1 class=\"wp-block-heading\">Lumbrerenses y visitantes volver\u00e1n a disfrutar de la \u2018Lluvia de Estrellas\u2019 en el Cabezo de la Jara el pr\u00f3ximo 12 de agosto<\/h1>\n\n\n\n<p><strong>De nuevo, miembros de la Agrupaci\u00f3n Astron\u00f3mica de la Regi\u00f3n de Murcia impartir\u00e1n durante el desarrollo de la actividad charlas sobre astronom\u00eda en las que explicar\u00e1n a los asistentes este fen\u00f3meno astral<\/strong><\/p>\n\n\n\n<p><strong><u>3 de agosto de 2023.<\/u><\/strong> La concejala de Turismo, To\u00f1i Navarro, ha informado de una jornada especial y ya tradicional con diferentes actividades para contemplar \u2018Las l\u00e1grimas de San Lorenzo\u2019, o \u2018Lluvia de estrellas\u2019 que tendr\u00e1 lugar en la explanada del albergue juvenil Cabezo de la Jara el pr\u00f3ximo s\u00e1bado, 12 de agosto.<\/p>\n\n\n\n<p>La edil ha manifestado que \u201cdesde el a\u00f1o 2005 se viene realizando en Puerto Lumbreras una programaci\u00f3n Cultural en los meses de junio, julio y agosto con el objetivo de fomentar la actividad social, tur\u00edstica, comercial y econ\u00f3mica del municipio. Una vez m\u00e1s, volvemos a llevar a cabo este evento totalmente gratuito que comenzar\u00e1 a las 22:00 horas con una presentaci\u00f3n y proyecci\u00f3n de perseidas, a cargo de miembros de la Agrupaci\u00f3n Astron\u00f3mica de la Regi\u00f3n de Murcia que explicar\u00e1n este fen\u00f3meno astral. Se continuar\u00e1 con la observaci\u00f3n de J\u00fapiter, Saturno y de la Luna desde los telescopios instalados en la explanada del Albergue Juvenil. A partir de las 23:00 horas se podr\u00e1n observar las perseidas a cielo abierto y a las 00:00 horas se realizar\u00e1 observaci\u00f3n libre, para lo que se recomienda llevar tumbona o saco de dormir, adem\u00e1s de algo de comida y bebida\u201d.<\/p>\n\n\n\n<p>\u201cEste visionado especial al cielo incluye la visita a las instalaciones del Observatorio Astron\u00f3mico del Cabezo de la Jara. Las personas interesadas en asistir a esta actividad pueden informarse en los tel\u00e9fonos 968 43 61 53 y 652 90 22 68 o a trav\u00e9s del correo electr\u00f3nico de la Oficina de Turismo (oficinadeturismo@puertolumbreras.es) o la web&nbsp;<a href=\"http:\/\/www.turismopuertolumbreras.es\/\" target=\"_blank\" rel=\"noreferrer noopener\">www.turismopuertolumbreras.es<\/a>&nbsp;y&nbsp;<a href=\"http:\/\/www.murciaturistica.es\/\" target=\"_blank\" rel=\"noreferrer noopener\">www.murciaturistica.es<\/a>\u201d, ha indicado Navarro<\/p>\n\n\n\n<p>Por su parte, ha destacado que \u201ces una alternativa de ocio diferente para las noches de verano, dirigida a todos los p\u00fablicos y para disfrutar en familia, al tiempo que se pueden aprender nociones b\u00e1sicas sobre astronom\u00eda\u201d. Adem\u00e1s, ha continuado explicando que \u201ccada a\u00f1o aumenta el n\u00famero de participantes en esta actividad que ya se ha convertido en una cita obligada para muchos lumbrerenses y para aficionados a la astronom\u00eda que vienen desde diferentes puntos de la Regi\u00f3n\u201d.<\/p>\n\n\n\n<figure class=\"wp-block-gallery has-nested-images columns-default is-cropped wp-block-gallery-1 is-layout-flex wp-block-gallery-is-layout-flex\">\n<figure class=\"wp-block-image size-large\"><img loading=\"lazy\" decoding=\"async\" width=\"1024\" height=\"768\" data-id=\"30646\" src=\"https:\/\/www.puertolumbreras.es\/ayuntamiento\/wp-content\/uploads\/2023\/08\/ARCHIVO-LAGRIMAS-SAN-LORENZO-PUERTO-LUMBRERAS-2022-2.jpg\" alt=\"\" class=\"wp-image-30646\" srcset=\"https:\/\/www.puertolumbreras.es\/ayuntamiento\/wp-content\/uploads\/2023\/08\/ARCHIVO-LAGRIMAS-SAN-LORENZO-PUERTO-LUMBRERAS-2022-2.jpg 1024w, https:\/\/www.puertolumbreras.es\/ayuntamiento\/wp-content\/uploads\/2023\/08\/ARCHIVO-LAGRIMAS-SAN-LORENZO-PUERTO-LUMBRERAS-2022-2-300x225.jpg 300w, https:\/\/www.puertolumbreras.es\/ayuntamiento\/wp-content\/uploads\/2023\/08\/ARCHIVO-LAGRIMAS-SAN-LORENZO-PUERTO-LUMBRERAS-2022-2-768x576.jpg 768w\" sizes=\"auto, (max-width: 1024px) 100vw, 1024px\" \/><\/figure>\n\n\n\n<figure class=\"wp-block-image size-large\"><img loading=\"lazy\" decoding=\"async\" width=\"1024\" height=\"686\" data-id=\"30648\" src=\"https:\/\/www.puertolumbreras.es\/ayuntamiento\/wp-content\/uploads\/2023\/08\/ARCHIVO-LAGRIMAS-SAN-LORENZO-PUERTO-LUMBRERAS-2022-3-1024x686.jpg\" alt=\"\" class=\"wp-image-30648\" srcset=\"https:\/\/www.puertolumbreras.es\/ayuntamiento\/wp-content\/uploads\/2023\/08\/ARCHIVO-LAGRIMAS-SAN-LORENZO-PUERTO-LUMBRERAS-2022-3-1024x686.jpg 1024w, https:\/\/www.puertolumbreras.es\/ayuntamiento\/wp-content\/uploads\/2023\/08\/ARCHIVO-LAGRIMAS-SAN-LORENZO-PUERTO-LUMBRERAS-2022-3-300x201.jpg 300w, https:\/\/www.puertolumbreras.es\/ayuntamiento\/wp-content\/uploads\/2023\/08\/ARCHIVO-LAGRIMAS-SAN-LORENZO-PUERTO-LUMBRERAS-2022-3-768x514.jpg 768w, https:\/\/www.puertolumbreras.es\/ayuntamiento\/wp-content\/uploads\/2023\/08\/ARCHIVO-LAGRIMAS-SAN-LORENZO-PUERTO-LUMBRERAS-2022-3-1536x1028.jpg 1536w, https:\/\/www.puertolumbreras.es\/ayuntamiento\/wp-content\/uploads\/2023\/08\/ARCHIVO-LAGRIMAS-SAN-LORENZO-PUERTO-LUMBRERAS-2022-3.jpg 2048w\" sizes=\"auto, (max-width: 1024px) 100vw, 1024px\" \/><\/figure>\n\n\n\n<figure class=\"wp-block-image size-large\"><img loading=\"lazy\" decoding=\"async\" width=\"1024\" height=\"686\" data-id=\"30647\" src=\"https:\/\/www.puertolumbreras.es\/ayuntamiento\/wp-content\/uploads\/2023\/08\/ARCHIVO-LAGRIMAS-SAN-LORENZO-PUERTO-LUMBRERAS-2022-1-1024x686.jpg\" alt=\"\" class=\"wp-image-30647\" srcset=\"https:\/\/www.puertolumbreras.es\/ayuntamiento\/wp-content\/uploads\/2023\/08\/ARCHIVO-LAGRIMAS-SAN-LORENZO-PUERTO-LUMBRERAS-2022-1-1024x686.jpg 1024w, https:\/\/www.puertolumbreras.es\/ayuntamiento\/wp-content\/uploads\/2023\/08\/ARCHIVO-LAGRIMAS-SAN-LORENZO-PUERTO-LUMBRERAS-2022-1-300x201.jpg 300w, https:\/\/www.puertolumbreras.es\/ayuntamiento\/wp-content\/uploads\/2023\/08\/ARCHIVO-LAGRIMAS-SAN-LORENZO-PUERTO-LUMBRERAS-2022-1-768x514.jpg 768w, https:\/\/www.puertolumbreras.es\/ayuntamiento\/wp-content\/uploads\/2023\/08\/ARCHIVO-LAGRIMAS-SAN-LORENZO-PUERTO-LUMBRERAS-2022-1-1536x1028.jpg 1536w, https:\/\/www.puertolumbreras.es\/ayuntamiento\/wp-content\/uploads\/2023\/08\/ARCHIVO-LAGRIMAS-SAN-LORENZO-PUERTO-LUMBRERAS-2022-1.jpg 2048w\" sizes=\"auto, (max-width: 1024px) 100vw, 1024px\" \/><\/figure>\n\n\n\n<figure class=\"wp-block-image size-large\"><img loading=\"lazy\" decoding=\"async\" width=\"724\" height=\"1024\" data-id=\"30649\" src=\"https:\/\/www.puertolumbreras.es\/ayuntamiento\/wp-content\/uploads\/2023\/08\/Cartel-Lluvia-de-Estrellas-2023-724x1024.jpg\" alt=\"\" class=\"wp-image-30649\" srcset=\"https:\/\/www.puertolumbreras.es\/ayuntamiento\/wp-content\/uploads\/2023\/08\/Cartel-Lluvia-de-Estrellas-2023-724x1024.jpg 724w, https:\/\/www.puertolumbreras.es\/ayuntamiento\/wp-content\/uploads\/2023\/08\/Cartel-Lluvia-de-Estrellas-2023-212x300.jpg 212w, https:\/\/www.puertolumbreras.es\/ayuntamiento\/wp-content\/uploads\/2023\/08\/Cartel-Lluvia-de-Estrellas-2023-768x1086.jpg 768w, https:\/\/www.puertolumbreras.es\/ayuntamiento\/wp-content\/uploads\/2023\/08\/Cartel-Lluvia-de-Estrellas-2023-1086x1536.jpg 1086w, https:\/\/www.puertolumbreras.es\/ayuntamiento\/wp-content\/uploads\/2023\/08\/Cartel-Lluvia-de-Estrellas-2023-1448x2048.jpg 1448w, https:\/\/www.puertolumbreras.es\/ayuntamiento\/wp-content\/uploads\/2023\/08\/Cartel-Lluvia-de-Estrellas-2023-scaled.jpg 1810w\" sizes=\"auto, (max-width: 724px) 100vw, 724px\" \/><\/figure>\n<\/figure>\n\n\n\n<p><\/p>\n","protected":false},"excerpt":{"rendered":"<p>Lumbrerenses y visitantes volver\u00e1n a disfrutar de la \u2018Lluvia de Estrellas\u2019 en el Cabezo de la Jara el pr\u00f3ximo 12 de agosto De nuevo, miembros de la Agrupaci\u00f3n Astron\u00f3mica de la Regi\u00f3n de Murcia impartir\u00e1n durante el desarrollo de la actividad charlas sobre astronom\u00eda en las que explicar\u00e1n a los asistentes este fen\u00f3meno astral 3 [&hellip;]<\/p>\n","protected":false},"author":2,"featured_media":30649,"comment_status":"closed","ping_status":"closed","sticky":false,"template":"","format":"standard","meta":{"footnotes":""},"categories":[2],"tags":[1805,1211,80,1804,1801,1802,89,336,195,1803,1806,1807,832,8,566,30],"class_list":["post-30645","post","type-post","status-publish","format-standard","has-post-thumbnail","hentry","category-noticias","tag-12-de-agosto","tag-1211","tag-actividades","tag-alternativa","tag-astronomia-2","tag-astronomos","tag-cabezo-de-la-jara","tag-cultura","tag-formacion","tag-lagrimas-de-san-lorenzo-2","tag-lluvia-de-las-estrellas","tag-observatorio-astronomico-2","tag-ocio","tag-puerto-lumbreras","tag-region-de-murcia","tag-turismo"],"_links":{"self":[{"href":"https:\/\/www.puertolumbreras.es\/ayuntamiento\/wp-json\/wp\/v2\/posts\/30645","targetHints":{"allow":["GET"]}}],"collection":[{"href":"https:\/\/www.puertolumbreras.es\/ayuntamiento\/wp-json\/wp\/v2\/posts"}],"about":[{"href":"https:\/\/www.puertolumbreras.es\/ayuntamiento\/wp-json\/wp\/v2\/types\/post"}],"author":[{"embeddable":true,"href":"https:\/\/www.puertolumbreras.es\/ayuntamiento\/wp-json\/wp\/v2\/users\/2"}],"replies":[{"embeddable":true,"href":"https:\/\/www.puertolumbreras.es\/ayuntamiento\/wp-json\/wp\/v2\/comments?post=30645"}],"version-history":[{"count":1,"href":"https:\/\/www.puertolumbreras.es\/ayuntamiento\/wp-json\/wp\/v2\/posts\/30645\/revisions"}],"predecessor-version":[{"id":30650,"href":"https:\/\/www.puertolumbreras.es\/ayuntamiento\/wp-json\/wp\/v2\/posts\/30645\/revisions\/30650"}],"wp:featuredmedia":[{"embeddable":true,"href":"https:\/\/www.puertolumbreras.es\/ayuntamiento\/wp-json\/wp\/v2\/media\/30649"}],"wp:attachment":[{"href":"https:\/\/www.puertolumbreras.es\/ayuntamiento\/wp-json\/wp\/v2\/media?parent=30645"}],"wp:term":[{"taxonomy":"category","embeddable":true,"href":"https:\/\/www.puertolumbreras.es\/ayuntamiento\/wp-json\/wp\/v2\/categories?post=30645"},{"taxonomy":"post_tag","embeddable":true,"href":"https:\/\/www.puertolumbreras.es\/ayuntamiento\/wp-json\/wp\/v2\/tags?post=30645"}],"curies":[{"name":"wp","href":"https:\/\/api.w.org\/{rel}","templated":true}]}}