{"id":30441,"date":"2023-07-03T08:04:50","date_gmt":"2023-07-03T08:04:50","guid":{"rendered":"https:\/\/www.puertolumbreras.es\/ayuntamiento\/?p=30441"},"modified":"2023-07-03T08:04:51","modified_gmt":"2023-07-03T08:04:51","slug":"puerto-lumbreras-conmemorara-el-65-aniversario-con-motivo-de-su-independencia-con-un-acto-para-reconocer-a-personalidades-y-asociaciones-empresariales-y-sociales-del-municipio","status":"publish","type":"post","link":"https:\/\/www.puertolumbreras.es\/ayuntamiento\/2023\/07\/03\/puerto-lumbreras-conmemorara-el-65-aniversario-con-motivo-de-su-independencia-con-un-acto-para-reconocer-a-personalidades-y-asociaciones-empresariales-y-sociales-del-municipio\/","title":{"rendered":"Puerto Lumbreras conmemorar\u00e1 el 65 aniversario con motivo de su Independencia con un acto para reconocer a personalidades y asociaciones empresariales y sociales del municipio"},"content":{"rendered":"\n<h1 class=\"wp-block-heading has-text-align-center\">Puerto Lumbreras conmemorar\u00e1 el 65 aniversario con motivo de su Independencia con un acto para reconocer a personalidades y asociaciones empresariales y sociales del municipio<\/h1>\n\n\n\n<h2 class=\"wp-block-heading has-text-align-center\">La bailaora Carmen Avil\u00e9s ser\u00e1 nombrada \u2018lumbrerense del a\u00f1o\u2019 en el acto institucional del 7 de julio que se celebrar\u00e1 en el Centro C\u00edvico Cultural<\/h2>\n\n\n\n<p><strong><u>3 de julio de 2023.<\/u><\/strong> La alcaldesa de Puerto Lumbreras, Mar\u00eda \u00c1ngeles T\u00fanez, ha informado de las distinciones honor\u00edficas que se entregar\u00e1n el pr\u00f3ximo 7 de julio, d\u00eda de la Independencia del municipio.<\/p>\n\n\n\n<p>El Ayuntamiento de Puerto Lumbreras rendir\u00e1 un homenaje a entidades culturales y sociales y a personalidades destacadas con motivo de esta jornada tan especial e importante en el municipio, ya que se conmemorar\u00e1 el 65\u00ba aniversario de la Independencia de Puerto Lumbreras de la ciudad vecina de Lorca\u201d, ha indicado la alcaldesa. Un acto que se llevar\u00e1 a cabo en el patio del Centro Cultural ese mismo viernes 7 de julio a las 21:30 horas.<\/p>\n\n\n\n<p>En primer lugar, T\u00fanez, ha explicado que la Corporaci\u00f3n Municipal ha decidido que la bailaora lumbrerense Carmen Avil\u00e9s sea nombrada \u2018lumbrerense del a\u00f1o\u2019. Un reconocimiento a la joven que se ha convertido en un referente en el campo de la danza del flamenco, llevando el nombre del municipio por medio mundo. Ha contado con maestros como Antonio Canales, Javier Latorre, Pastora Galv\u00e1n, Manuela Carrasco, Antonio &#8216;El Pipa&#8217;, Milagros Mengibar, Farruquito, Manuel Li\u00f1an, Fuensanta &#8216;La Moneta&#8217;, Bel\u00e9n L\u00f3pez y Alfonso Losa, entre otros. Ha colaborado con la Compa\u00f1\u00eda de Joaqu\u00edn Cort\u00e9s; con la Compa\u00f1\u00eda Rojas y Rodr\u00edguez; Compa\u00f1\u00eda de la Moneta; Ballet Profesional de 7 Regi\u00f3n de Murcia; Compa\u00f1\u00eda de Concha Jare\u00f1o; en el Ballet Flamenco Espa\u00f1ol; o, m\u00e1s recientemente, ha formado parte del elenco de artistas que representan el musical &#8216;Malinche&#8217; de Nacho Cano, tambi\u00e9n en la capital de Espa\u00f1a. Y ha realizado espect\u00e1culos en escenarios de referencia, como La Pacheca, Torres Bermejas, o Estaci\u00f3n de los Porches. Se ha subido a las tablas de escenarios en diferentes pa\u00edses del mundo, como M\u00e9xico, Marruecos, Italia, Rusia o Suiza entre otros y ha tenido espect\u00e1culo propio en el Hotel Hard Rock de Ibiza y en el Hotel Ushuaia durante 4 a\u00f1os. Adem\u00e1s, siempre ha mostrado un gran compromiso con la actividad cultural de Puerto Lumbreras, ya que siempre que su pueblo la ha llamado aqu\u00ed ha estado, en diferentes espect\u00e1culos, en eventos como el Baile de la Reina, Nogalte Cultural, o Fiestas Patronales de Puerto Lumbreras\u00bb.<\/p>\n\n\n\n<p>Por otro lado, \u201cla Confederaci\u00f3n de Empresarios de Puerto Lumbreras (ASEPLU) recibir\u00e1 el Diploma de Servicios Distinguidos por su defensa de los intereses de los empresarios, comerciantes y hosteleros del municipio. Con 250 empresas, de diferentes sectores, asociadas, realiza una labor intensa durante los 365 d\u00edas del a\u00f1o con actividades, campa\u00f1as de promoci\u00f3n, convenios, cursos de formaci\u00f3n o ferias, as\u00ed como informaci\u00f3n de inter\u00e9s empresarial y de ayudas y subvenciones, para la mejora del municipio, de la comarca y de nuestras empresas. Uno de sus objetivos es el trabajo unido, organizado y en la misma direcci\u00f3n para avanzar y contribuir en el desarrollo de empresas y comercio en Puerto Lumbreras\u201d ha manifestado la primer edil.<\/p>\n\n\n\n<p>\u201cLa Asociaci\u00f3n de Personas con Discapacidad El Castillo (ADICA) recibir\u00e1 otro de los Diplomas de Servicios Distinguidos por&nbsp; la gran labor social y educativa que est\u00e1n desarrollando en Puerto Lumbreras en los \u00faltimos 20 a\u00f1os. Surge por iniciativa de un grupo de madres con hijos con discapacidad para cubrir las necesidades de este colectivo en la localidad de Puerto Lumbreras, ya que en aquella \u00e9poca el municipio no dispon\u00eda de los recursos necesarios para cubrir las necesidades de estas personas. De esta forma, se constituy\u00f3 esta entidad sin \u00e1nimo de lucro cuyo principal objetivo era y es mejorar la calidad de vida de las personas con discapacidad y de sus familias, ofreciendo apoyos y oportunidades. Entre las actividades que realiza la asociaci\u00f3n destacan el servicio de atenci\u00f3n a personas adultas con discapacidad y tambi\u00e9n la atenci\u00f3n educativa extraescolar a ni\u00f1os y ni\u00f1as con necesidades educativas especiales\u201d, ha indicado T\u00fanez<\/p>\n\n\n\n<p>Y, ha a\u00f1adido que \u201cse ha decidido conceder el Diploma de Servicios Distinguidos tambi\u00e9n a Juan Francisco Carrillo y a Irene Cerd\u00e1 Nicol\u00e1s, por&nbsp; encarnar perfectamente todos los valores del deporte y de los atletas, valores como: el compromiso, el trabajo en equipo, la responsabilidad, el esfuerzo, el autoconocimiento, la perseverancia, la convivencia y el cuidado de la salud. Ambos deportistas, que cuentan con varios r\u00e9cords nacionales, son fiel reflejo del trabajo, del sacrificio, del af\u00e1n de superaci\u00f3n constante y el amor por el deporte. \u00c9l es uno de los fundadores del Club Atletismo Puerto Lumbreras, y ha formado e iniciado a decenas de j\u00f3venes en la pr\u00e1ctica de diferentes modalidades del atletismo. A nivel personal ha cosechado grandes \u00e9xito a nivel nacional e internacional, representando a su club y a Puerto Lumbreras por diferentes comunidades aut\u00f3nomas y pa\u00edses. Pero sin duda en la actualidad est\u00e1 embarcado en un apasionante reto que es el de trabajar en t\u00e1ndem, como gu\u00eda y entrenador con Irene Cerd\u00e1 Nicol\u00e1s, atleta invidente de la Delegaci\u00f3n Territorial de la ONCE Regi\u00f3n de Murcia\u201d.<\/p>\n\n\n\n<p>Por \u00faltimo, ha informado que \u201cRam\u00f3n \u00c1ngel Ruiz Guirao recibir\u00e1 otro Diploma de Servicios Distinguidos, por su por su gran labor docente y de direcci\u00f3n del IES Rambla de Nogalte. Aunque ha desarrollado su vida personal y profesional en distintas ubicaciones, ha permanecido vinculado de forma permanente a la localidad, de donde presume de estar empadronado desde hace 60 a\u00f1os. Ha participado en varios proyectos de innovaci\u00f3n, destacando los que han estado relacionados con el conocimiento del medio natural de nuestra comarca. Con una amplia formaci\u00f3n personal y did\u00e1ctica de m\u00e1s de 1300 horas, durante su periodo como director del instituto del municipio, el centro ha incrementado su oferta formativa de Formaci\u00f3n Profesional, la apuesta por la internacionalizaci\u00f3n del Centro y el pluriling\u00fcismo en el centro. El objetivo fundamental de su tarea directiva se ha centrado en&nbsp; la atenci\u00f3n a la enorme diversidad del alumnado de Puerto Lumbreras, intentando adecuar la oferta formativa a los intereses y necesidades de alumnos y sus familias\u201d.<\/p>\n\n\n\n<p>\u201cReconoceremos as\u00ed la trayectoria, gran trabajo, el esfuerzo y su uni\u00f3n con Puerto Lumbreras, premiando a estas personalidades y asociaciones con estas importantes distinciones. Y es que debemos reconocer p\u00fablicamente a aquellos que han hecho tanto por nuestra ciudad y que llevan con orgullo su localidad all\u00e1 por donde van\u00bb, ha concluido la alcaldesa.<\/p>\n\n\n<div class=\"wp-block-image\">\n<figure class=\"aligncenter size-large\"><img loading=\"lazy\" decoding=\"async\" width=\"1020\" height=\"1024\" src=\"https:\/\/www.puertolumbreras.es\/ayuntamiento\/wp-content\/uploads\/2023\/07\/7-de-julio-2023-INVITACION-1020x1024.jpg\" alt=\"\" class=\"wp-image-30442\" srcset=\"https:\/\/www.puertolumbreras.es\/ayuntamiento\/wp-content\/uploads\/2023\/07\/7-de-julio-2023-INVITACION-1020x1024.jpg 1020w, https:\/\/www.puertolumbreras.es\/ayuntamiento\/wp-content\/uploads\/2023\/07\/7-de-julio-2023-INVITACION-300x300.jpg 300w, https:\/\/www.puertolumbreras.es\/ayuntamiento\/wp-content\/uploads\/2023\/07\/7-de-julio-2023-INVITACION-150x150.jpg 150w, https:\/\/www.puertolumbreras.es\/ayuntamiento\/wp-content\/uploads\/2023\/07\/7-de-julio-2023-INVITACION-768x771.jpg 768w, https:\/\/www.puertolumbreras.es\/ayuntamiento\/wp-content\/uploads\/2023\/07\/7-de-julio-2023-INVITACION-1530x1536.jpg 1530w, https:\/\/www.puertolumbreras.es\/ayuntamiento\/wp-content\/uploads\/2023\/07\/7-de-julio-2023-INVITACION-2040x2048.jpg 2040w\" sizes=\"auto, (max-width: 1020px) 100vw, 1020px\" \/><\/figure>\n<\/div>","protected":false},"excerpt":{"rendered":"<p>Puerto Lumbreras conmemorar\u00e1 el 65 aniversario con motivo de su Independencia con un acto para reconocer a personalidades y asociaciones empresariales y sociales del municipio La bailaora Carmen Avil\u00e9s ser\u00e1 nombrada \u2018lumbrerense del a\u00f1o\u2019 en el acto institucional del 7 de julio que se celebrar\u00e1 en el Centro C\u00edvico Cultural 3 de julio de 2023. [&hellip;]<\/p>\n","protected":false},"author":2,"featured_media":30442,"comment_status":"closed","ping_status":"closed","sticky":false,"template":"","format":"standard","meta":{"footnotes":""},"categories":[2],"tags":[1211,653,848,126,1476,655,654,286,8,602,1094],"class_list":["post-30441","post","type-post","status-publish","format-standard","has-post-thumbnail","hentry","category-noticias","tag-1211","tag-7-de-julio","tag-acto","tag-centro-cultural","tag-dia-de-la-independencia","tag-distinciones","tag-independencia","tag-informacion","tag-puerto-lumbreras","tag-reconocimiento","tag-reconocimientos"],"_links":{"self":[{"href":"https:\/\/www.puertolumbreras.es\/ayuntamiento\/wp-json\/wp\/v2\/posts\/30441","targetHints":{"allow":["GET"]}}],"collection":[{"href":"https:\/\/www.puertolumbreras.es\/ayuntamiento\/wp-json\/wp\/v2\/posts"}],"about":[{"href":"https:\/\/www.puertolumbreras.es\/ayuntamiento\/wp-json\/wp\/v2\/types\/post"}],"author":[{"embeddable":true,"href":"https:\/\/www.puertolumbreras.es\/ayuntamiento\/wp-json\/wp\/v2\/users\/2"}],"replies":[{"embeddable":true,"href":"https:\/\/www.puertolumbreras.es\/ayuntamiento\/wp-json\/wp\/v2\/comments?post=30441"}],"version-history":[{"count":1,"href":"https:\/\/www.puertolumbreras.es\/ayuntamiento\/wp-json\/wp\/v2\/posts\/30441\/revisions"}],"predecessor-version":[{"id":30443,"href":"https:\/\/www.puertolumbreras.es\/ayuntamiento\/wp-json\/wp\/v2\/posts\/30441\/revisions\/30443"}],"wp:featuredmedia":[{"embeddable":true,"href":"https:\/\/www.puertolumbreras.es\/ayuntamiento\/wp-json\/wp\/v2\/media\/30442"}],"wp:attachment":[{"href":"https:\/\/www.puertolumbreras.es\/ayuntamiento\/wp-json\/wp\/v2\/media?parent=30441"}],"wp:term":[{"taxonomy":"category","embeddable":true,"href":"https:\/\/www.puertolumbreras.es\/ayuntamiento\/wp-json\/wp\/v2\/categories?post=30441"},{"taxonomy":"post_tag","embeddable":true,"href":"https:\/\/www.puertolumbreras.es\/ayuntamiento\/wp-json\/wp\/v2\/tags?post=30441"}],"curies":[{"name":"wp","href":"https:\/\/api.w.org\/{rel}","templated":true}]}}