{"id":22858,"date":"2021-01-18T16:09:42","date_gmt":"2021-01-18T14:09:42","guid":{"rendered":"https:\/\/www.puertolumbreras.es\/ayuntamiento\/?p=22858"},"modified":"2021-01-18T16:09:42","modified_gmt":"2021-01-18T14:09:42","slug":"el-ayuntamiento-de-puerto-lumbreras-continua-el-reparto-de-alimentos-a-las-familias-mas-vulnerables-ante-la-pandemia-de-covid-19","status":"publish","type":"post","link":"https:\/\/www.puertolumbreras.es\/ayuntamiento\/2021\/01\/18\/el-ayuntamiento-de-puerto-lumbreras-continua-el-reparto-de-alimentos-a-las-familias-mas-vulnerables-ante-la-pandemia-de-covid-19\/","title":{"rendered":"El Ayuntamiento de Puerto Lumbreras contin\u00faa el reparto de alimentos a las familias m\u00e1s vulnerables ante la pandemia de COVID-19"},"content":{"rendered":"<ul>\n<li>\n<p class=\"western\" align=\"justify\"><span style=\"font-family: Calibri, sans-serif\"><span style=\"font-size: small\"><strong><span style=\"color: #000000\"><span style=\"font-family: Arial, sans-serif\"><span style=\"font-size: medium\"><span lang=\"es-ES\">El consistorio lumbrerense sigue atendiendo desde el inicio de la pandemia la creciente demanda y cobertura de servicios b\u00e1sicos como alimentaci\u00f3n, higiene, luz o agua para las personas m\u00e1s necesitadas<\/span><\/span><\/span><\/span><\/strong><\/span><\/span><\/p>\n<\/li>\n<\/ul>\n<p class=\"western\" align=\"justify\"><span style=\"font-family: Calibri, sans-serif\"><span style=\"font-size: small\"><strong><span style=\"font-family: Arial, sans-serif\"><span style=\"font-size: medium\">Lunes 18 de enero de 2021. <\/span><\/span><\/strong><span style=\"font-family: Arial, sans-serif\"><span style=\"font-size: medium\">El Servicio de Emergencias Municipal-Protecci\u00f3n Civil en coordinaci\u00f3n con los Servicios Sociales de Puerto Lumbreras ha continuado esta ma\u00f1ana<\/span><\/span><span style=\"color: #000000\"><span style=\"font-family: Arial, sans-serif\"><span style=\"font-size: medium\"><span lang=\"es-ES\"> con el reparto de alimentos a familias vulnerables del municipio, dentro del final de la segunda de las tres fases que componen este plan del Banco de Alimentos ante las consecuencias econ\u00f3micas de la COVID-19. De esta forma, se distribuyen productos no perecederos, l\u00e1cteos, conservas, aceite, arroz o pasta entre otros, para dar un respiro a las familias m\u00e1s necesitadas de la localidad. Los Servicios Sociales del Ayuntamiento adem\u00e1s, atienden a personas, familias y colectivos en necesidades b\u00e1sicas de alimentaci\u00f3n, higiene y vestido, ayuda para suministros de luz, agua, butano y alquiler, as\u00ed como cualquier otra situaci\u00f3n que se pueda producir de cara al restablecimiento de servicios b\u00e1sicos. \u201cLa pandemia ha incrementado notablemente la demanda, y se prev\u00e9 que este a\u00f1o siga subiendo ya que la situaci\u00f3n sanitaria y sus consecuencias econ\u00f3micas y sociales no remiten. Servicios Sociales est\u00e1 dando respuesta a todas las solicitudes de forma \u00e1gil y eficaz, se ha contado hasta ahora con la colaboraci\u00f3n del <\/span><\/span><\/span><\/span><span style=\"color: #000000\"><span style=\"font-family: Arial, sans-serif\"><span style=\"font-size: medium\"><span lang=\"es-ES\">Gobierno regional, y por otra parte con la ayuda del <\/span><\/span><\/span><\/span><span style=\"color: #000000\"><span style=\"font-family: Arial, sans-serif\"><span style=\"font-size: medium\"><span lang=\"es-ES\">Fondo Social Extraordinario COVID-19 <\/span><\/span><\/span><\/span><span style=\"color: #000000\"><span style=\"font-family: Arial, sans-serif\"><span style=\"font-size: medium\"><span lang=\"es-ES\">del Gobierno central<\/span><\/span><\/span><\/span><span style=\"color: #000000\"><span style=\"font-family: Arial, sans-serif\"><span style=\"font-size: medium\"><span lang=\"es-ES\"> con el que se prev\u00e9 cubri<\/span><\/span><\/span><\/span><span style=\"color: #000000\"><span style=\"font-family: Arial, sans-serif\"><span style=\"font-size: medium\"><span lang=\"es-ES\">r hasta finales de este mes de enero,<\/span><\/span><\/span><\/span><span style=\"color: #000000\"><span style=\"font-family: Arial, sans-serif\"><span style=\"font-size: medium\"><span lang=\"es-ES\"> pero tenemos mucha incertidumbre, ya que en los presupuestos nacionales para 2021 no se refleja ning\u00fan <\/span><\/span><\/span><\/span><span style=\"color: #000000\"><span style=\"font-family: Arial, sans-serif\"><span style=\"font-size: medium\"><span lang=\"es-ES\">tipo de ayuda extraordinaria<\/span><\/span><\/span><\/span><span style=\"color: #000000\"><span style=\"font-family: Arial, sans-serif\"><span style=\"font-size: medium\"><span lang=\"es-ES\"> para continuar haciendo frente al aumento de demanda y prestar, <\/span><\/span><\/span><\/span><span style=\"color: #000000\"><span style=\"font-family: Arial, sans-serif\"><span style=\"font-size: medium\"><span lang=\"es-ES\">por tanto, esta atenci\u00f3n b\u00e1sica a la poblaci\u00f3n que lo necesite.<\/span><\/span><\/span><\/span><span style=\"color: #000000\"><span style=\"font-family: Arial, sans-serif\"><span style=\"font-size: medium\"><span lang=\"es-ES\"> Todo el peso de la situaci\u00f3n de estas familias lumbrerenses recae por tanto en el Ayuntamiento, que se hace cargo de atender todas estas necesidades con fondos y recursos propios. Adem\u00e1s, el retraso en <\/span><\/span><\/span><\/span><span style=\"color: #000000\"><span style=\"font-family: Arial, sans-serif\"><span style=\"font-size: medium\"><span lang=\"es-ES\">la resoluci\u00f3n<\/span><\/span><\/span><\/span><span style=\"color: #000000\"><span style=\"font-family: Arial, sans-serif\"><span style=\"font-size: medium\"><span lang=\"es-ES\"> de las prestaciones por desempleo y el Ingreso M\u00ednimo Vital hace que el n\u00famero de personas que requieren la ayuda de Servicios Sociales siga aumentando cada d\u00eda\u201d, se\u00f1ala la alcaldesa; Mar\u00eda \u00c1ngeles T\u00fanez.<\/span><\/span><\/span><\/span><\/span><\/span><\/p>\n<p class=\"western\" align=\"justify\"><img loading=\"lazy\" decoding=\"async\" class=\"alignnone wp-image-22859 size-full\" src=\"https:\/\/www.puertolumbreras.es\/ayuntamiento\/wp-content\/uploads\/2021\/01\/9dda3ca6-e86a-40c6-a9df-ceca5b21571b.jpg\" alt=\"\" width=\"1200\" height=\"1600\" \/><\/p>\n<p class=\"western\" align=\"justify\"><img loading=\"lazy\" decoding=\"async\" class=\"alignnone wp-image-22860 size-full\" src=\"https:\/\/www.puertolumbreras.es\/ayuntamiento\/wp-content\/uploads\/2021\/01\/77b7cbee-2342-4a79-be8d-b08ae6a67260.jpg\" alt=\"\" width=\"1536\" height=\"2048\" \/><\/p>\n<p class=\"western\" align=\"justify\">\n<p class=\"western\" align=\"justify\">\n","protected":false},"excerpt":{"rendered":"<p>El consistorio lumbrerense sigue atendiendo desde el inicio de la pandemia la creciente demanda y cobertura de servicios b\u00e1sicos como alimentaci\u00f3n, higiene, luz o agua para las personas m\u00e1s necesitadas Lunes 18 de enero de 2021. El Servicio de Emergencias Municipal-Protecci\u00f3n Civil en coordinaci\u00f3n con los Servicios Sociales de Puerto Lumbreras ha continuado esta ma\u00f1ana [&hellip;]<\/p>\n","protected":false},"author":2,"featured_media":22861,"comment_status":"closed","ping_status":"open","sticky":false,"template":"","format":"standard","meta":{"footnotes":""},"categories":[2],"tags":[],"class_list":["post-22858","post","type-post","status-publish","format-standard","has-post-thumbnail","hentry","category-noticias"],"_links":{"self":[{"href":"https:\/\/www.puertolumbreras.es\/ayuntamiento\/wp-json\/wp\/v2\/posts\/22858","targetHints":{"allow":["GET"]}}],"collection":[{"href":"https:\/\/www.puertolumbreras.es\/ayuntamiento\/wp-json\/wp\/v2\/posts"}],"about":[{"href":"https:\/\/www.puertolumbreras.es\/ayuntamiento\/wp-json\/wp\/v2\/types\/post"}],"author":[{"embeddable":true,"href":"https:\/\/www.puertolumbreras.es\/ayuntamiento\/wp-json\/wp\/v2\/users\/2"}],"replies":[{"embeddable":true,"href":"https:\/\/www.puertolumbreras.es\/ayuntamiento\/wp-json\/wp\/v2\/comments?post=22858"}],"version-history":[{"count":0,"href":"https:\/\/www.puertolumbreras.es\/ayuntamiento\/wp-json\/wp\/v2\/posts\/22858\/revisions"}],"wp:attachment":[{"href":"https:\/\/www.puertolumbreras.es\/ayuntamiento\/wp-json\/wp\/v2\/media?parent=22858"}],"wp:term":[{"taxonomy":"category","embeddable":true,"href":"https:\/\/www.puertolumbreras.es\/ayuntamiento\/wp-json\/wp\/v2\/categories?post=22858"},{"taxonomy":"post_tag","embeddable":true,"href":"https:\/\/www.puertolumbreras.es\/ayuntamiento\/wp-json\/wp\/v2\/tags?post=22858"}],"curies":[{"name":"wp","href":"https:\/\/api.w.org\/{rel}","templated":true}]}}