{"id":22853,"date":"2021-01-15T12:51:05","date_gmt":"2021-01-15T10:51:05","guid":{"rendered":"https:\/\/www.puertolumbreras.es\/ayuntamiento\/?p=22853"},"modified":"2021-01-15T12:51:05","modified_gmt":"2021-01-15T10:51:05","slug":"el-consejo-municipal-de-desarrollo-economico-empresarial-y-comercial-planifica-el-calendario-de-actuaciones-para-el-primer-trimestre-del-ano","status":"publish","type":"post","link":"https:\/\/www.puertolumbreras.es\/ayuntamiento\/2021\/01\/15\/el-consejo-municipal-de-desarrollo-economico-empresarial-y-comercial-planifica-el-calendario-de-actuaciones-para-el-primer-trimestre-del-ano\/","title":{"rendered":"El Consejo Municipal de Desarrollo Econ\u00f3mico, Empresarial y Comercial planifica el calendario de actuaciones para el primer trimestre del a\u00f1o"},"content":{"rendered":"<ul>\n<li>\n<p class=\"western\" align=\"justify\"><span style=\"font-family: Calibri, sans-serif\"><span style=\"font-size: small\"><strong><span style=\"color: #000000\"><span style=\"font-family: Arial, sans-serif\"><span style=\"font-size: medium\"><span lang=\"es-ES\">Adem\u00e1s, se ha informado sobre las diferentes ayudas dirigidas a las empresas de hosteler\u00eda y restauraci\u00f3n, para conllevar los efectos de las limitaciones impuestas a ra\u00edz de la COVID-19<\/span><\/span><\/span><\/span><\/strong><\/span><\/span><\/p>\n<\/li>\n<\/ul>\n<p class=\"western\" align=\"justify\"><span style=\"font-family: Calibri, sans-serif\"><span style=\"font-size: small\"><strong><span style=\"color: #000000\"><span style=\"font-family: Arial, sans-serif\"><span style=\"font-size: medium\"><span lang=\"es-ES\"><u><b>Viernes 15 <\/b><\/u><\/span><\/span><\/span><\/span><\/strong><strong><span style=\"font-family: Arial, sans-serif\"><span style=\"font-size: medium\"><u>de enero de 2021.<\/u><\/span><\/span><\/strong> <span style=\"color: #000000\"><span style=\"font-family: Arial, sans-serif\"><span style=\"font-size: medium\"><span lang=\"es-ES\">El Consejo Municipal de Desarrollo Econ\u00f3mico, Empresarial y Comercial de Puerto Lumbreras ha mantenido de forma telem\u00e1tica la primera reuni\u00f3n de 2021, con un orden del d\u00eda centrado en organizar y planificar las campa\u00f1as e iniciativas a llevar a cabo en el primer trimestre del a\u00f1o, y continuar el plan de reactivaci\u00f3n econ\u00f3mica y dinamizaci\u00f3n del sector comercial y hostelero del municipio. <\/span><\/span><\/span><\/span><span style=\"color: #000000\"><span style=\"font-family: Arial, sans-serif\"><span style=\"font-size: medium\"><span lang=\"es-ES\">Entre otras iniciativas comerciales que se llevar\u00e1n a cabo pr\u00f3ximamente, destacan \u201cSan Valent\u00edn\u201d o \u201cMarzo en Femenino\u201d.<\/span><\/span><\/span><\/span> <span style=\"color: #000000\"><span style=\"font-family: Arial, sans-serif\"><span style=\"font-size: medium\"><span lang=\"es-ES\">En esta reuni\u00f3n, tambi\u00e9n se ha informado sobre la c<\/span><\/span><\/span><\/span><span style=\"color: #000000\"><span style=\"font-family: Arial, sans-serif\"><span style=\"font-size: medium\"><span lang=\"es-ES\">oncesi\u00f3n <\/span><\/span><\/span><\/span><span style=\"color: #000000\"><span style=\"font-family: Arial, sans-serif\"><span style=\"font-size: medium\"><span lang=\"es-ES\">al Ayuntamiento <\/span><\/span><\/span><\/span><span style=\"color: #000000\"><span style=\"font-family: Arial, sans-serif\"><span style=\"font-size: medium\"><span lang=\"es-ES\">de <\/span><\/span><\/span><\/span><span style=\"color: #000000\"><span style=\"font-family: Arial, sans-serif\"><span style=\"font-size: medium\"><span lang=\"es-ES\">una<\/span><\/span><\/span><\/span><span style=\"color: #000000\"><span style=\"font-family: Arial, sans-serif\"><span style=\"font-size: medium\"><span lang=\"es-ES\"> subvenci\u00f3n de la D<\/span><\/span><\/span><\/span><span style=\"color: #000000\"><span style=\"font-family: Arial, sans-serif\"><span style=\"font-size: medium\"><span lang=\"es-ES\">irecci\u00f3n General de Comercio de la Comunidad Aut\u00f3noma por importe de<\/span><\/span><\/span><\/span> <span style=\"color: #000000\"><span style=\"font-family: Arial, sans-serif\"><span style=\"font-size: medium\"><span lang=\"es-ES\">15.000 euros para seguir incentivando las compras en el comercio local a trav\u00e9s de diferentes acciones que incluyen premios para el consumidor. <\/span><\/span><\/span><\/span><span style=\"color: #000000\"><span style=\"font-family: Arial, sans-serif\"><span style=\"font-size: medium\"><span lang=\"es-ES\">As\u00ed mismo, se ha informado sobre las ayudas disponibles <\/span><\/span><\/span><\/span><span style=\"color: #000000\"><span style=\"font-family: Arial, sans-serif\"><span style=\"font-size: medium\"><span lang=\"es-ES\">actualmente y<\/span><\/span><\/span><\/span><span style=\"color: #000000\"><span style=\"font-family: Arial, sans-serif\"><span style=\"font-size: medium\"><span lang=\"es-ES\"> dirigidas a las empresas de hosteler\u00eda y restauraci\u00f3n, para conllevar los efectos de la pandemia y de las limitaciones impuestas a ra\u00edz de la grave situaci\u00f3n sanitaria que atraviesa todo el pa\u00eds por la COVID-19.<\/span><\/span><\/span><\/span><\/span><\/span><\/p>\n<p class=\"western\" lang=\"es-ES\" align=\"justify\"><span style=\"color: #000000\"><span style=\"font-family: Arial, sans-serif\"><span style=\"font-size: medium\"><span lang=\"es-ES\">La comisi\u00f3n ha contado con la participaci\u00f3n de Roc\u00edo Mart\u00ednez, concejal de Desarrollo Local y Dinamizaci\u00f3n Econ\u00f3mica, representantes de la C\u00e1mara Oficial de Comercio de Lorca y Puerto Lumbreras, de la Asociaci\u00f3n de Empresarios Aseplu, de los hosteleros del municipio y de diversos sectores como alimentaci\u00f3n, comercio, seguridad ciudadana, gimnasios y decoraci\u00f3n.<\/span><\/span><\/span><\/span><\/p>\n<p class=\"western\" lang=\"es-ES\" align=\"justify\"><span style=\"color: #000000\">\u201c<span style=\"font-family: Arial, sans-serif\"><span style=\"font-size: medium\"><span lang=\"es-ES\">Desde el Ayuntamiento seguimos adoptando medidas para ayudar a la reactivaci\u00f3n econ\u00f3mica del municipio y a paliar los efectos de la crisis sanitaria por la COVID-19 en el tejido empresarial local. El pasado a\u00f1o 2020 llevamos a cabo m\u00e1s de 50 actuaciones entre ayudas econ\u00f3micas, atenci\u00f3n e informaci\u00f3n a pymes, aut\u00f3nomos y empresas de Puerto Lumbreras o numerosas campa\u00f1as de difusi\u00f3n, promoci\u00f3n y dinamizaci\u00f3n para apoyar nuestro comercio, nuestra hosteler\u00eda y nuestras empresas, entre otras. Siempre vamos a estar al lado de ellos, de quienes mantienen nuestra econom\u00eda y nuestro empleo, y seguiremos trabajando para que nadie se quede atr\u00e1s ante las consecuencias econ\u00f3micas de esta pandemia\u201d, ha se\u00f1alado Roc\u00edo Mart\u00ednez.<\/span><\/span><\/span><\/span><\/p>\n","protected":false},"excerpt":{"rendered":"<p>Adem\u00e1s, se ha informado sobre las diferentes ayudas dirigidas a las empresas de hosteler\u00eda y restauraci\u00f3n, para conllevar los efectos de las limitaciones impuestas a ra\u00edz de la COVID-19 Viernes 15 de enero de 2021. El Consejo Municipal de Desarrollo Econ\u00f3mico, Empresarial y Comercial de Puerto Lumbreras ha mantenido de forma telem\u00e1tica la primera reuni\u00f3n [&hellip;]<\/p>\n","protected":false},"author":2,"featured_media":22854,"comment_status":"closed","ping_status":"open","sticky":false,"template":"","format":"standard","meta":{"footnotes":""},"categories":[2],"tags":[],"class_list":["post-22853","post","type-post","status-publish","format-standard","has-post-thumbnail","hentry","category-noticias"],"_links":{"self":[{"href":"https:\/\/www.puertolumbreras.es\/ayuntamiento\/wp-json\/wp\/v2\/posts\/22853","targetHints":{"allow":["GET"]}}],"collection":[{"href":"https:\/\/www.puertolumbreras.es\/ayuntamiento\/wp-json\/wp\/v2\/posts"}],"about":[{"href":"https:\/\/www.puertolumbreras.es\/ayuntamiento\/wp-json\/wp\/v2\/types\/post"}],"author":[{"embeddable":true,"href":"https:\/\/www.puertolumbreras.es\/ayuntamiento\/wp-json\/wp\/v2\/users\/2"}],"replies":[{"embeddable":true,"href":"https:\/\/www.puertolumbreras.es\/ayuntamiento\/wp-json\/wp\/v2\/comments?post=22853"}],"version-history":[{"count":0,"href":"https:\/\/www.puertolumbreras.es\/ayuntamiento\/wp-json\/wp\/v2\/posts\/22853\/revisions"}],"wp:attachment":[{"href":"https:\/\/www.puertolumbreras.es\/ayuntamiento\/wp-json\/wp\/v2\/media?parent=22853"}],"wp:term":[{"taxonomy":"category","embeddable":true,"href":"https:\/\/www.puertolumbreras.es\/ayuntamiento\/wp-json\/wp\/v2\/categories?post=22853"},{"taxonomy":"post_tag","embeddable":true,"href":"https:\/\/www.puertolumbreras.es\/ayuntamiento\/wp-json\/wp\/v2\/tags?post=22853"}],"curies":[{"name":"wp","href":"https:\/\/api.w.org\/{rel}","templated":true}]}}