{"id":22842,"date":"2021-01-13T15:14:45","date_gmt":"2021-01-13T13:14:45","guid":{"rendered":"https:\/\/www.puertolumbreras.es\/ayuntamiento\/?p=22842"},"modified":"2021-01-13T15:14:45","modified_gmt":"2021-01-13T13:14:45","slug":"el-ayuntamiento-se-reune-con-los-centros-educativos-para-valorar-nuevas-acciones-para-mejorar-la-ventilacion-en-las-aulas-del-municipio","status":"publish","type":"post","link":"https:\/\/www.puertolumbreras.es\/ayuntamiento\/2021\/01\/13\/el-ayuntamiento-se-reune-con-los-centros-educativos-para-valorar-nuevas-acciones-para-mejorar-la-ventilacion-en-las-aulas-del-municipio\/","title":{"rendered":"El Ayuntamiento se re\u00fane con los centros educativos para valorar nuevas acciones para mejorar la ventilaci\u00f3n en las aulas del municipio"},"content":{"rendered":"<ul>\n<li>\n<h6 align=\"justify\">Entre las medidas a adoptar, <span lang=\"es-ES\">se ha valorado la instalaci\u00f3n de placas de policarbonato en las ventanas, lo que permitir\u00eda la entrada de luz y reconducir el aire evitando que los ni\u00f1os reciban las corrientes directamente<\/span><\/h6>\n<\/li>\n<\/ul>\n<p align=\"justify\"><strong>Mi\u00e9rcoles 13 de <span lang=\"es-ES\">enero<\/span> de 2021. <\/strong>La alcaldesa de Puerto Lumbreras; Mar\u00eda \u00c1ngeles T\u00fanez, y el concejal de Educaci\u00f3n; Jos\u00e9 Manuel S\u00e1nchez, han mantenido esta ma\u00f1ana una reuni\u00f3n telem\u00e1tica con los directores de los colegios e Instituto de Educaci\u00f3n Secundaria del municipio as\u00ed como con t\u00e9cnicos municipales, a fin de valorar nuevas acciones para mejorar las condiciones de ventilaci\u00f3n y de calidad del aire en las aulas, y contribuir as\u00ed a una mayor seguridad y prevenci\u00f3n de la COVID-19 en estos espacios cerrados, y a su vez a una mayor comodidad para profesores y alumnos. El Ayuntamiento ha dotado con 215 medidores de CO2 (di\u00f3xido de carbono) a todas las aulas de todos los centros educativos de Puerto Lumbreras, que ya est\u00e1n en funcionamiento, y que miden en tiempo real los niveles de CO2 del ambiente, para comprobar si se encuentran dentro de los l\u00edmites aconsejados por la<span lang=\"es-ES\">s autoridades sanitarias<\/span>, o si en alg\u00fan aula en concreto, es necesario adoptar otras medidas adicionales.<\/p>\n<p align=\"justify\">\u201cEn este encuentro <span lang=\"es-ES\">hemos<\/span> analizado el funcionamiento de estos dispositivos tras los primeros d\u00edas, se han ofrecido indicaciones sobre uso a los directores de los centros, y <span lang=\"es-ES\">t\u00e9cnicos municipales<\/span> van a realizar estudios en diferentes aulas de cada centro para determinar las mejores soluciones de cara a mantener una adecuada ventilaci\u00f3n y tambi\u00e9n confort para todos. <span lang=\"es-ES\">L<\/span><span lang=\"es-ES\">os<\/span> <span lang=\"es-ES\">medidores<\/span> <span lang=\"es-ES\">nos proporcionan informaci\u00f3n fundamental sobre si existe o no<\/span> una buena ventilaci\u00f3n en las aulas y qu\u00e9 pasos dar en cada caso. En este sentido, seguimos escuchando a toda la comunidad educativa para adoptar nuevas decisiones y siempre consensuadas con ellos\u201d, explica la alcaldesa.<\/p>\n<p align=\"justify\"><span lang=\"es-ES\">Entre las nuevas medidas a adoptar, y teniendo en cuenta que la ventilaci\u00f3n natural que proporciona el mantener las ventanas y puertas es insustituible para la prevenci\u00f3n de contagios seg\u00fan indican las autoridades sanitarias y los expertos, se ha valorado la instalaci\u00f3n de placas de policarbonato en las ventanas, lo que permitir\u00eda la entrada de luz y reconducir el aire evitando que los ni\u00f1os reciban las corrientes directamente, as\u00ed como el cierre parcial de ventanas para poder mantener una temperatura \u00f3ptima en el aula.<\/span><\/p>\n<p align=\"justify\">\u201cSeguimos implementando las medidas necesarias para lograr unas aulas lo m\u00e1s seguras posibles frente a la COVID-19, y cumpliendo el compromiso marcado con centros educativos, padres y madres. Estas actuaciones se suman <span lang=\"es-ES\">al<\/span> reciente reparto de 22.000 mascarillas quir\u00fargicas entre el alumnado, <span lang=\"es-ES\">el re<\/span>fuerzo en recursos materiales y humanos para desinfecci\u00f3n continua, las labores de mantenimiento, se\u00f1alizaci\u00f3n y adaptaci\u00f3n de espacios, y la dotaci\u00f3n de material de desinfecci\u00f3n, protecci\u00f3n y prevenci\u00f3n del virus, entre otras, que hemos ido realizando desde meses antes del comienzo del curso escolar\u201d, ha se\u00f1alado <span lang=\"es-ES\">Mar\u00eda \u00c1ngeles T\u00fanez. <\/span><\/p>\n","protected":false},"excerpt":{"rendered":"<p>Entre las medidas a adoptar, se ha valorado la instalaci\u00f3n de placas de policarbonato en las ventanas, lo que permitir\u00eda la entrada de luz y reconducir el aire evitando que los ni\u00f1os reciban las corrientes directamente Mi\u00e9rcoles 13 de enero de 2021. La alcaldesa de Puerto Lumbreras; Mar\u00eda \u00c1ngeles T\u00fanez, y el concejal de Educaci\u00f3n; [&hellip;]<\/p>\n","protected":false},"author":2,"featured_media":22843,"comment_status":"closed","ping_status":"open","sticky":false,"template":"","format":"standard","meta":{"footnotes":""},"categories":[2],"tags":[],"class_list":["post-22842","post","type-post","status-publish","format-standard","has-post-thumbnail","hentry","category-noticias"],"_links":{"self":[{"href":"https:\/\/www.puertolumbreras.es\/ayuntamiento\/wp-json\/wp\/v2\/posts\/22842","targetHints":{"allow":["GET"]}}],"collection":[{"href":"https:\/\/www.puertolumbreras.es\/ayuntamiento\/wp-json\/wp\/v2\/posts"}],"about":[{"href":"https:\/\/www.puertolumbreras.es\/ayuntamiento\/wp-json\/wp\/v2\/types\/post"}],"author":[{"embeddable":true,"href":"https:\/\/www.puertolumbreras.es\/ayuntamiento\/wp-json\/wp\/v2\/users\/2"}],"replies":[{"embeddable":true,"href":"https:\/\/www.puertolumbreras.es\/ayuntamiento\/wp-json\/wp\/v2\/comments?post=22842"}],"version-history":[{"count":0,"href":"https:\/\/www.puertolumbreras.es\/ayuntamiento\/wp-json\/wp\/v2\/posts\/22842\/revisions"}],"wp:attachment":[{"href":"https:\/\/www.puertolumbreras.es\/ayuntamiento\/wp-json\/wp\/v2\/media?parent=22842"}],"wp:term":[{"taxonomy":"category","embeddable":true,"href":"https:\/\/www.puertolumbreras.es\/ayuntamiento\/wp-json\/wp\/v2\/categories?post=22842"},{"taxonomy":"post_tag","embeddable":true,"href":"https:\/\/www.puertolumbreras.es\/ayuntamiento\/wp-json\/wp\/v2\/tags?post=22842"}],"curies":[{"name":"wp","href":"https:\/\/api.w.org\/{rel}","templated":true}]}}