{"id":22834,"date":"2021-01-12T15:02:57","date_gmt":"2021-01-12T13:02:57","guid":{"rendered":"https:\/\/www.puertolumbreras.es\/ayuntamiento\/?p=22834"},"modified":"2021-01-12T15:02:57","modified_gmt":"2021-01-12T13:02:57","slug":"el-ayuntamiento-reparte-mas-de-22-000-mascarillas-quirurgicas-para-los-alumnos-de-los-centros-de-primaria-y-secundaria-de-puerto-lumbreras","status":"publish","type":"post","link":"https:\/\/www.puertolumbreras.es\/ayuntamiento\/2021\/01\/12\/el-ayuntamiento-reparte-mas-de-22-000-mascarillas-quirurgicas-para-los-alumnos-de-los-centros-de-primaria-y-secundaria-de-puerto-lumbreras\/","title":{"rendered":"El Ayuntamiento reparte m\u00e1s de 22.000 mascarillas quir\u00fargicas para los alumnos de los centros de Primaria y Secundaria de Puerto Lumbreras"},"content":{"rendered":"<ul>\n<li>\n<p class=\"western\" lang=\"es-ES\" align=\"justify\"><strong><span style=\"font-family: Arial, sans-serif\"><span lang=\"es-ES\">El consistorio sigue extendiendo la iniciativa tras llevarla a los comercios y a los mayores de 65 a\u00f1os, con el objetivo de concienciar sobre el uso obligatorio de la mascarilla y proteger a los sectores m\u00e1s vulnerables de la poblaci\u00f3n <\/span><\/span><\/strong><\/p>\n<\/li>\n<\/ul>\n<p class=\"western\" align=\"justify\"><span style=\"font-family: Calibri, sans-serif\"><span style=\"font-size: small\"><strong><span style=\"font-family: Arial, sans-serif\"><span style=\"font-size: medium\"><u>Martes 12 de enero de 2021.<\/u><\/span><\/span><\/strong> <span style=\"font-family: Arial, sans-serif\"><span style=\"font-size: medium\">El Ayuntamiento de Puerto Lumbreras ha repartido esta ma\u00f1ana<\/span><\/span><span style=\"font-family: Arial, sans-serif\"><span style=\"font-size: medium\"> m\u00e1s de 22.000 mascarillas quir\u00fargicas de uso obligatorio a todos los alumnos de Primaria y Secundaria del municipio.<\/span><\/span> <span style=\"font-family: Arial, sans-serif\"><span style=\"font-size: medium\">Se trata de una importante adquisici\u00f3n por parte del consistorio lumbrerense para seguir manteniendo las medidas higi\u00e9nico-sanitarias con la actual situaci\u00f3n de pandemia, y prevenir posibles contagios por COVID-19 entre la comunidad educativa.<\/span><\/span><span style=\"font-family: Arial, sans-serif\"><span style=\"font-size: medium\"> Durante toda la jornada de hoy, la alcaldesa; Mar\u00eda \u00c1ngeles T\u00fanez, y el concejal de Educaci\u00f3n; Jos\u00e9 Manuel S\u00e1nchez, han estado coordinando la distribuci\u00f3n de las mismas por cada centro. Cada escolar recibir\u00e1 de forma gratuita un lote de 10 mascarillas<\/span><\/span><span style=\"font-family: Arial, sans-serif\"><span style=\"font-size: medium\"> quir\u00fargicas de 3 capas, de un solo uso, con tira nasal ajustable y una eficiencia de filtraci\u00f3n bacteriana mayor al 95%<\/span><\/span><\/span><\/span><\/p>\n<p class=\"western\" align=\"justify\">\u201c<span style=\"font-family: Calibri, sans-serif\"><span style=\"font-size: small\"><span style=\"font-family: Arial, sans-serif\"><span style=\"font-size: medium\">Se trata de una medida ambiciosa, que\u00a0<\/span><\/span><span style=\"font-family: Arial, sans-serif\"><span style=\"font-size: medium\">cubrir\u00e1 las necesidades de m\u00e1s de tres mil alumnos de Puerto Lumbreras y que les permitir\u00e1 llevar mascarillas de calidad, con todas las garant\u00edas, al centro educativo<\/span><\/span><span style=\"font-family: Arial, sans-serif\"><span style=\"font-size: medium\">\u201d, explica la primer edil, quien aclara que \u201ccon esta compra y reparto conseguiremos un ahorro para las familias lumbrerenses y adem\u00e1s, nuestros menores podr\u00e1n cumplir con las normas higi\u00e9nicas y de trazabilidad en el uso de las mismas y seguir protegiendo a los escolares frente al virus\u201d, afirma.<\/span><\/span><\/span><\/span><\/p>\n<p class=\"western\" align=\"justify\"><span style=\"font-family: Calibri, sans-serif\"><span style=\"font-size: small\"><span style=\"font-family: Arial, sans-serif\"><span style=\"font-size: medium\">Esta medida\u00a0<\/span><\/span><span style=\"font-family: Arial, sans-serif\"><span style=\"font-size: medium\">se suma a las que ha venido llevando a cabo la concejal\u00eda de Educaci\u00f3n desde el inicio de curso para contribuir a una mayor seguridad en las aulas de la localidad frente a la COVID-19, y forma parte de<\/span><\/span><span style=\"font-family: Arial, sans-serif\"><span style=\"font-size: medium\"> la campa\u00f1a \u201cSi te cuidas, ganamos todos\u201d. Una iniciativa mediante la que el consistorio lumbrerense distribuye este material de prevenci\u00f3n frente a la COVID-19 a los alumnos de los cinco colegios de la localidad, <\/span><\/span><span style=\"font-family: Arial, sans-serif\"><span style=\"font-size: medium\">y <\/span><\/span><span style=\"font-family: Arial, sans-serif\"><span style=\"font-size: medium\">del IES Rambla de Nogalte. De esta forma, se extiende esta medida a la comunidad educativa, tras llevarla a los comercios y a sus clientes, as\u00ed como a los mayores de 65 a\u00f1os de Puerto Lumbreras, para seguir concienciando a la poblaci\u00f3n sobre el uso responsable y correcto de la mascarilla como escudo ante el virus.<\/span><\/span><\/span><\/span><\/p>\n<p align=\"justify\"><img loading=\"lazy\" decoding=\"async\" class=\"alignnone wp-image-22835 size-full\" src=\"https:\/\/www.puertolumbreras.es\/ayuntamiento\/wp-content\/uploads\/2021\/01\/66d86d63-77db-4176-b845-a21ab652f5ad.jpg\" alt=\"\" width=\"2000\" height=\"1500\" \/><\/p>\n<p align=\"justify\"><img loading=\"lazy\" decoding=\"async\" class=\"alignnone wp-image-22836 size-full\" src=\"https:\/\/www.puertolumbreras.es\/ayuntamiento\/wp-content\/uploads\/2021\/01\/IMG-7887-scaled.jpg\" alt=\"\" width=\"1920\" height=\"2560\" \/><\/p>\n","protected":false},"excerpt":{"rendered":"<p>El consistorio sigue extendiendo la iniciativa tras llevarla a los comercios y a los mayores de 65 a\u00f1os, con el objetivo de concienciar sobre el uso obligatorio de la mascarilla y proteger a los sectores m\u00e1s vulnerables de la poblaci\u00f3n Martes 12 de enero de 2021. El Ayuntamiento de Puerto Lumbreras ha repartido esta ma\u00f1ana [&hellip;]<\/p>\n","protected":false},"author":2,"featured_media":22837,"comment_status":"closed","ping_status":"open","sticky":false,"template":"","format":"standard","meta":{"footnotes":""},"categories":[2],"tags":[],"class_list":["post-22834","post","type-post","status-publish","format-standard","has-post-thumbnail","hentry","category-noticias"],"_links":{"self":[{"href":"https:\/\/www.puertolumbreras.es\/ayuntamiento\/wp-json\/wp\/v2\/posts\/22834","targetHints":{"allow":["GET"]}}],"collection":[{"href":"https:\/\/www.puertolumbreras.es\/ayuntamiento\/wp-json\/wp\/v2\/posts"}],"about":[{"href":"https:\/\/www.puertolumbreras.es\/ayuntamiento\/wp-json\/wp\/v2\/types\/post"}],"author":[{"embeddable":true,"href":"https:\/\/www.puertolumbreras.es\/ayuntamiento\/wp-json\/wp\/v2\/users\/2"}],"replies":[{"embeddable":true,"href":"https:\/\/www.puertolumbreras.es\/ayuntamiento\/wp-json\/wp\/v2\/comments?post=22834"}],"version-history":[{"count":0,"href":"https:\/\/www.puertolumbreras.es\/ayuntamiento\/wp-json\/wp\/v2\/posts\/22834\/revisions"}],"wp:attachment":[{"href":"https:\/\/www.puertolumbreras.es\/ayuntamiento\/wp-json\/wp\/v2\/media?parent=22834"}],"wp:term":[{"taxonomy":"category","embeddable":true,"href":"https:\/\/www.puertolumbreras.es\/ayuntamiento\/wp-json\/wp\/v2\/categories?post=22834"},{"taxonomy":"post_tag","embeddable":true,"href":"https:\/\/www.puertolumbreras.es\/ayuntamiento\/wp-json\/wp\/v2\/tags?post=22834"}],"curies":[{"name":"wp","href":"https:\/\/api.w.org\/{rel}","templated":true}]}}