{"id":22804,"date":"2021-01-11T13:31:03","date_gmt":"2021-01-11T11:31:03","guid":{"rendered":"https:\/\/www.puertolumbreras.es\/ayuntamiento\/?p=22804"},"modified":"2021-01-11T13:31:03","modified_gmt":"2021-01-11T11:31:03","slug":"todos-los-centros-educativos-de-puerto-lumbreras-arrancan-el-trimestre-con-medidores-de-co2-para-mantener-una-adecuada-ventilacion-en-las-aulas","status":"publish","type":"post","link":"https:\/\/www.puertolumbreras.es\/ayuntamiento\/2021\/01\/11\/todos-los-centros-educativos-de-puerto-lumbreras-arrancan-el-trimestre-con-medidores-de-co2-para-mantener-una-adecuada-ventilacion-en-las-aulas\/","title":{"rendered":"Todos los centros educativos de Puerto Lumbreras arrancan el trimestre con medidores de CO2 para mantener una adecuada ventilaci\u00f3n en las aulas"},"content":{"rendered":"<ul>\n<li><strong>M\u00e1s de 3000 alumnos se beneficiar\u00e1n de estos dispositivos que <\/strong><strong>controlar\u00e1n qu\u00e9 aulas se ventilan de manera m\u00e1s eficaz, y en cu\u00e1les hay que reforzar esas pautas<\/strong><strong>, como medida de prevenci\u00f3n frente a la COVID-19<\/strong><\/li>\n<\/ul>\n<p><strong><u>Lunes 11 de enero de 2021.<\/u><\/strong> La alcaldesa de Puerto Lumbreras; Mar\u00eda \u00c1ngeles T\u00fanez, ha hecho entrega esta ma\u00f1ana al Instituto de Educaci\u00f3n Secundaria Rambla de Nogalte de medidores de CO2 (di\u00f3xido de carbono) para todas y cada una de las aulas del IES. De esta manera, se completa el reparto y puesta en funcionamiento en todos los centros educativos de Puerto Lumbreras de estos dispositivos que analizan la calidad del aire y ayudan a mantener una adecuada ventilaci\u00f3n en espacios cerrados; una medida de prevenci\u00f3n fundamental frente a la COVID-19.\u00a0 \u201cEn total, el Ayuntamiento ha distribuido 215 medidores de di\u00f3xido de carbono para todas las aulas de todos los centros educativos del municipio; red municipal de escuelas infantiles, Educaci\u00f3n Infantil, Educaci\u00f3n Primaria, Secundaria, Bachillerato, Formaci\u00f3n Profesional, Escuela de Idiomas, Educaci\u00f3n de Adultos y Escuela de M\u00fasica. Una medida m\u00e1s con la que contribuimos a hacer nuestras aulas a\u00fan m\u00e1s seguras y a velar por la salud de m\u00e1s de 3000 alumnos de Puerto Lumbreras. Adem\u00e1s, esta actuaci\u00f3n incluye actividades formativas para que los profesores y los distintos profesionales de los centros adquieran los conocimientos necesarios para utilizar estos dispositivos que garantizan que exista una buena ventilaci\u00f3n en los centros educativos\u201d, ha se\u00f1alado la alcaldesa.<\/p>\n<p>La instalaci\u00f3n de medidores de CO2 en lugares utilizados por grupos de personas durante m\u00e1s de una hora, es una medida que recomiendan autoridades y organismos competentes en la materia, ya que la concentraci\u00f3n de CO2 es un indicador del nivel de ventilaci\u00f3n. El CO2 se genera por la respiraci\u00f3n, y, por lo tanto, en espacios cerrados tiende a incrementarse a un ritmo constante para un determinado n\u00famero de personas. De esta forma, el medidor analizar\u00e1 si los valores de ventilaci\u00f3n est\u00e1n dentro de los l\u00edmites indicados por las autoridades sanitarias, y controlar\u00e1 qu\u00e9 aulas se ventilan de manera m\u00e1s eficaz, y en cu\u00e1les hay que reforzar esas pautas.<\/p>\n<p>Los medidores han sido donados por Pydesa Renovables, una empresa murciana fundada por dos ingenieros Industriales; Francisco Javier Garc\u00eda Llamas y Juan Cano Mart\u00ednez, especializada en el desarrollo de proyectos renovables, con m\u00e1s de 15 a\u00f1os de experiencia en energ\u00eda fotovoltaica y comprometida con la sociedad y con el medio ambiente, a trav\u00e9s de la promoci\u00f3n y el desarrollo de energ\u00edas limpias que garanticen la sostenibilidad.<\/p>\n<p><img loading=\"lazy\" decoding=\"async\" class=\"alignnone wp-image-22805 size-full\" src=\"https:\/\/www.puertolumbreras.es\/ayuntamiento\/wp-content\/uploads\/2021\/01\/27855be8-513e-4318-8f07-746f28106764.jpg\" alt=\"\" width=\"1024\" height=\"768\" \/><\/p>\n<p><img loading=\"lazy\" decoding=\"async\" class=\"alignnone wp-image-22807 size-full\" src=\"https:\/\/www.puertolumbreras.es\/ayuntamiento\/wp-content\/uploads\/2021\/01\/IMG-7783-scaled.jpg\" alt=\"\" width=\"2560\" height=\"1920\" \/><\/p>\n","protected":false},"excerpt":{"rendered":"<p>M\u00e1s de 3000 alumnos se beneficiar\u00e1n de estos dispositivos que controlar\u00e1n qu\u00e9 aulas se ventilan de manera m\u00e1s eficaz, y en cu\u00e1les hay que reforzar esas pautas, como medida de prevenci\u00f3n frente a la COVID-19 Lunes 11 de enero de 2021. La alcaldesa de Puerto Lumbreras; Mar\u00eda \u00c1ngeles T\u00fanez, ha hecho entrega esta ma\u00f1ana al [&hellip;]<\/p>\n","protected":false},"author":2,"featured_media":22806,"comment_status":"closed","ping_status":"open","sticky":false,"template":"","format":"standard","meta":{"footnotes":""},"categories":[2],"tags":[],"class_list":["post-22804","post","type-post","status-publish","format-standard","has-post-thumbnail","hentry","category-noticias"],"_links":{"self":[{"href":"https:\/\/www.puertolumbreras.es\/ayuntamiento\/wp-json\/wp\/v2\/posts\/22804","targetHints":{"allow":["GET"]}}],"collection":[{"href":"https:\/\/www.puertolumbreras.es\/ayuntamiento\/wp-json\/wp\/v2\/posts"}],"about":[{"href":"https:\/\/www.puertolumbreras.es\/ayuntamiento\/wp-json\/wp\/v2\/types\/post"}],"author":[{"embeddable":true,"href":"https:\/\/www.puertolumbreras.es\/ayuntamiento\/wp-json\/wp\/v2\/users\/2"}],"replies":[{"embeddable":true,"href":"https:\/\/www.puertolumbreras.es\/ayuntamiento\/wp-json\/wp\/v2\/comments?post=22804"}],"version-history":[{"count":0,"href":"https:\/\/www.puertolumbreras.es\/ayuntamiento\/wp-json\/wp\/v2\/posts\/22804\/revisions"}],"wp:attachment":[{"href":"https:\/\/www.puertolumbreras.es\/ayuntamiento\/wp-json\/wp\/v2\/media?parent=22804"}],"wp:term":[{"taxonomy":"category","embeddable":true,"href":"https:\/\/www.puertolumbreras.es\/ayuntamiento\/wp-json\/wp\/v2\/categories?post=22804"},{"taxonomy":"post_tag","embeddable":true,"href":"https:\/\/www.puertolumbreras.es\/ayuntamiento\/wp-json\/wp\/v2\/tags?post=22804"}],"curies":[{"name":"wp","href":"https:\/\/api.w.org\/{rel}","templated":true}]}}