{"id":22778,"date":"2020-12-30T15:37:13","date_gmt":"2020-12-30T13:37:13","guid":{"rendered":"https:\/\/www.puertolumbreras.es\/ayuntamiento\/?p=22778"},"modified":"2020-12-30T15:37:13","modified_gmt":"2020-12-30T13:37:13","slug":"el-ayuntamiento-equipa-a-la-policia-local-de-puerto-lumbreras-con-chalecos-antibalas-y-anticorte","status":"publish","type":"post","link":"https:\/\/www.puertolumbreras.es\/ayuntamiento\/2020\/12\/30\/el-ayuntamiento-equipa-a-la-policia-local-de-puerto-lumbreras-con-chalecos-antibalas-y-anticorte\/","title":{"rendered":"El Ayuntamiento equipa a la Polic\u00eda Local de  Puerto Lumbreras con chalecos antibalas y anticorte"},"content":{"rendered":"<ul>\n<li>\n<p class=\"western\" align=\"justify\"><span style=\"font-family: Arial, sans-serif\"><span style=\"font-size: medium\"><b><strong>Gracias a esta medida el consistorio sigue mejorando el servicio y la seguridad en las calles y pedan\u00edas del municipio<\/strong><\/b><\/span><\/span><a name=\"m75-74-76\"><\/a><\/p>\n<\/li>\n<\/ul>\n<p class=\"western\" align=\"justify\"><span style=\"font-family: Calibri, sans-serif\"><span style=\"font-size: small\"><strong><span style=\"color: #000000\"><span style=\"font-family: Arial, sans-serif\"><span style=\"font-size: medium\"><span lang=\"es-ES\"><u><b>M<\/b><\/u><\/span><\/span><\/span><\/span><\/strong><strong><span style=\"color: #000000\"><span style=\"font-family: Arial, sans-serif\"><span style=\"font-size: medium\"><span lang=\"es-ES\"><u><b>i\u00e9rcoles 30 <\/b><\/u><\/span><\/span><\/span><\/span><\/strong><strong><span style=\"font-family: Arial, sans-serif\"><span style=\"font-size: medium\"><u>de diciembre de 2020.<\/u><\/span><\/span><\/strong><span style=\"font-family: Arial, sans-serif\"><span style=\"font-size: medium\"> La alcaldesa de P<\/span><\/span><span style=\"color: #000000\"><span style=\"font-family: Arial, sans-serif\"><span style=\"font-size: medium\"><span lang=\"es-ES\">uerto Lumbreras, Mar\u00eda \u00c1ngeles T\u00fanez,<\/span><\/span><\/span><\/span><span style=\"color: #000000\"><span style=\"font-family: Arial, sans-serif\"><span style=\"font-size: medium\"><span lang=\"es-ES\"> ha hecho entrega <\/span><\/span><\/span><\/span><span style=\"color: #000000\"><span style=\"font-family: Arial, sans-serif\"><span style=\"font-size: medium\"><span lang=\"es-ES\">este mediod\u00eda <\/span><\/span><\/span><\/span><span style=\"color: #000000\"><span style=\"font-family: Arial, sans-serif\"><span style=\"font-size: medium\"><span lang=\"es-ES\">a la <\/span><\/span><\/span><\/span><span style=\"color: #000000\"><span style=\"font-family: Arial, sans-serif\"><span style=\"font-size: medium\"><span lang=\"es-ES\">Polic\u00eda Local <\/span><\/span><\/span><\/span><span style=\"color: #000000\"><span style=\"font-family: Arial, sans-serif\"><span style=\"font-size: medium\"><span lang=\"es-ES\">de una serie de chalecos antibalas y anticorte que vienen a reforzar la seguridad de <\/span><\/span><\/span><\/span><span style=\"color: #000000\"><span style=\"font-family: Arial, sans-serif\"><span style=\"font-size: medium\"><span lang=\"es-ES\">los <\/span><\/span><\/span><\/span><span style=\"color: #000000\"><span style=\"font-family: Arial, sans-serif\"><span style=\"font-size: medium\"><span lang=\"es-ES\">agentes <\/span><\/span><\/span><\/span><span style=\"color: #000000\"><span style=\"font-family: Arial, sans-serif\"><span style=\"font-size: medium\"><span lang=\"es-ES\">del municipio. \u201c<\/span><\/span><\/span><\/span><span style=\"color: #000000\"><span style=\"font-family: Arial, sans-serif\"><span style=\"font-size: medium\"><span lang=\"es-ES\">Seguimos dotando a nuestra Polic\u00eda Local de los recursos necesarios para su protecci\u00f3n y defensa, lo que redundar\u00e1 sin duda en la mejora del servicio que \u00e9sta ofrece a los lumbrerenses y una mayor seguridad en nuestras calles, barrios y pedan\u00edas\u201d, ha se\u00f1alado T\u00fanez. <\/span><\/span><\/span><\/span><\/span><\/span><\/p>\n<p class=\"western\" align=\"justify\"><span style=\"font-family: Calibri, sans-serif\"><span style=\"font-size: small\"><span style=\"color: #000000\"><span style=\"font-family: Arial, sans-serif\"><span style=\"font-size: medium\"><span lang=\"es-ES\">Estos chalecos tienen una importante funci\u00f3n para los agentes, ya que quedan protegidos ante el impacto de proyectiles y armas blancas. Est\u00e1n elaborados con materiales de alta resistencia que protegen el cuerpo de los agentes. <\/span><\/span><\/span><\/span><\/span><\/span><\/p>\n<p class=\"western\" align=\"justify\"><span style=\"font-family: Calibri, sans-serif\"><span style=\"font-size: small\"><span style=\"color: #000000\"><span style=\"font-family: Arial, sans-serif\"><span style=\"font-size: medium\"><span lang=\"es-ES\">La alcaldesa ha recordado \u201cque esta es una medida m\u00e1s que se suman a las que continuamente venimos implementando para facilitar las mejores condiciones a nuestra Polic\u00eda Local. Adem\u00e1s, en los \u00faltimos meses este cuerpo de seguridad se ha reforzado con 4 nuevos efectivos. 3 de ellos se han incorporado tras los procesos selectivos convocados por el Ayuntamiento, y otro agente m\u00e1s ha llegado por el sistema de comisi\u00f3n de servicio\u201d, ha expresado la primer edil.<\/span><\/span><\/span><\/span><\/span><\/span><\/p>\n<p align=\"justify\"><img loading=\"lazy\" decoding=\"async\" class=\"alignnone wp-image-22780 \" src=\"https:\/\/www.puertolumbreras.es\/ayuntamiento\/wp-content\/uploads\/2020\/12\/IMG-6741-scaled.jpg\" alt=\"\" width=\"1440\" height=\"2560\" \/><\/p>\n<p align=\"justify\"><img loading=\"lazy\" decoding=\"async\" class=\"alignnone wp-image-22781 size-full\" src=\"https:\/\/www.puertolumbreras.es\/ayuntamiento\/wp-content\/uploads\/2020\/12\/133959170_214291907038533_3651585579595418450_n.jpg\" alt=\"\" width=\"720\" height=\"960\" \/><\/p>\n","protected":false},"excerpt":{"rendered":"<p>Gracias a esta medida el consistorio sigue mejorando el servicio y la seguridad en las calles y pedan\u00edas del municipio Mi\u00e9rcoles 30 de diciembre de 2020. La alcaldesa de Puerto Lumbreras, Mar\u00eda \u00c1ngeles T\u00fanez, ha hecho entrega este mediod\u00eda a la Polic\u00eda Local de una serie de chalecos antibalas y anticorte que vienen a reforzar [&hellip;]<\/p>\n","protected":false},"author":2,"featured_media":22779,"comment_status":"closed","ping_status":"open","sticky":false,"template":"","format":"standard","meta":{"footnotes":""},"categories":[2],"tags":[],"class_list":["post-22778","post","type-post","status-publish","format-standard","has-post-thumbnail","hentry","category-noticias"],"_links":{"self":[{"href":"https:\/\/www.puertolumbreras.es\/ayuntamiento\/wp-json\/wp\/v2\/posts\/22778","targetHints":{"allow":["GET"]}}],"collection":[{"href":"https:\/\/www.puertolumbreras.es\/ayuntamiento\/wp-json\/wp\/v2\/posts"}],"about":[{"href":"https:\/\/www.puertolumbreras.es\/ayuntamiento\/wp-json\/wp\/v2\/types\/post"}],"author":[{"embeddable":true,"href":"https:\/\/www.puertolumbreras.es\/ayuntamiento\/wp-json\/wp\/v2\/users\/2"}],"replies":[{"embeddable":true,"href":"https:\/\/www.puertolumbreras.es\/ayuntamiento\/wp-json\/wp\/v2\/comments?post=22778"}],"version-history":[{"count":0,"href":"https:\/\/www.puertolumbreras.es\/ayuntamiento\/wp-json\/wp\/v2\/posts\/22778\/revisions"}],"wp:attachment":[{"href":"https:\/\/www.puertolumbreras.es\/ayuntamiento\/wp-json\/wp\/v2\/media?parent=22778"}],"wp:term":[{"taxonomy":"category","embeddable":true,"href":"https:\/\/www.puertolumbreras.es\/ayuntamiento\/wp-json\/wp\/v2\/categories?post=22778"},{"taxonomy":"post_tag","embeddable":true,"href":"https:\/\/www.puertolumbreras.es\/ayuntamiento\/wp-json\/wp\/v2\/tags?post=22778"}],"curies":[{"name":"wp","href":"https:\/\/api.w.org\/{rel}","templated":true}]}}