{"id":22768,"date":"2020-12-23T14:21:03","date_gmt":"2020-12-23T12:21:03","guid":{"rendered":"https:\/\/www.puertolumbreras.es\/ayuntamiento\/?p=22768"},"modified":"2020-12-23T14:21:03","modified_gmt":"2020-12-23T12:21:03","slug":"el-ayuntamiento-repartira-a-todos-los-alumnos-de-puerto-lumbreras-lotes-de-mascarillas-quirurgicas-dentro-de-la-campana-si-te-cuidas-ganamos-todos","status":"publish","type":"post","link":"https:\/\/www.puertolumbreras.es\/ayuntamiento\/2020\/12\/23\/el-ayuntamiento-repartira-a-todos-los-alumnos-de-puerto-lumbreras-lotes-de-mascarillas-quirurgicas-dentro-de-la-campana-si-te-cuidas-ganamos-todos\/","title":{"rendered":"El Ayuntamiento repartir\u00e1 a todos los alumnos de Puerto Lumbreras lotes de mascarillas quir\u00fargicas dentro de la campa\u00f1a \u201cSi te cuidas ganamos todos\u201d"},"content":{"rendered":"<ul>\n<li>\n<p class=\"western\" lang=\"es-ES\" align=\"justify\"><strong><span style=\"color: #000000\"><span style=\"font-family: Arial, sans-serif\"><span style=\"font-size: medium\"><span lang=\"es-ES\">El consistorio sigue extendiendo la iniciativa tras llevarla a los <\/span><\/span><\/span><\/span><\/strong><strong><span style=\"color: #000000\"><span style=\"font-family: Arial, sans-serif\"><span style=\"font-size: medium\"><span lang=\"es-ES\"><b>c<\/b><\/span><\/span><\/span><\/span><\/strong><strong><span style=\"color: #000000\"><span style=\"font-family: Arial, sans-serif\"><span style=\"font-size: medium\"><span lang=\"es-ES\"><b>omercios<\/b><\/span><\/span><\/span><\/span><\/strong><strong><span style=\"color: #000000\"><span style=\"font-family: Arial, sans-serif\"><span style=\"font-size: medium\"><span lang=\"es-ES\"> y a los mayores de 65 a\u00f1os, con el objetivo de proteger a <\/span><\/span><\/span><\/span><\/strong><strong><span style=\"color: #000000\"><span style=\"font-family: Arial, sans-serif\"><span style=\"font-size: medium\"><span lang=\"es-ES\">los sectores m\u00e1s vulnerables de la poblaci\u00f3n<\/span><\/span><\/span><\/span><\/strong><\/p>\n<\/li>\n<\/ul>\n<p class=\"western\" align=\"justify\"><span style=\"font-family: Calibri, sans-serif\"><span style=\"font-size: small\"><strong><span style=\"font-family: Arial, sans-serif\"><span style=\"font-size: medium\"><u>Mi\u00e9rcoles <\/u><\/span><\/span><\/strong><strong><span style=\"font-family: Arial, sans-serif\"><span style=\"font-size: medium\"><u>23<\/u><\/span><\/span><\/strong><strong><span style=\"font-family: Arial, sans-serif\"><span style=\"font-size: medium\"><u> de <\/u><\/span><\/span><\/strong><strong><span style=\"font-family: Arial, sans-serif\"><span style=\"font-size: medium\"><u>dic<\/u><\/span><\/span><\/strong><strong><span style=\"font-family: Arial, sans-serif\"><span style=\"font-size: medium\"><u>iembre de 2020.<\/u><\/span><\/span><\/strong> <span style=\"color: #000000\"><span style=\"font-family: Arial, sans-serif\"><span style=\"font-size: medium\"><span lang=\"es-ES\">El concejal de Educaci\u00f3n; Jos\u00e9 Manuel S\u00e1nchez, ha informado que <\/span><\/span><\/span><\/span><span style=\"color: #000000\"><span style=\"font-family: Arial, sans-serif\"><span style=\"font-size: medium\"><span lang=\"es-ES\">el Ayuntamiento de Puerto Lumbreras va a hacer entrega de un lote de 10 mascarillas quir\u00fargicas a todos los alumnos de los centros educativos p\u00fablicos y privados del municipio dentro de <\/span><\/span><\/span><\/span><span style=\"color: #000000\"><span style=\"font-family: Arial, sans-serif\"><span style=\"font-size: medium\"><span lang=\"es-ES\">la campa\u00f1a \u201cSi te cuidas, ganamos todos\u201d. Una iniciativa mediante la que el consistorio l<\/span><\/span><\/span><\/span><span style=\"color: #000000\"><span style=\"font-family: Arial, sans-serif\"><span style=\"font-size: medium\"><span lang=\"es-ES\">umbrerense distribuir\u00e1 este material de prevenci\u00f3n frente a la COVID-19 a los alumnos de los cinco colegios de la localidad, IES Rambla de Nogalte, Educaci\u00f3n de Adultos y Escuela Oficial de Idiomas, a la vuelta a las aulas tras las fiestas navide\u00f1as. <\/span><\/span><\/span><\/span><span style=\"color: #000000\"><span style=\"font-family: Arial, sans-serif\"><span style=\"font-size: medium\"><span lang=\"es-ES\">De esta forma, se extiende esta medida a la comunidad educativa, tras llevarla en los \u00faltimos d\u00edas a los comercios y a sus clientes, as\u00ed como a los mayores de 65 a\u00f1os de Puerto Lumbreras. <\/span><\/span><\/span><\/span><\/span><\/span><span style=\"color: #000000\"><span style=\"font-family: Arial, sans-serif\"><span style=\"font-size: medium\"><span lang=\"es-ES\">\u201c<\/span><\/span><\/span><\/span><span style=\"color: #000000\"><span style=\"font-family: Arial, sans-serif\"><span style=\"font-size: medium\"><span lang=\"es-ES\">Se<\/span><\/span><\/span><\/span><span style=\"color: #000000\"><span style=\"font-family: Arial, sans-serif\"><span style=\"font-size: medium\"><span lang=\"es-ES\">guimos <\/span><\/span><\/span><\/span><span style=\"color: #000000\"><span style=\"font-family: Arial, sans-serif\"><span style=\"font-size: medium\"><span lang=\"es-ES\">concienciando a la poblaci\u00f3n sobre el uso responsable y correcto de la mascarilla como escudo ante el virus, y <\/span><\/span><\/span><\/span><span style=\"color: #000000\"><span style=\"font-family: Arial, sans-serif\"><span style=\"font-size: medium\"><span lang=\"es-ES\">ayudando a <\/span><\/span><\/span><\/span><span style=\"color: #000000\"><span style=\"font-family: Arial, sans-serif\"><span style=\"font-size: medium\"><span lang=\"es-ES\">garantizar la m\u00e1xima seguridad en nuestros centros educativos. Esta ha sido una prioridad para el Ayuntamiento desde el inicio de la pandemia, y para ello hemos llevado a cabo las tareas de mantenimiento y adaptaci\u00f3n de centros necesarias, hemos <\/span><\/span><\/span><\/span><span style=\"color: #000000\"><span style=\"font-family: Arial, sans-serif\"><span style=\"font-size: medium\"><span lang=\"es-ES\"> contrata<\/span><\/span><\/span><\/span><span style=\"color: #000000\"><span style=\"font-family: Arial, sans-serif\"><span style=\"font-size: medium\"><span lang=\"es-ES\">do a <\/span><\/span><\/span><\/span><span style=\"color: #000000\"><span style=\"font-family: Arial, sans-serif\"><span style=\"font-size: medium\"><span lang=\"es-ES\">4 nuevas limpiadoras para la desinfecci\u00f3n de los colegios en horario matinal <\/span><\/span><\/span><\/span><span style=\"color: #000000\"><span style=\"font-family: Arial, sans-serif\"><span style=\"font-size: medium\"><span lang=\"es-ES\">y a una empresa especializada para llevar a cabo estas labores puntualmente<\/span><\/span><\/span><\/span><span style=\"color: #000000\"><span style=\"font-family: Arial, sans-serif\"><span style=\"font-size: medium\"><span lang=\"es-ES\">, adem\u00e1s del <\/span><\/span><\/span><\/span><span style=\"color: #000000\"><span style=\"font-family: Arial, sans-serif\"><span style=\"font-size: medium\"><span lang=\"es-ES\">refuerzo en recursos materiales, y en<\/span><\/span><\/span><\/span><span style=\"color: #000000\"><span style=\"font-family: Arial, sans-serif\"><span style=\"font-size: medium\"><span lang=\"es-ES\"> vigilancia en entradas y salidas de Protecci\u00f3n Civil y Polic\u00eda Local, e<\/span><\/span><\/span><\/span><span style=\"color: #000000\"><span style=\"font-family: Arial, sans-serif\"><span style=\"font-size: medium\"><span lang=\"es-ES\">ntre otras medidas. Adem\u00e1s, hemos dotado a todos los centros educativos de medidores de CO2 para que a la vuelta de vacaciones ya puedan utilizarlos y as\u00ed garantizar que exista una adecuada calidad del aire en todas las aulas de Puerto Lumbreras <\/span><\/span><\/span><\/span><span style=\"color: #000000\"><span style=\"font-family: Arial, sans-serif\"><span style=\"font-size: medium\"><span lang=\"es-ES\">y prevenir posibles contagios<\/span><\/span><\/span><\/span><span style=\"color: #000000\"><span style=\"font-family: Arial, sans-serif\"><span style=\"font-size: medium\"><span lang=\"es-ES\">\u201d, ha explicado el concejal de Educaci\u00f3n; Jos\u00e9 Manuel S\u00e1nchez. <\/span><\/span><\/span><\/span><\/p>\n<p align=\"justify\"><img loading=\"lazy\" decoding=\"async\" class=\"alignnone wp-image-22770 size-full\" src=\"https:\/\/www.puertolumbreras.es\/ayuntamiento\/wp-content\/uploads\/2020\/12\/mascarilla.jpg\" alt=\"\" width=\"720\" height=\"960\" \/><\/p>\n","protected":false},"excerpt":{"rendered":"<p>El consistorio sigue extendiendo la iniciativa tras llevarla a los comercios y a los mayores de 65 a\u00f1os, con el objetivo de proteger a los sectores m\u00e1s vulnerables de la poblaci\u00f3n Mi\u00e9rcoles 23 de diciembre de 2020. El concejal de Educaci\u00f3n; Jos\u00e9 Manuel S\u00e1nchez, ha informado que el Ayuntamiento de Puerto Lumbreras va a hacer [&hellip;]<\/p>\n","protected":false},"author":2,"featured_media":22771,"comment_status":"closed","ping_status":"open","sticky":false,"template":"","format":"standard","meta":{"footnotes":""},"categories":[2],"tags":[],"class_list":["post-22768","post","type-post","status-publish","format-standard","has-post-thumbnail","hentry","category-noticias"],"_links":{"self":[{"href":"https:\/\/www.puertolumbreras.es\/ayuntamiento\/wp-json\/wp\/v2\/posts\/22768","targetHints":{"allow":["GET"]}}],"collection":[{"href":"https:\/\/www.puertolumbreras.es\/ayuntamiento\/wp-json\/wp\/v2\/posts"}],"about":[{"href":"https:\/\/www.puertolumbreras.es\/ayuntamiento\/wp-json\/wp\/v2\/types\/post"}],"author":[{"embeddable":true,"href":"https:\/\/www.puertolumbreras.es\/ayuntamiento\/wp-json\/wp\/v2\/users\/2"}],"replies":[{"embeddable":true,"href":"https:\/\/www.puertolumbreras.es\/ayuntamiento\/wp-json\/wp\/v2\/comments?post=22768"}],"version-history":[{"count":0,"href":"https:\/\/www.puertolumbreras.es\/ayuntamiento\/wp-json\/wp\/v2\/posts\/22768\/revisions"}],"wp:attachment":[{"href":"https:\/\/www.puertolumbreras.es\/ayuntamiento\/wp-json\/wp\/v2\/media?parent=22768"}],"wp:term":[{"taxonomy":"category","embeddable":true,"href":"https:\/\/www.puertolumbreras.es\/ayuntamiento\/wp-json\/wp\/v2\/categories?post=22768"},{"taxonomy":"post_tag","embeddable":true,"href":"https:\/\/www.puertolumbreras.es\/ayuntamiento\/wp-json\/wp\/v2\/tags?post=22768"}],"curies":[{"name":"wp","href":"https:\/\/api.w.org\/{rel}","templated":true}]}}