{"id":22756,"date":"2020-12-22T13:38:58","date_gmt":"2020-12-22T11:38:58","guid":{"rendered":"https:\/\/www.puertolumbreras.es\/ayuntamiento\/?p=22756"},"modified":"2020-12-22T13:38:58","modified_gmt":"2020-12-22T11:38:58","slug":"el-ayuntamiento-lleva-a-cabo-la-instalacion-de-medidores-de-co2-en-todos-los-centros-educativos-del-municipio-durante-las-fiestas-navidenas","status":"publish","type":"post","link":"https:\/\/www.puertolumbreras.es\/ayuntamiento\/2020\/12\/22\/el-ayuntamiento-lleva-a-cabo-la-instalacion-de-medidores-de-co2-en-todos-los-centros-educativos-del-municipio-durante-las-fiestas-navidenas\/","title":{"rendered":"El Ayuntamiento lleva a cabo la instalaci\u00f3n de medidores de CO2 en todos los centros educativos del municipio durante las fiestas navide\u00f1as"},"content":{"rendered":"<ul>\n<li>\n<p class=\"western\" lang=\"es-ES\" align=\"justify\"><strong><span style=\"font-family: Arial, sans-serif\"><span lang=\"es-ES\">215 unidades de estos dispositivos <\/span><\/span><\/strong><span style=\"font-family: Arial, sans-serif\"><b>determinar\u00e1n la calidad del aire en cada una de las aulas de la red municipal de escuelas infantiles, colegios, Instituto, Escuela de Idiomas, Educaci\u00f3n de Adultos y Escuela de M\u00fasica<\/b><\/span><\/p>\n<\/li>\n<\/ul>\n<p><span style=\"font-family: Times New Roman, serif\"><strong><span style=\"font-family: Arial, sans-serif\"><u>Martes 22 de diciembre de 2020<\/u><\/span><\/strong><strong><span style=\"font-family: Arial, sans-serif\">.<\/span><\/strong><\/span><span style=\"color: #000000\">El Ayuntamiento de Puerto Lumbreras <span lang=\"es-ES\">est\u00e1 llevando a cabo<\/span> la instalaci\u00f3n de medidores de di\u00f3xido de carbono en los centros educativos del municipio durante las fiestas navide\u00f1as, coincidiendo con el periodo no lectivo y con el objetivo de que est\u00e9n operativos a la vuelta a las aulas el pr\u00f3ximo 11 de enero. Adem\u00e1s, esta actuaci\u00f3n incluye actividades formativas para que profesores y los distintos profesionales de los centros adquieran los conocimientos necesarios para utilizar estos dispositivos que garantizan que exista una buena ventilaci\u00f3n en las aulas. \u201cHoy se han distribuido estos dispositivos a todos los colegios y escuelas infantiles de la localidad, y en los pr\u00f3ximos d\u00edas se har\u00e1 extensivo en el resto de centros. Seguimos implementando las medidas necesarias para lograr unas aulas lo m\u00e1s seguras posibles frente a la COVID-19, y cumpliendo el compromiso marcado con centros, padres y madres. La instalaci\u00f3n de medidores de CO2 es la principal actuaci\u00f3n aconsejada por diversas instituciones y estudios a nivel mundial para la prevenci\u00f3n del virus en espacios cerrados, siempre como complemento a la ventilaci\u00f3n natural que supone la apertura de puertas y ventanas en las aulas, y se suma a las actuaciones de refuerzo en recursos materiales y humanos para desinfecci\u00f3n continua, labores de mantenimiento, se\u00f1alizaci\u00f3n y adaptaci\u00f3n de espacios, y dotaci\u00f3n de material de desinfecci\u00f3n, protecci\u00f3n y prevenci\u00f3n del virus, entre otras, que hemos ido realizando desde antes del comienzo del curso escolar\u201d, ha se\u00f1alado el concejal de Educaci\u00f3n; Jos\u00e9 Manuel S\u00e1nchez.<\/span><\/p>\n<p><span style=\"color: #000000\">En total, el Ayuntamiento va a instalar 215 medidores de di\u00f3xido de carbono que determinen la calidad del aire en cada una de las aulas de todos los centros educativos del municipio: red municipal de escuelas infantiles, Educaci\u00f3n Infantil, Educaci\u00f3n Primaria, Secundaria, Bachillerato, Formaci\u00f3n Profesional, Escuela de Idiomas, Educaci\u00f3n de Adultos y Escuela de M\u00fasica. <\/span><\/p>\n<p><span style=\"color: #000000\">Recordar que previa a esta dotaci\u00f3n de medidores se llev\u00f3 a cabo un estudio por parte de los servicios t\u00e9cnicos municipales para conocer las caracter\u00edsticas t\u00e9cnicas y necesidades de cada aula en cuanto a ventilaci\u00f3n adicional. Estos dispositivos miden en tiempo real los niveles de CO2 del ambiente, para comprobar si se encuentran dentro de los l\u00edmites aconsejados por la Organizaci\u00f3n Mundial de la Salud, o si en alg\u00fan aula en concreto, es necesario adoptar otras medidas adicionales.<\/span><\/p>\n<p><span style=\"color: #000000\"><img loading=\"lazy\" decoding=\"async\" src=\"https:\/\/www.puertolumbreras.es\/ayuntamiento\/wp-content\/uploads\/2020\/12\/WhatsApp-Image-2020-12-22-at-11.57.10.jpeg\" alt=\"\" width=\"1200\" height=\"1600\" \/><\/span><\/p>\n<p>&nbsp;<\/p>\n","protected":false},"excerpt":{"rendered":"<p>215 unidades de estos dispositivos determinar\u00e1n la calidad del aire en cada una de las aulas de la red municipal de escuelas infantiles, colegios, Instituto, Escuela de Idiomas, Educaci\u00f3n de Adultos y Escuela de M\u00fasica Martes 22 de diciembre de 2020.El Ayuntamiento de Puerto Lumbreras est\u00e1 llevando a cabo la instalaci\u00f3n de medidores de di\u00f3xido [&hellip;]<\/p>\n","protected":false},"author":2,"featured_media":22757,"comment_status":"closed","ping_status":"open","sticky":false,"template":"","format":"standard","meta":{"footnotes":""},"categories":[2],"tags":[],"class_list":["post-22756","post","type-post","status-publish","format-standard","has-post-thumbnail","hentry","category-noticias"],"_links":{"self":[{"href":"https:\/\/www.puertolumbreras.es\/ayuntamiento\/wp-json\/wp\/v2\/posts\/22756","targetHints":{"allow":["GET"]}}],"collection":[{"href":"https:\/\/www.puertolumbreras.es\/ayuntamiento\/wp-json\/wp\/v2\/posts"}],"about":[{"href":"https:\/\/www.puertolumbreras.es\/ayuntamiento\/wp-json\/wp\/v2\/types\/post"}],"author":[{"embeddable":true,"href":"https:\/\/www.puertolumbreras.es\/ayuntamiento\/wp-json\/wp\/v2\/users\/2"}],"replies":[{"embeddable":true,"href":"https:\/\/www.puertolumbreras.es\/ayuntamiento\/wp-json\/wp\/v2\/comments?post=22756"}],"version-history":[{"count":0,"href":"https:\/\/www.puertolumbreras.es\/ayuntamiento\/wp-json\/wp\/v2\/posts\/22756\/revisions"}],"wp:attachment":[{"href":"https:\/\/www.puertolumbreras.es\/ayuntamiento\/wp-json\/wp\/v2\/media?parent=22756"}],"wp:term":[{"taxonomy":"category","embeddable":true,"href":"https:\/\/www.puertolumbreras.es\/ayuntamiento\/wp-json\/wp\/v2\/categories?post=22756"},{"taxonomy":"post_tag","embeddable":true,"href":"https:\/\/www.puertolumbreras.es\/ayuntamiento\/wp-json\/wp\/v2\/tags?post=22756"}],"curies":[{"name":"wp","href":"https:\/\/api.w.org\/{rel}","templated":true}]}}