{"id":22741,"date":"2020-12-18T13:39:15","date_gmt":"2020-12-18T11:39:15","guid":{"rendered":"https:\/\/www.puertolumbreras.es\/ayuntamiento\/?p=22741"},"modified":"2020-12-18T13:39:15","modified_gmt":"2020-12-18T11:39:15","slug":"el-gobierno-regional-mejora-la-carretera-que-une-almendricos-con-puerto-lumbreras","status":"publish","type":"post","link":"https:\/\/www.puertolumbreras.es\/ayuntamiento\/2020\/12\/18\/el-gobierno-regional-mejora-la-carretera-que-une-almendricos-con-puerto-lumbreras\/","title":{"rendered":"El Gobierno regional mejora la carretera que une Almendricos con Puerto Lumbreras"},"content":{"rendered":"<ul>\n<li class=\"western\"><strong>La alcaldesa; Mar\u00eda \u00c1ngeles T\u00fanez, y el consejero de Fomento e Infraestructuras, visitan la obra, que supone una inversi\u00f3n de la Comunidad Aut\u00f3noma de 3,8 millones de euros y estar\u00e1 concluida el pr\u00f3ximo a\u00f1o<\/strong><\/li>\n<\/ul>\n<p class=\"western\"><strong>Viernes 18 de diciembre de 2020.-<\/strong> La Consejer\u00eda de Fomento e Infraestructuras avanza en las obras de mejora de la carretera regional que une la diputaci\u00f3n lorquina de Almendricos con el municipio de Puerto Lumbreras (RM-D17), que abarcan un tramo de m\u00e1s de seis kil\u00f3metros y cuentan con una inversi\u00f3n de 3,8 millones de euros.<\/p>\n<p class=\"western\">El consejero Jos\u00e9 Ram\u00f3n D\u00edez de Revenga, acompa\u00f1ado por la alcaldesa de Puerto Lumbreras, Mar\u00eda \u00c1ngeles T\u00fanez, visit\u00f3 hoy la actuaci\u00f3n que \u201csupondr\u00e1 una notable mejora de la seguridad vial gracias a la renovaci\u00f3n de su firme, el acondicionamiento del trazado y la ordenaci\u00f3n de los accesos, que beneficiar\u00e1 a los m\u00e1s de 615.000 usuarios que anualmente transitan por esta v\u00eda regional\u201d.<\/p>\n<p class=\"western\">Detall\u00f3 que se va a adecuar el trazado para disponer de una carretera, en toda su longitud, apta para una velocidad espec\u00edfica de 60 km\/, adem\u00e1s de acondicionar toda la plataforma de manera que se disponga de dos carriles de 3,5 metros, arcenes de 1 metro pavimentados, y bermas de 0,5 metros en todo su recorrido.<\/p>\n<p class=\"western\">D\u00edez de Revenga destac\u00f3 que la v\u00eda cuenta con multitud de accesos a instalaciones y caminos agr\u00edcolas principales, y con el fin de mejorar su seguridad \u201cse construir\u00e1n de carriles centrales de espera o glorietas partidas, en los casos que tenga disponibilidad de terreno\u201d.<\/p>\n<p class=\"western\">\u201cEs importante que la carretera est\u00e9 preparada para evacuar el agua de lluvia, por lo que vamos a mejorar el drenaje actual construyendo cunetas revestidas en las secciones en desmonte, y tambi\u00e9n se ampliar\u00e1n y repondr\u00e1n las obras de drenaje transversal existentes en la traza de la carretera\u201d, explic\u00f3 el consejero.<\/p>\n<p class=\"western\">La obra tambi\u00e9n incluye mejoras para los peatones, pues ya se han construido aceras de hormig\u00f3n coloreado, de dos metros de ancho en la margen derecha y de un metro y medio de ancho en la margen izquierda de la carretera, desde el inicio de la traves\u00eda de Almendricos hasta el paso inferior, bajo la l\u00ednea ferroviaria Murcia-Lorca-\u00c1guilas. La actuaci\u00f3n se completa con la mejora de la se\u00f1alizaci\u00f3n y balizamiento, y la renovaci\u00f3n de los servicios existentes.<\/p>\n<p><em>Fuente: Comunidad Aut\u00f3noma<\/em><\/p>\n<audio class=\"wp-audio-shortcode\" id=\"audio-22741-1\" preload=\"none\" style=\"width: 100%;\" controls=\"controls\"><source type=\"audio\/mpeg\" src=\"https:\/\/www.puertolumbreras.es\/ayuntamiento\/wp-content\/uploads\/2020\/12\/Maria-Angeles-Tunez-alcaldesa-de-Puerto-Lumbreras.mp3?_=1\" \/><a href=\"https:\/\/www.puertolumbreras.es\/ayuntamiento\/wp-content\/uploads\/2020\/12\/Maria-Angeles-Tunez-alcaldesa-de-Puerto-Lumbreras.mp3\">https:\/\/www.puertolumbreras.es\/ayuntamiento\/wp-content\/uploads\/2020\/12\/Maria-Angeles-Tunez-alcaldesa-de-Puerto-Lumbreras.mp3<\/a><\/audio>\n<audio class=\"wp-audio-shortcode\" id=\"audio-22741-2\" preload=\"none\" style=\"width: 100%;\" controls=\"controls\"><source type=\"audio\/mpeg\" src=\"https:\/\/www.puertolumbreras.es\/ayuntamiento\/wp-content\/uploads\/2020\/12\/Jose-Ramon-Diez-de-Revenga-consejero-de-Fomento-e-Infraestructuras.mp3?_=2\" \/><a href=\"https:\/\/www.puertolumbreras.es\/ayuntamiento\/wp-content\/uploads\/2020\/12\/Jose-Ramon-Diez-de-Revenga-consejero-de-Fomento-e-Infraestructuras.mp3\">https:\/\/www.puertolumbreras.es\/ayuntamiento\/wp-content\/uploads\/2020\/12\/Jose-Ramon-Diez-de-Revenga-consejero-de-Fomento-e-Infraestructuras.mp3<\/a><\/audio>\n<p><img loading=\"lazy\" decoding=\"async\" class=\"alignnone wp-image-22744 size-full\" src=\"https:\/\/www.puertolumbreras.es\/ayuntamiento\/wp-content\/uploads\/2020\/12\/IMG-5347-scaled.jpg\" alt=\"\" width=\"2560\" height=\"1440\" \/><\/p>\n","protected":false},"excerpt":{"rendered":"<p>La alcaldesa; Mar\u00eda \u00c1ngeles T\u00fanez, y el consejero de Fomento e Infraestructuras, visitan la obra, que supone una inversi\u00f3n de la Comunidad Aut\u00f3noma de 3,8 millones de euros y estar\u00e1 concluida el pr\u00f3ximo a\u00f1o Viernes 18 de diciembre de 2020.- La Consejer\u00eda de Fomento e Infraestructuras avanza en las obras de mejora de la carretera [&hellip;]<\/p>\n","protected":false},"author":2,"featured_media":22745,"comment_status":"closed","ping_status":"open","sticky":false,"template":"","format":"standard","meta":{"footnotes":""},"categories":[2],"tags":[],"class_list":["post-22741","post","type-post","status-publish","format-standard","has-post-thumbnail","hentry","category-noticias"],"_links":{"self":[{"href":"https:\/\/www.puertolumbreras.es\/ayuntamiento\/wp-json\/wp\/v2\/posts\/22741","targetHints":{"allow":["GET"]}}],"collection":[{"href":"https:\/\/www.puertolumbreras.es\/ayuntamiento\/wp-json\/wp\/v2\/posts"}],"about":[{"href":"https:\/\/www.puertolumbreras.es\/ayuntamiento\/wp-json\/wp\/v2\/types\/post"}],"author":[{"embeddable":true,"href":"https:\/\/www.puertolumbreras.es\/ayuntamiento\/wp-json\/wp\/v2\/users\/2"}],"replies":[{"embeddable":true,"href":"https:\/\/www.puertolumbreras.es\/ayuntamiento\/wp-json\/wp\/v2\/comments?post=22741"}],"version-history":[{"count":0,"href":"https:\/\/www.puertolumbreras.es\/ayuntamiento\/wp-json\/wp\/v2\/posts\/22741\/revisions"}],"wp:attachment":[{"href":"https:\/\/www.puertolumbreras.es\/ayuntamiento\/wp-json\/wp\/v2\/media?parent=22741"}],"wp:term":[{"taxonomy":"category","embeddable":true,"href":"https:\/\/www.puertolumbreras.es\/ayuntamiento\/wp-json\/wp\/v2\/categories?post=22741"},{"taxonomy":"post_tag","embeddable":true,"href":"https:\/\/www.puertolumbreras.es\/ayuntamiento\/wp-json\/wp\/v2\/tags?post=22741"}],"curies":[{"name":"wp","href":"https:\/\/api.w.org\/{rel}","templated":true}]}}