{"id":22736,"date":"2020-12-17T14:12:15","date_gmt":"2020-12-17T12:12:15","guid":{"rendered":"https:\/\/www.puertolumbreras.es\/ayuntamiento\/?p=22736"},"modified":"2020-12-17T14:12:15","modified_gmt":"2020-12-17T12:12:15","slug":"el-ayuntamiento-de-puerto-lumbreras-reparte-mascarillas-gratuitas-para-los-mayores-de-65-anos-a-traves-de-las-farmacias-del-municipio","status":"publish","type":"post","link":"https:\/\/www.puertolumbreras.es\/ayuntamiento\/2020\/12\/17\/el-ayuntamiento-de-puerto-lumbreras-reparte-mascarillas-gratuitas-para-los-mayores-de-65-anos-a-traves-de-las-farmacias-del-municipio\/","title":{"rendered":"El Ayuntamiento de Puerto Lumbreras reparte mascarillas gratuitas para los mayores de 65 a\u00f1os a trav\u00e9s de las farmacias del municipio"},"content":{"rendered":"<ul>\n<li>\n<p class=\"western\" lang=\"es-ES\" align=\"justify\"><strong><span style=\"font-family: Arial, sans-serif\"><span lang=\"es-ES\">Se entregar\u00e1n 10 mascarillas por persona mediante la receta electr\u00f3nica, y tambi\u00e9n podr\u00e1n ser recogidas por los familiares mostrando la tarjeta sanitaria del interesado<\/span><\/span><\/strong><\/p>\n<\/li>\n<\/ul>\n<p class=\"western\" align=\"justify\"><span style=\"font-family: Calibri, sans-serif\"><span style=\"font-size: small\"><strong><span style=\"font-family: Arial, sans-serif\"><span style=\"font-size: medium\"><u>Jueves 17 de diciembre de 2020.<\/u><\/span><\/span><\/strong><u> <\/u><span style=\"font-family: Arial, sans-serif\"><span style=\"font-size: medium\">La alcaldesa de Puerto Lumbreras; Mar\u00eda \u00c1ngeles T\u00fanez, junto al concejal de Sanidad; Juan Rub\u00e9n Burrueco, la presidenta del Colegio de Farmac\u00e9uticos de la Regi\u00f3n de Murcia; Isabel Tovar, y los farmac\u00e9uticos del municipio, ha presentado esta ma\u00f1ana la campa\u00f1a \u201cSi te cuidas, ganamos todos\u201d. Una iniciativa mediante la que el consistorio lumbrerense va a entregar 10 mascarillas de forma gratuita a los mayores de 65 a\u00f1os de Puerto Lumbreras, a trav\u00e9s de las oficinas de farmacia de la localidad. <\/span><\/span><span style=\"font-family: Arial, sans-serif\"><span style=\"font-size: medium\">Se repartir\u00e1n mediante la receta electr\u00f3nica <\/span><\/span><span style=\"font-family: Arial, sans-serif\"><span style=\"font-size: medium\">a partir del pr\u00f3ximo martes 22 de diciembre<\/span><\/span><span style=\"font-family: Arial, sans-serif\"><span style=\"font-size: medium\">, y tambi\u00e9n podr\u00e1n ser recogidas por los familiares mostrando la tarjeta sanitaria del interesado. <\/span><\/span><\/span><\/span><\/p>\n<p class=\"western\" align=\"justify\">\u201c <span style=\"font-family: Calibri, sans-serif\"><span style=\"font-size: small\"><span style=\"font-family: Arial, sans-serif\"><span style=\"font-size: medium\">Se trata del colectivo m\u00e1s vulnerable ante la COVID-19, por lo que debemos seguir cuid\u00e1ndoles frente al virus, y facilitar la protecci\u00f3n de nuestros mayores ante la evoluci\u00f3n de la pandemia. A esta distribuci\u00f3n a trav\u00e9s de nuestras farmacias seguir\u00e1 otra dirigida a personas dependientes y a los colectivos m\u00e1s vulnerables. Recordamos que Puerto Lumbreras ya fue uno de los primeros municipios de la Regi\u00f3n en repartir mascarillas entre la poblaci\u00f3n al inicio de la desescalada, tras finalizar el estado de confinamiento. <\/span><\/span><span style=\"font-family: Arial, sans-serif\"><span style=\"font-size: medium\">Quiero agradecer la colaboraci\u00f3n de la Consejer\u00eda de Salud, del Colegio de Farmac\u00e9uticos y de las 5 oficinas de farmacia de la localidad para ayudar a hacer posible esta iniciativa<\/span><\/span><span style=\"font-family: Arial, sans-serif\"><span style=\"font-size: medium\">\u00ab, ha se\u00f1alado la alcaldesa; Mar\u00eda \u00c1ngeles T\u00fanez. <\/span><\/span><\/span><\/span><\/p>\n<p class=\"western\" align=\"justify\"><span style=\"font-family: Calibri, sans-serif\"><span style=\"font-size: small\"><span style=\"font-family: Arial, sans-serif\"><span style=\"font-size: medium\">Se trata de una nueva medida que el consistorio lumbrerense contin\u00faa adoptando para seguir concienciando a la poblaci\u00f3n sobre el uso responsable y la utilizaci\u00f3n de forma correcta de la mascarilla como escudo frente a la COVID-19, as\u00ed como la necesidad de cumplir todas las medidas de prevenci\u00f3n que indican las autoridades sanitarias tales como la limitaci\u00f3n de contactos, la distancia interpersonal de al menos 1\u20195 m., el lavado frecuente de manos, la priorizaci\u00f3n de actividades al aire libre, o la ventilaci\u00f3n en espacios cerrados.<\/span><\/span><\/span><\/span><\/p>\n<p align=\"justify\"><img loading=\"lazy\" decoding=\"async\" class=\"alignnone wp-image-22738 size-full\" src=\"https:\/\/www.puertolumbreras.es\/ayuntamiento\/wp-content\/uploads\/2020\/12\/154a5fc2-3782-4f40-819d-0872bb3cd5cd.jpg\" alt=\"\" width=\"1600\" height=\"1200\" \/><\/p>\n<p class=\"western\" align=\"justify\">\n","protected":false},"excerpt":{"rendered":"<p>Se entregar\u00e1n 10 mascarillas por persona mediante la receta electr\u00f3nica, y tambi\u00e9n podr\u00e1n ser recogidas por los familiares mostrando la tarjeta sanitaria del interesado Jueves 17 de diciembre de 2020. La alcaldesa de Puerto Lumbreras; Mar\u00eda \u00c1ngeles T\u00fanez, junto al concejal de Sanidad; Juan Rub\u00e9n Burrueco, la presidenta del Colegio de Farmac\u00e9uticos de la Regi\u00f3n [&hellip;]<\/p>\n","protected":false},"author":2,"featured_media":22739,"comment_status":"closed","ping_status":"open","sticky":false,"template":"","format":"standard","meta":{"footnotes":""},"categories":[2],"tags":[],"class_list":["post-22736","post","type-post","status-publish","format-standard","has-post-thumbnail","hentry","category-noticias"],"_links":{"self":[{"href":"https:\/\/www.puertolumbreras.es\/ayuntamiento\/wp-json\/wp\/v2\/posts\/22736","targetHints":{"allow":["GET"]}}],"collection":[{"href":"https:\/\/www.puertolumbreras.es\/ayuntamiento\/wp-json\/wp\/v2\/posts"}],"about":[{"href":"https:\/\/www.puertolumbreras.es\/ayuntamiento\/wp-json\/wp\/v2\/types\/post"}],"author":[{"embeddable":true,"href":"https:\/\/www.puertolumbreras.es\/ayuntamiento\/wp-json\/wp\/v2\/users\/2"}],"replies":[{"embeddable":true,"href":"https:\/\/www.puertolumbreras.es\/ayuntamiento\/wp-json\/wp\/v2\/comments?post=22736"}],"version-history":[{"count":0,"href":"https:\/\/www.puertolumbreras.es\/ayuntamiento\/wp-json\/wp\/v2\/posts\/22736\/revisions"}],"wp:attachment":[{"href":"https:\/\/www.puertolumbreras.es\/ayuntamiento\/wp-json\/wp\/v2\/media?parent=22736"}],"wp:term":[{"taxonomy":"category","embeddable":true,"href":"https:\/\/www.puertolumbreras.es\/ayuntamiento\/wp-json\/wp\/v2\/categories?post=22736"},{"taxonomy":"post_tag","embeddable":true,"href":"https:\/\/www.puertolumbreras.es\/ayuntamiento\/wp-json\/wp\/v2\/tags?post=22736"}],"curies":[{"name":"wp","href":"https:\/\/api.w.org\/{rel}","templated":true}]}}