{"id":22271,"date":"2020-09-21T12:25:11","date_gmt":"2020-09-21T10:25:11","guid":{"rendered":"http:\/\/www.puertolumbreras.es\/ayuntamiento\/?p=22271"},"modified":"2020-09-21T12:25:11","modified_gmt":"2020-09-21T10:25:11","slug":"el-ayuntamiento-reafirma-su-apoyo-a-la-asociacion-lumbrerense-de-enfermos-de-alzheimer-en-el-dia-mundial-de-la-enfermedad","status":"publish","type":"post","link":"https:\/\/www.puertolumbreras.es\/ayuntamiento\/2020\/09\/21\/el-ayuntamiento-reafirma-su-apoyo-a-la-asociacion-lumbrerense-de-enfermos-de-alzheimer-en-el-dia-mundial-de-la-enfermedad\/","title":{"rendered":"El Ayuntamiento reafirma su apoyo a la Asociaci\u00f3n Lumbrerense de Enfermos de Alzheimer, en el d\u00eda Mundial de la enfermedad"},"content":{"rendered":"<ul>\n<li>\n<p class=\"western\" lang=\"es-ES\" align=\"justify\"><span style=\"color: #000000\"><span style=\"font-family: Arial, sans-serif\"><span style=\"font-size: medium\"><span lang=\"es-ES\"><b>El c<\/b><\/span><\/span><\/span><\/span><span style=\"color: #000000\"><span style=\"font-family: Arial, sans-serif\"><span style=\"font-size: medium\"><span lang=\"es-ES\"><b>onsistorio local<\/b><\/span><\/span><\/span><\/span><span style=\"color: #000000\"><span style=\"font-family: Arial, sans-serif\"><span style=\"font-size: medium\"><span lang=\"es-ES\"><b> colabora constantemente con ALDEA en cuantos proyectos lleva a cabo la asociaci\u00f3n, adem\u00e1s de conceder una subvenci\u00f3n <\/b><\/span><\/span><\/span><\/span><span style=\"color: #000000\"><span style=\"font-family: Arial, sans-serif\"><span style=\"font-size: medium\"><span lang=\"es-ES\"><b>anual <\/b><\/span><\/span><\/span><\/span><span style=\"color: #000000\"><span style=\"font-family: Arial, sans-serif\"><span style=\"font-size: medium\"><span lang=\"es-ES\"><b>de m\u00e1s de 10.000 euros, con la que se refuerzan las actividades de apoyo a los enfermos de alzheimer en la localidad lumbrerense<\/b><\/span><\/span><\/span><\/span><\/p>\n<\/li>\n<\/ul>\n<p align=\"justify\"><span style=\"font-family: Times New Roman, serif\"><span style=\"color: #000000\"><span style=\"font-family: Arial, sans-serif\"><span style=\"font-size: medium\"><span lang=\"es-ES\"><u><b>Lunes 21<\/b><\/u><\/span><\/span><\/span><\/span><span style=\"color: #000000\"><span style=\"font-family: Arial, sans-serif\"><span style=\"font-size: medium\"><span lang=\"es-ES\"><u><b> de septiembre <\/b><\/u><\/span><\/span><\/span><\/span><span style=\"font-family: Arial, sans-serif\"><u><b>de 2020. <\/b><\/u><\/span><\/span><span lang=\"es-ES\">La alcaldesa de <\/span><span lang=\"es-ES\">Puerto Lumbreras; Mar\u00eda \u00c1ngeles T\u00fanez<\/span><span lang=\"es-ES\">, <\/span><span lang=\"es-ES\">la portavoz del equipo de Gobierno; Raquel Rodr\u00edguez, y el concejal de Sanidad; Juan Rub\u00e9n Burrueco<\/span><span lang=\"es-ES\">, han <\/span><span lang=\"es-ES\">visitado esta ma\u00f1ana la sede de<\/span> <span lang=\"es-ES\">ALDEA;<\/span><span lang=\"es-ES\"> la Asociaci\u00f3n <\/span><span lang=\"es-ES\">Lumbrerense de Enfermos de<\/span><span lang=\"es-ES\"> Alzheim<\/span><span lang=\"es-ES\">er, para trasladar <\/span><span lang=\"es-ES\">a sus responsables una vez m\u00e1s <\/span><span lang=\"es-ES\">el <\/span><span lang=\"es-ES\">apoyo<\/span><span lang=\"es-ES\"> del Ayuntamiento a la importante labor que realizan, en el marco de la celebraci\u00f3n del <\/span><span lang=\"es-ES\">D\u00eda Mundial del Alzheimer, que se celebra hoy.<\/span><\/p>\n<p align=\"justify\">La situaci\u00f3n sanitaria actual ha provocado que los enfermos de Alzheimer <span lang=\"es-ES\">hayan<\/span> sufrido las peores consecuencias del confinamiento, tanto como poblaci\u00f3n de riesgo ante el COVID-19 y <span lang=\"es-ES\">la<\/span> mayor gravedad del virus en los infectados, como <span lang=\"es-ES\">la circunstancia de verse<\/span> aislados de su entorno y apartados de sus rutinas, lo que ha contribuido a un deterioro de su enfermedad.<\/p>\n<p align=\"justify\">Alrededor de unas 800.000 personas en Espa\u00f1a padecen la enfermedad Alzheimer, una patolog\u00eda neurol\u00f3gica que constituye la primera causa de discapacidad y supone el tipo de demencia neurodegenerativa m\u00e1s com\u00fan: un 5 % de las personas de 65 a\u00f1os la padecen y en mayores de 90 a\u00f1os el porcentaje aumenta hasta el 40 %.<\/p>\n<p lang=\"es-ES\" align=\"justify\">\u201c<span lang=\"es-ES\">Los enfermos<\/span><span lang=\"es-ES\"> de Alzheimer son un grupo de poblaci\u00f3n que est\u00e1 sufriendo la pandemia de forma especialmente grave. <\/span><span lang=\"es-ES\">Adem\u00e1s de los<\/span><span lang=\"es-ES\"> factores <\/span><span lang=\"es-ES\">de riesgo que <\/span><span lang=\"es-ES\">e<\/span><span lang=\"es-ES\">mpeoran<\/span><span lang=\"es-ES\"> el pron\u00f3stico de los afectados por la infecci\u00f3n, <\/span><span lang=\"es-ES\">la soledad, la falta de comunicaci\u00f3n y de socializaci\u00f3n, <\/span><span lang=\"es-ES\">que <\/span><span lang=\"es-ES\">ya <\/span><span lang=\"es-ES\">agravan<\/span> <span lang=\"es-ES\">el<\/span><span lang=\"es-ES\"> deterioro cognitivo y <\/span><span lang=\"es-ES\">la <\/span><span lang=\"es-ES\">demencia, <\/span><span lang=\"es-ES\">y <\/span><span lang=\"es-ES\">la p\u00e9rdida de contacto con los seres queridos <\/span><span lang=\"es-ES\">al no poder ser visitados en residencias ni hospitales, <\/span><span lang=\"es-ES\">ha supuesto una carga extra de sufrimiento\u201d, <\/span><span lang=\"es-ES\">ha se\u00f1alado la alcaldesa; Mar\u00eda \u00c1ngeles T\u00fanez. <\/span><\/p>\n<p lang=\"es-ES\" align=\"justify\"><span lang=\"es-ES\">El Ayuntamiento de Puerto Lumbreras colabora constantemente con ALDEA en cuantos proyectos lleva a cabo la asociaci\u00f3n, adem\u00e1s de conceder una subvenci\u00f3n <\/span><span lang=\"es-ES\">anual <\/span><span lang=\"es-ES\">de m\u00e1s de 10.000 euros, con la que se refuerzan las actividades de apoyo a los enfermos de alzheimer en la localidad lumbrerense.<\/span><\/p>\n<p lang=\"es-ES\" align=\"justify\"><span lang=\"es-ES\">Gracias a este apoyo del consistorio, la asociaci\u00f3n podr\u00e1 reabrir pr\u00f3ximamente las puertas de su centro situado en la calle Doctor Jim\u00e9nez D\u00edaz, con todas las medidas de seguridad marcadas, para seguir ofreciendo la atenci\u00f3n que merecen a los enfermos. Para este fin tambi\u00e9n cuentan con la solidaridad de los vecinos, que se han volcado colaborando con la asociaci\u00f3n a trav\u00e9s de la adquisici\u00f3n de mascarillas confeccionadas por ALDEA.<\/span><\/p>\n<p class=\"western\"><img loading=\"lazy\" decoding=\"async\" class=\"alignnone wp-image-22272 size-full\" src=\"http:\/\/www.puertolumbreras.es\/ayuntamiento\/wp-content\/uploads\/2020\/09\/IMG_3626-scaled.jpg\" alt=\"\" width=\"2560\" height=\"1440\" \/><\/p>\n<p class=\"western\"><img loading=\"lazy\" decoding=\"async\" class=\"alignnone wp-image-22273 size-full\" src=\"http:\/\/www.puertolumbreras.es\/ayuntamiento\/wp-content\/uploads\/2020\/09\/IMG_3615-scaled.jpg\" alt=\"\" width=\"2560\" height=\"1440\" \/><\/p>\n<p class=\"western\"><img loading=\"lazy\" decoding=\"async\" class=\"alignnone wp-image-22274 size-medium\" src=\"http:\/\/www.puertolumbreras.es\/ayuntamiento\/wp-content\/uploads\/2020\/09\/IMG_3606-300x225.jpg\" alt=\"\" width=\"300\" height=\"225\" \/><\/p>\n","protected":false},"excerpt":{"rendered":"<p>El consistorio local colabora constantemente con ALDEA en cuantos proyectos lleva a cabo la asociaci\u00f3n, adem\u00e1s de conceder una subvenci\u00f3n anual de m\u00e1s de 10.000 euros, con la que se refuerzan las actividades de apoyo a los enfermos de alzheimer en la localidad lumbrerense Lunes 21 de septiembre de 2020. La alcaldesa de Puerto Lumbreras; [&hellip;]<\/p>\n","protected":false},"author":2,"featured_media":22272,"comment_status":"closed","ping_status":"open","sticky":false,"template":"","format":"standard","meta":{"footnotes":""},"categories":[2],"tags":[],"class_list":["post-22271","post","type-post","status-publish","format-standard","has-post-thumbnail","hentry","category-noticias"],"_links":{"self":[{"href":"https:\/\/www.puertolumbreras.es\/ayuntamiento\/wp-json\/wp\/v2\/posts\/22271","targetHints":{"allow":["GET"]}}],"collection":[{"href":"https:\/\/www.puertolumbreras.es\/ayuntamiento\/wp-json\/wp\/v2\/posts"}],"about":[{"href":"https:\/\/www.puertolumbreras.es\/ayuntamiento\/wp-json\/wp\/v2\/types\/post"}],"author":[{"embeddable":true,"href":"https:\/\/www.puertolumbreras.es\/ayuntamiento\/wp-json\/wp\/v2\/users\/2"}],"replies":[{"embeddable":true,"href":"https:\/\/www.puertolumbreras.es\/ayuntamiento\/wp-json\/wp\/v2\/comments?post=22271"}],"version-history":[{"count":0,"href":"https:\/\/www.puertolumbreras.es\/ayuntamiento\/wp-json\/wp\/v2\/posts\/22271\/revisions"}],"wp:attachment":[{"href":"https:\/\/www.puertolumbreras.es\/ayuntamiento\/wp-json\/wp\/v2\/media?parent=22271"}],"wp:term":[{"taxonomy":"category","embeddable":true,"href":"https:\/\/www.puertolumbreras.es\/ayuntamiento\/wp-json\/wp\/v2\/categories?post=22271"},{"taxonomy":"post_tag","embeddable":true,"href":"https:\/\/www.puertolumbreras.es\/ayuntamiento\/wp-json\/wp\/v2\/tags?post=22271"}],"curies":[{"name":"wp","href":"https:\/\/api.w.org\/{rel}","templated":true}]}}