{"id":22239,"date":"2020-09-16T12:53:30","date_gmt":"2020-09-16T10:53:30","guid":{"rendered":"http:\/\/www.puertolumbreras.es\/ayuntamiento\/?p=22239"},"modified":"2020-09-16T12:53:30","modified_gmt":"2020-09-16T10:53:30","slug":"el-ayuntamiento-programa-un-operativo-especial-de-limpieza-para-evitar-riesgos-ante-el-inicio-de-la-epoca-de-lluvias-otonales","status":"publish","type":"post","link":"https:\/\/www.puertolumbreras.es\/ayuntamiento\/2020\/09\/16\/el-ayuntamiento-programa-un-operativo-especial-de-limpieza-para-evitar-riesgos-ante-el-inicio-de-la-epoca-de-lluvias-otonales\/","title":{"rendered":"El Ayuntamiento programa un operativo especial de limpieza para evitar riesgos ante el inicio de la \u00e9poca de lluvias oto\u00f1ales"},"content":{"rendered":"<ul>\n<li>\n<p class=\"western\" align=\"justify\"><span style=\"font-family: Calibri, sans-serif\"><span style=\"font-size: small\"><span style=\"color: #000000\"><span style=\"font-family: Arial, sans-serif\"><span style=\"font-size: medium\"><span lang=\"es-ES\"><b>Los trabajos se est\u00e1n realizando en el tramo urbano del cauce de la Rambla de Nogalte. <\/b><\/span><\/span><\/span><\/span><span style=\"color: #000000\"><span style=\"font-family: Arial, sans-serif\"><span style=\"font-size: medium\"><span lang=\"es-ES\"><b>En los pr\u00f3ximos d\u00edas se acometer\u00e1 la limpieza de los imbornales del municipio<\/b><\/span><\/span><\/span><\/span><\/span><\/span><\/p>\n<\/li>\n<li>\n<p class=\"western\" align=\"justify\"><span style=\"font-family: Calibri, sans-serif\"><span style=\"font-size: small\"><span style=\"color: #000000\"><span style=\"font-family: Arial, sans-serif\"><span style=\"font-size: medium\"><span lang=\"es-ES\"><b>El Gobierno regional l<\/b><\/span><\/span><\/span><\/span><span style=\"color: #000000\"><span style=\"font-family: Arial, sans-serif\"><span style=\"font-size: medium\"><span lang=\"es-ES\"><b>leva a cabo el desbroce de<\/b><\/span><\/span><\/span><\/span><span style=\"color: #000000\"><span style=\"font-family: Arial, sans-serif\"><span style=\"font-size: medium\"><span lang=\"es-ES\"><b> las carreteras RM-D16 y RM-D26<\/b><\/span><\/span><\/span><\/span><\/span><\/span><\/p>\n<\/li>\n<\/ul>\n<p align=\"justify\"><span style=\"font-family: Times New Roman, serif\"><span style=\"color: #000000\"><span style=\"font-family: Arial, sans-serif\"><span style=\"font-size: medium\"><span lang=\"es-ES\"><u><b>Mi\u00e9rcoles 16<\/b><\/u><\/span><\/span><\/span><\/span><span style=\"color: #000000\"><span style=\"font-family: Arial, sans-serif\"><span style=\"font-size: medium\"><span lang=\"es-ES\"><u><b> de septiembre <\/b><\/u><\/span><\/span><\/span><\/span><span style=\"font-family: Arial, sans-serif\"><u><b>de 2020.<\/b><\/u><\/span> <span style=\"font-family: Arial, sans-serif\">Puerto Lumbreras se prepara para la temporada de lluvias. Es por ello que el Ayuntamiento <\/span><span style=\"color: #000000\"><span style=\"font-family: Arial, sans-serif\"><span style=\"font-size: medium\"><span lang=\"es-ES\">ha puesto en marcha un operativo especial de limpieza <\/span><\/span><\/span><\/span><span style=\"color: #000000\"><span style=\"font-family: Arial, sans-serif\"><span style=\"font-size: medium\"><span lang=\"es-ES\">para prevenir posibles inundaciones en el municipio cara a la \u00e9poca de lluvias oto\u00f1ales.<\/span><\/span><\/span><\/span><\/span><\/p>\n<p align=\"justify\"><span style=\"font-family: Times New Roman, serif\"><span style=\"color: #000000\"><span style=\"font-family: Arial, sans-serif\"><span style=\"font-size: medium\"><span lang=\"es-ES\">De este modo, se<\/span><\/span><\/span><\/span><span style=\"font-family: Arial, sans-serif\"> est\u00e1 acometiendo la limpieza del tramo urbano del cauce de la Rambla de Nogalte, y en los pr\u00f3ximos d\u00edas se <\/span><span style=\"color: #000000\"><span style=\"font-family: Arial, sans-serif\"><span style=\"font-size: medium\"><span lang=\"es-ES\">limpiar\u00e1n y acondicionar\u00e1n<\/span><\/span><\/span><\/span><span style=\"font-family: Arial, sans-serif\"> los imbornales del alcantarillado y <\/span><span style=\"color: #000000\"><span style=\"font-family: Arial, sans-serif\"><span style=\"font-size: medium\"><span lang=\"es-ES\">rejillas<\/span><\/span><\/span><\/span><span style=\"font-family: Arial, sans-serif\"> para evitar obstrucciones y atascos que puedan provocar encharcamientos o inundaciones. <\/span><span style=\"color: #000000\"><span style=\"font-family: Arial, sans-serif\"><span style=\"font-size: medium\"><span lang=\"es-ES\">En este sentido, <\/span><\/span><\/span><\/span><span style=\"color: #000000\"><span style=\"font-family: Arial, sans-serif\"><span style=\"font-size: medium\"><span lang=\"es-ES\">el concejal de Obras y Servicios; C\u00e9sar G\u00e1zquez, se\u00f1ala<\/span><\/span><\/span><\/span><span style=\"color: #000000\"><span style=\"font-family: Arial, sans-serif\"><span style=\"font-size: medium\"><span lang=\"es-ES\"> que \u201ccon estas tareas<\/span><\/span><\/span><\/span><span style=\"color: #000000\"><span style=\"font-family: Arial, sans-serif\"><span style=\"font-size: medium\"><span lang=\"es-ES\"> \u201clogramos que el agua pluvial tenga una r\u00e1pida salida y se eviten posibles desbordamientos. <\/span><\/span><\/span><\/span><span style=\"color: #000000\"><span style=\"font-family: Arial, sans-serif\"><span style=\"font-size: medium\"><span lang=\"es-ES\">Se trata de una medida preventiva que va unida a la limpieza de todos los puntos de salidas de aguas pluviales\u201d. <\/span><\/span><\/span><\/span><\/span><\/p>\n<p align=\"justify\"><span style=\"font-family: Times New Roman, serif\"><span style=\"color: #000000\"><span style=\"font-family: Arial, sans-serif\"><span style=\"font-size: medium\"><span lang=\"es-ES\">Por otra parte, <\/span><\/span><\/span><\/span><span style=\"color: #000000\"><span style=\"font-family: Arial, sans-serif\"><span style=\"font-size: medium\"><span lang=\"es-ES\">l<\/span><\/span><\/span><\/span><span style=\"color: #000000\"><span style=\"font-family: Arial, sans-serif\"><span style=\"font-size: medium\"><span lang=\"es-ES\">a Direcci\u00f3n General de Carreteras de la Consejer\u00eda de Fomento e Infraestructuras <\/span><\/span><\/span><\/span><span style=\"color: #000000\"><span style=\"font-family: Arial, sans-serif\"><span style=\"font-size: medium\"><span lang=\"es-ES\">est\u00e1 realizando<\/span><\/span><\/span><\/span><span style=\"color: #000000\"><span style=\"font-family: Arial, sans-serif\"><span style=\"font-size: medium\"><span lang=\"es-ES\"> el desbroce y limpieza de var\u00edas v\u00edas del municipio de titularidad regional. \u201cEn <\/span><\/span><\/span><\/span><span style=\"color: #000000\"><span style=\"font-family: Arial, sans-serif\"><span style=\"font-size: medium\"><span lang=\"es-ES\">concreto se est\u00e1n<\/span><\/span><\/span><\/span><span style=\"color: #000000\"><span style=\"font-family: Arial, sans-serif\"><span style=\"font-size: medium\"><span lang=\"es-ES\"> se acomet<\/span><\/span><\/span><\/span><span style=\"color: #000000\"><span style=\"font-family: Arial, sans-serif\"><span style=\"font-size: medium\"><span lang=\"es-ES\">iendo<\/span><\/span><\/span><\/span><span style=\"color: #000000\"><span style=\"font-family: Arial, sans-serif\"><span style=\"font-size: medium\"><span lang=\"es-ES\"> estas labores en la RM-D16, que conecta el n\u00facleo urbano de <\/span><\/span><\/span><\/span><span style=\"color: #000000\"><span style=\"font-family: Arial, sans-serif\"><span style=\"font-size: medium\"><span lang=\"es-ES\">P<\/span><\/span><\/span><\/span><span style=\"color: #000000\"><span style=\"font-family: Arial, sans-serif\"><span style=\"font-size: medium\"><span lang=\"es-ES\">uerto Lumbreras<\/span><\/span><\/span><\/span><span style=\"color: #000000\"><span style=\"font-family: Arial, sans-serif\"><span style=\"font-size: medium\"><span lang=\"es-ES\"> con la pedan\u00eda de El Esparragal-La Estaci\u00f3n, <\/span><\/span><\/span><\/span><span style=\"color: #000000\"><span style=\"font-family: Arial, sans-serif\"><span style=\"font-size: medium\"><span lang=\"es-ES\">y en la RM D-26, <\/span><\/span><\/span><\/span><span style=\"color: #000000\"><span style=\"font-family: Arial, sans-serif\"><span style=\"font-size: medium\"><span lang=\"es-ES\">que une Puerto Lumbreras a trav\u00e9s de <\/span><\/span><\/span><\/span><span style=\"color: #000000\"><span style=\"font-family: Arial, sans-serif\"><span style=\"font-size: medium\"><span lang=\"es-ES\">esta pedan\u00eda<\/span><\/span><\/span><\/span><span style=\"color: #000000\"><span style=\"font-family: Arial, sans-serif\"><span style=\"font-size: medium\"><span lang=\"es-ES\">, con la carretera RM- D620 que <\/span><\/span><\/span><\/span><span style=\"color: #000000\"><span style=\"font-family: Arial, sans-serif\"><span style=\"font-size: medium\"><span lang=\"es-ES\">conecta<\/span><\/span><\/span><\/span><span style=\"color: #000000\"><span style=\"font-family: Arial, sans-serif\"><span style=\"font-size: medium\"><span lang=\"es-ES\"> Lorca con Pulp\u00ed. <\/span><\/span><\/span><\/span><span style=\"color: #000000\"><span style=\"font-family: Arial, sans-serif\"><span style=\"font-size: medium\"><span lang=\"es-ES\">Se trata de<\/span><\/span><\/span><\/span> <span style=\"color: #000000\"><span style=\"font-family: Arial, sans-serif\"><span style=\"font-size: medium\"><span lang=\"es-ES\">tareas necesarias para <\/span><\/span><\/span><\/span><span style=\"color: #000000\"><span style=\"font-family: Arial, sans-serif\"><span style=\"font-size: medium\"><span lang=\"es-ES\">prevenir riesgos ante posibles lluvias torrenciales,<\/span><\/span><\/span><\/span><span style=\"color: #000000\"><span style=\"font-family: Arial, sans-serif\"><span style=\"font-size: medium\"><span lang=\"es-ES\"> evitar la proliferaci\u00f3n de maleza, as\u00ed como molestias y perjuicios a los vecinos<\/span><\/span><\/span><\/span><span style=\"color: #000000\"><span style=\"font-family: Arial, sans-serif\"><span style=\"font-size: medium\"><span lang=\"es-ES\">\u201d, <\/span><\/span><\/span><\/span><span style=\"color: #000000\"><span style=\"font-family: Arial, sans-serif\"><span style=\"font-size: medium\"><span lang=\"es-ES\">ha explicado C\u00e9sar G\u00e1zquez.<\/span><\/span><\/span><\/span> <\/span><\/p>\n<audio class=\"wp-audio-shortcode\" id=\"audio-22239-1\" preload=\"none\" style=\"width: 100%;\" controls=\"controls\"><source type=\"audio\/mpeg\" src=\"http:\/\/www.puertolumbreras.es\/ayuntamiento\/wp-content\/uploads\/2020\/09\/Cesar-Gazquez-concejal-de-Obras-y-Servicios.mp3?_=1\" \/><a href=\"http:\/\/www.puertolumbreras.es\/ayuntamiento\/wp-content\/uploads\/2020\/09\/Cesar-Gazquez-concejal-de-Obras-y-Servicios.mp3\">http:\/\/www.puertolumbreras.es\/ayuntamiento\/wp-content\/uploads\/2020\/09\/Cesar-Gazquez-concejal-de-Obras-y-Servicios.mp3<\/a><\/audio>\n<p align=\"justify\"><img loading=\"lazy\" decoding=\"async\" class=\"alignnone wp-image-22241 size-full\" src=\"http:\/\/www.puertolumbreras.es\/ayuntamiento\/wp-content\/uploads\/2020\/09\/IMG-3052-scaled.jpg\" alt=\"\" width=\"2560\" height=\"1440\" \/><\/p>\n<p align=\"justify\"><img loading=\"lazy\" decoding=\"async\" class=\"alignnone wp-image-22240 size-full\" src=\"http:\/\/www.puertolumbreras.es\/ayuntamiento\/wp-content\/uploads\/2020\/09\/IMG-3093-scaled.jpg\" alt=\"\" width=\"2560\" height=\"1920\" \/><\/p>\n<p align=\"justify\"><img loading=\"lazy\" decoding=\"async\" class=\"alignnone wp-image-22245 size-full\" src=\"http:\/\/www.puertolumbreras.es\/ayuntamiento\/wp-content\/uploads\/2020\/09\/IMG-2939-scaled.jpg\" alt=\"\" width=\"2560\" height=\"1440\" \/><\/p>\n<p class=\"western\">\n","protected":false},"excerpt":{"rendered":"<p>Los trabajos se est\u00e1n realizando en el tramo urbano del cauce de la Rambla de Nogalte. En los pr\u00f3ximos d\u00edas se acometer\u00e1 la limpieza de los imbornales del municipio El Gobierno regional lleva a cabo el desbroce de las carreteras RM-D16 y RM-D26 Mi\u00e9rcoles 16 de septiembre de 2020. Puerto Lumbreras se prepara para la [&hellip;]<\/p>\n","protected":false},"author":2,"featured_media":22241,"comment_status":"closed","ping_status":"open","sticky":false,"template":"","format":"standard","meta":{"footnotes":""},"categories":[2],"tags":[],"class_list":["post-22239","post","type-post","status-publish","format-standard","has-post-thumbnail","hentry","category-noticias"],"_links":{"self":[{"href":"https:\/\/www.puertolumbreras.es\/ayuntamiento\/wp-json\/wp\/v2\/posts\/22239","targetHints":{"allow":["GET"]}}],"collection":[{"href":"https:\/\/www.puertolumbreras.es\/ayuntamiento\/wp-json\/wp\/v2\/posts"}],"about":[{"href":"https:\/\/www.puertolumbreras.es\/ayuntamiento\/wp-json\/wp\/v2\/types\/post"}],"author":[{"embeddable":true,"href":"https:\/\/www.puertolumbreras.es\/ayuntamiento\/wp-json\/wp\/v2\/users\/2"}],"replies":[{"embeddable":true,"href":"https:\/\/www.puertolumbreras.es\/ayuntamiento\/wp-json\/wp\/v2\/comments?post=22239"}],"version-history":[{"count":0,"href":"https:\/\/www.puertolumbreras.es\/ayuntamiento\/wp-json\/wp\/v2\/posts\/22239\/revisions"}],"wp:attachment":[{"href":"https:\/\/www.puertolumbreras.es\/ayuntamiento\/wp-json\/wp\/v2\/media?parent=22239"}],"wp:term":[{"taxonomy":"category","embeddable":true,"href":"https:\/\/www.puertolumbreras.es\/ayuntamiento\/wp-json\/wp\/v2\/categories?post=22239"},{"taxonomy":"post_tag","embeddable":true,"href":"https:\/\/www.puertolumbreras.es\/ayuntamiento\/wp-json\/wp\/v2\/tags?post=22239"}],"curies":[{"name":"wp","href":"https:\/\/api.w.org\/{rel}","templated":true}]}}