{"id":22234,"date":"2020-09-15T13:09:24","date_gmt":"2020-09-15T11:09:24","guid":{"rendered":"http:\/\/www.puertolumbreras.es\/ayuntamiento\/?p=22234"},"modified":"2020-09-15T13:09:24","modified_gmt":"2020-09-15T11:09:24","slug":"el-ayuntamiento-incorpora-a-16-desempleados-de-larga-duracion-para-tareas-de-limpieza-de-espacios-publicos","status":"publish","type":"post","link":"https:\/\/www.puertolumbreras.es\/ayuntamiento\/2020\/09\/15\/el-ayuntamiento-incorpora-a-16-desempleados-de-larga-duracion-para-tareas-de-limpieza-de-espacios-publicos\/","title":{"rendered":"El Ayuntamiento incorpora a 16 desempleados de larga duraci\u00f3n para tareas de limpieza de espacios p\u00fablicos"},"content":{"rendered":"<ul>\n<li>\n<p class=\"western\" align=\"justify\"><span style=\"font-family: Arial, sans-serif\"><span style=\"font-size: medium\"><b>La contrataci\u00f3n se ha llevado a cabo a trav\u00e9s del programa de Fomento del Empleo Agrario, con una subvenci\u00f3n del Servicio P\u00fablico de Empleo Estatal de m\u00e1s de 73.000 euros<\/b><\/span><\/span><\/p>\n<\/li>\n<\/ul>\n<p align=\"justify\"><span style=\"font-family: Times New Roman, serif\"><span style=\"color: #000000\"><span style=\"font-family: Arial, sans-serif\"><span style=\"font-size: medium\"><span lang=\"es-ES\"><u><b>Martes 15<\/b><\/u><\/span><\/span><\/span><\/span><span style=\"color: #000000\"><span style=\"font-family: Arial, sans-serif\"><span style=\"font-size: medium\"><span lang=\"es-ES\"><u><b> de septiembre <\/b><\/u><\/span><\/span><\/span><\/span><span style=\"font-family: Arial, sans-serif\"><u><b>de 2020.<\/b><\/u><\/span><span style=\"font-family: Arial, sans-serif\"> La alcaldesa de Puerto Lumbreras; Mar\u00eda \u00c1ngeles T\u00fanez, y el concejal de Educaci\u00f3n; Jos\u00e9 Manuel S\u00e1nchez, <\/span><span style=\"font-family: Arial, sans-serif\">han dado esta ma\u00f1ana la bienvenida a 16<\/span> <span style=\"color: #000000\"><span style=\"font-family: Arial, sans-serif\"><span style=\"font-size: medium\"><span lang=\"es-ES\">desempleados <\/span><\/span><\/span><\/span><span style=\"color: #000000\"><span style=\"font-family: Arial, sans-serif\"><span style=\"font-size: medium\"><span lang=\"es-ES\">de larga duraci\u00f3n <\/span><\/span><\/span><\/span><span style=\"color: #000000\"><span style=\"font-family: Arial, sans-serif\"><span style=\"font-size: medium\"><span lang=\"es-ES\">del municipio<\/span><\/span><\/span><\/span><span style=\"color: #000000\"><span style=\"font-family: Arial, sans-serif\"><span style=\"font-size: medium\"><span lang=\"es-ES\">, inscritos <\/span><\/span><\/span><\/span><span style=\"color: #000000\"><span style=\"font-family: Arial, sans-serif\"><span style=\"font-size: medium\"><span lang=\"es-ES\">como demandantes de empleo, <\/span><\/span><\/span><\/span><span style=\"color: #000000\"><span style=\"font-family: Arial, sans-serif\"><span style=\"font-size: medium\"><span lang=\"es-ES\">y que a partir de hoy y durante 3 meses llevar\u00e1n a cabo diversas actuaciones de limpieza de espacios p\u00fablicos como calles, caminos, accesos o el entorno del Castillo de Nogalte, entre otras<\/span><\/span><\/span><\/span><span style=\"color: #000000\"><span style=\"font-family: Arial, sans-serif\"><span style=\"font-size: medium\"><span lang=\"es-ES\">. La selecci\u00f3n <\/span><\/span><\/span><\/span><span style=\"color: #000000\"><span style=\"font-family: Arial, sans-serif\"><span style=\"font-size: medium\"><span lang=\"es-ES\">y contrataci\u00f3n <\/span><\/span><\/span><\/span><span style=\"color: #000000\"><span style=\"font-family: Arial, sans-serif\"><span style=\"font-size: medium\"><span lang=\"es-ES\">de trabajadores se ha realizado <\/span><\/span><\/span><\/span><span style=\"color: #000000\"><span style=\"font-family: Arial, sans-serif\"><span style=\"font-size: medium\"><span lang=\"es-ES\">por parte del Servicio Regional de Empleo y Formaci\u00f3n <\/span><\/span><\/span><\/span><span style=\"color: #000000\"><span style=\"font-family: Arial, sans-serif\"><span style=\"font-size: medium\"><span lang=\"es-ES\">sigu<\/span><\/span><\/span><\/span><span style=\"color: #000000\"><span style=\"font-family: Arial, sans-serif\"><span style=\"font-size: medium\"><span lang=\"es-ES\">iendo el procedimiento legalmente establecido. <\/span><\/span><\/span><\/span><\/span><\/p>\n<p align=\"justify\"><span style=\"font-family: Times New Roman, serif\"><span style=\"color: #000000\"><span style=\"font-family: Arial, sans-serif\"><span style=\"font-size: medium\"><span lang=\"es-ES\">La contrataci\u00f3n se ha llevado a cabo a trav\u00e9s del programa de Fomento del Empleo Agrario, con una subvenci\u00f3n del Servicio P\u00fablico de Empleo Estatal al Ayuntamiento de Puerto Lumbreras de <\/span><\/span><\/span><\/span><span style=\"color: #000000\"><span style=\"font-family: Arial, sans-serif\"><span style=\"font-size: medium\"><span lang=\"es-ES\">73.309,44 \u20ac, canalizada a trav\u00e9s de <\/span><\/span><\/span><\/span>l<span style=\"color: #000000\"><span style=\"font-family: Arial, sans-serif\"><span style=\"font-size: medium\"><span lang=\"es-ES\">os Consejos Comarcales de Empleo y destinada a financiar el coste salarial total derivado de esta acci\u00f3n. <\/span><\/span><\/span><\/span><\/span><\/p>\n<p class=\"western\" align=\"justify\"><span style=\"font-family: Calibri, sans-serif\"><span style=\"font-size: small\"><span style=\"color: #000000\"><span style=\"font-family: Arial, sans-serif\"><span style=\"font-size: medium\"><span lang=\"es-ES\">El concejal de Empleo, Jos\u00e9 Manuel S\u00e1nchez, ha explicado que \u201cla finalidad de este programa es crear empleo, fomentar la inserci\u00f3n laboral en el municipio y contratar a desempleados de larga duraci\u00f3n para obras de inter\u00e9s social y general\u201d. <\/span><\/span><\/span><\/span><\/span><\/span><\/p>\n<p class=\"western\" align=\"justify\"><span style=\"font-family: Calibri, sans-serif\"><span style=\"font-size: small\"><span style=\"color: #000000\"><span style=\"font-family: Arial, sans-serif\"><span style=\"font-size: medium\"><span lang=\"es-ES\">Para participar en esta iniciativa, los trabajadores deben estar empadronados en dichos municipios y haber cotizado un m\u00ednimo de 540 d\u00edas en el r\u00e9gimen especial agrario o en el sistema especial para trabajadores por cuenta ajena agrarios de la Seguridad Social. Adem\u00e1s, se tiene en cuenta a los solicitantes con responsabilidades familiares y se prioriza a integrantes de colectivos con especiales dificultades de acceso al empleo como mujeres v\u00edctimas de violencia de g\u00e9nero, personas con discapacidad, mayores de 45 a\u00f1os, parados de larga duraci\u00f3n y personas que no hayan sido contratadas en la convocatoria del pasado a\u00f1o. <\/span><\/span><\/span><\/span><\/span><\/span><\/p>\n<p align=\"justify\"><img loading=\"lazy\" decoding=\"async\" class=\"alignnone wp-image-22235 size-full\" src=\"http:\/\/www.puertolumbreras.es\/ayuntamiento\/wp-content\/uploads\/2020\/09\/07a1f5fd-381c-45b8-9f8b-70578360df4d.jpg\" alt=\"\" width=\"2000\" height=\"1500\" \/><\/p>\n<p align=\"justify\"><img loading=\"lazy\" decoding=\"async\" class=\"alignnone wp-image-22236 size-full\" src=\"http:\/\/www.puertolumbreras.es\/ayuntamiento\/wp-content\/uploads\/2020\/09\/8d47a304-912e-46ef-891d-87fe0da9d216.jpg\" alt=\"\" width=\"2048\" height=\"1536\" \/><\/p>\n<p align=\"justify\">\n","protected":false},"excerpt":{"rendered":"<p>La contrataci\u00f3n se ha llevado a cabo a trav\u00e9s del programa de Fomento del Empleo Agrario, con una subvenci\u00f3n del Servicio P\u00fablico de Empleo Estatal de m\u00e1s de 73.000 euros Martes 15 de septiembre de 2020. La alcaldesa de Puerto Lumbreras; Mar\u00eda \u00c1ngeles T\u00fanez, y el concejal de Educaci\u00f3n; Jos\u00e9 Manuel S\u00e1nchez, han dado esta [&hellip;]<\/p>\n","protected":false},"author":2,"featured_media":22235,"comment_status":"closed","ping_status":"open","sticky":false,"template":"","format":"standard","meta":{"footnotes":""},"categories":[2],"tags":[],"class_list":["post-22234","post","type-post","status-publish","format-standard","has-post-thumbnail","hentry","category-noticias"],"_links":{"self":[{"href":"https:\/\/www.puertolumbreras.es\/ayuntamiento\/wp-json\/wp\/v2\/posts\/22234","targetHints":{"allow":["GET"]}}],"collection":[{"href":"https:\/\/www.puertolumbreras.es\/ayuntamiento\/wp-json\/wp\/v2\/posts"}],"about":[{"href":"https:\/\/www.puertolumbreras.es\/ayuntamiento\/wp-json\/wp\/v2\/types\/post"}],"author":[{"embeddable":true,"href":"https:\/\/www.puertolumbreras.es\/ayuntamiento\/wp-json\/wp\/v2\/users\/2"}],"replies":[{"embeddable":true,"href":"https:\/\/www.puertolumbreras.es\/ayuntamiento\/wp-json\/wp\/v2\/comments?post=22234"}],"version-history":[{"count":0,"href":"https:\/\/www.puertolumbreras.es\/ayuntamiento\/wp-json\/wp\/v2\/posts\/22234\/revisions"}],"wp:attachment":[{"href":"https:\/\/www.puertolumbreras.es\/ayuntamiento\/wp-json\/wp\/v2\/media?parent=22234"}],"wp:term":[{"taxonomy":"category","embeddable":true,"href":"https:\/\/www.puertolumbreras.es\/ayuntamiento\/wp-json\/wp\/v2\/categories?post=22234"},{"taxonomy":"post_tag","embeddable":true,"href":"https:\/\/www.puertolumbreras.es\/ayuntamiento\/wp-json\/wp\/v2\/tags?post=22234"}],"curies":[{"name":"wp","href":"https:\/\/api.w.org\/{rel}","templated":true}]}}