{"id":22224,"date":"2020-09-14T13:17:26","date_gmt":"2020-09-14T11:17:26","guid":{"rendered":"http:\/\/www.puertolumbreras.es\/ayuntamiento\/?p=22224"},"modified":"2020-09-14T13:17:26","modified_gmt":"2020-09-14T11:17:26","slug":"el-curso-escolar-comienza-con-normalidad-y-seguridad-en-los-centros-educativos-de-puerto-lumbreras","status":"publish","type":"post","link":"https:\/\/www.puertolumbreras.es\/ayuntamiento\/2020\/09\/14\/el-curso-escolar-comienza-con-normalidad-y-seguridad-en-los-centros-educativos-de-puerto-lumbreras\/","title":{"rendered":"El curso escolar comienza \u201ccon normalidad y seguridad\u201d en los centros educativos de Puerto Lumbreras"},"content":{"rendered":"<ul>\n<li>\n<p class=\"western\" align=\"justify\"><span style=\"font-family: Calibri, sans-serif\"><span style=\"font-size: small\"><span style=\"color: #000000\"><span style=\"font-family: Arial, sans-serif\"><span style=\"font-size: medium\"><span lang=\"es-ES\"><b>Alrededor de 3000 alumnos vuelven a las aulas en el municipio a partir de hoy, con protocolo Covid-19 y con todas las medidas para garantizar un regreso seguro a las aulas<\/b><\/span><\/span><\/span><\/span><\/span><\/span><\/p>\n<\/li>\n<\/ul>\n<p align=\"justify\"><span style=\"font-family: Times New Roman, serif\"><span style=\"color: #000000\"><span style=\"font-family: Arial, sans-serif\"><span style=\"font-size: medium\"><span lang=\"es-ES\"><u><b>Lunes 14<\/b><\/u><\/span><\/span><\/span><\/span><span style=\"color: #000000\"><span style=\"font-family: Arial, sans-serif\"><span style=\"font-size: medium\"><span lang=\"es-ES\"><u><b> de septiembre <\/b><\/u><\/span><\/span><\/span><\/span><span style=\"font-family: Arial, sans-serif\"><u><b>de 2020.<\/b><\/u><\/span> <span style=\"font-family: Arial, sans-serif\">La alcaldesa de Puerto Lumbreras; Mar\u00eda \u00c1ngeles T\u00fanez, y el concejal de Educaci\u00f3n; Jos\u00e9 Manuel S\u00e1nchez, han visitado esta ma\u00f1ana los colegios del municipio <\/span><span style=\"font-family: Arial, sans-serif\">en el inicio del curso escolar 2020\/2021 para alrededor de 3000 alumnos lumbrerenses, y donde han comprobado <\/span><span style=\"color: #000000\"><span style=\"font-family: Arial, sans-serif\"><span style=\"font-size: medium\"><span lang=\"es-ES\">el perfecto cumplimiento de<\/span><\/span><\/span><\/span><span style=\"font-family: Arial, sans-serif\"> todas las medidas de seguridad, higiene y prevenci\u00f3n marcadas por las autoridades sanitarias frente al COVID-19. <\/span><span style=\"font-family: Arial, sans-serif\">\u201c<\/span><span style=\"font-family: Arial, sans-serif\">H<\/span><span style=\"color: #000000\"><span style=\"font-family: Arial, sans-serif\"><span style=\"font-size: medium\"><span lang=\"es-ES\">a sido un inicio con total <\/span><\/span><\/span><\/span><span style=\"color: #000000\"><span style=\"font-family: Arial, sans-serif\"><span style=\"font-size: medium\"><span lang=\"es-ES\">seguridad, y <\/span><\/span><\/span><\/span><span style=\"color: #000000\"><span style=\"font-family: Arial, sans-serif\"><span style=\"font-size: medium\"><span lang=\"es-ES\">normalidad <\/span><\/span><\/span><\/span><span style=\"color: #000000\"><span style=\"font-family: Arial, sans-serif\"><span style=\"font-size: medium\"><span lang=\"es-ES\">dentro de la situaci\u00f3n que atravesamos<\/span><\/span><\/span><\/span><span style=\"color: #000000\"><span style=\"font-family: Arial, sans-serif\"><span style=\"font-size: medium\"><span lang=\"es-ES\">. Se han flexibilizado las entradas y salidas de los ni\u00f1os, habilit\u00e1ndose varias puertas y escalonando los horarios de cada uno de los cursos. Adem\u00e1s, se est\u00e1n ejecutando todos los protocolos de prevenci\u00f3n al pie de la letra, entre ellos el uso <\/span><\/span><\/span><\/span><span style=\"color: #000000\"><span style=\"font-family: Arial, sans-serif\"><span style=\"font-size: medium\"><span lang=\"es-ES\">obligatorio <\/span><\/span><\/span><\/span><span style=\"color: #000000\"><span style=\"font-family: Arial, sans-serif\"><span style=\"font-size: medium\"><span lang=\"es-ES\">de mascarilla, gel hidroalcoh\u00f3lico y distancia de seguridad. Quiero resaltar <\/span><\/span><\/span><\/span><span style=\"color: #000000\"><span style=\"font-family: Arial, sans-serif\"><span style=\"font-size: medium\"><span lang=\"es-ES\">el gran trabajo de los equipos directivos y docentes de los centros, y la<\/span><\/span><\/span><\/span><span style=\"color: #000000\"><span style=\"font-family: Arial, sans-serif\"><span style=\"font-size: medium\"><span lang=\"es-ES\"> colaboraci\u00f3n mostrada por los padres <\/span><\/span><\/span><\/span><span style=\"color: #000000\"><span style=\"font-family: Arial, sans-serif\"><span style=\"font-size: medium\"><span lang=\"es-ES\">para evitar aglomeraciones y para el cumplimiento de todas las directrices marcadas\u201d, ha destacado Jos\u00e9 Manuel S\u00e1nchez.<\/span><\/span><\/span><\/span><\/span><\/p>\n<p class=\"western\" align=\"justify\"><span style=\"font-family: Calibri, sans-serif\"><span style=\"font-size: small\"><span style=\"color: #000000\"><span style=\"font-family: Arial, sans-serif\"><span style=\"font-size: medium\"><span lang=\"es-ES\">Desde la concejal\u00eda de Educaci\u00f3n se han realizado trabajos de mantenimiento, jardiner\u00eda y limpieza, adem\u00e1s de la adecuaci\u00f3n de los centros para una vuelta m\u00e1s segura, realizando las adaptaciones que <\/span><\/span><\/span><\/span><span style=\"color: #000000\"><span style=\"font-family: Arial, sans-serif\"><span style=\"font-size: medium\"><span lang=\"es-ES\">han sido precisas ante la nueva situaci\u00f3n sanitaria<\/span><\/span><\/span><\/span><span style=\"color: #000000\"><span style=\"font-family: Arial, sans-serif\"><span style=\"font-size: medium\"><span lang=\"es-ES\">. Tambi\u00e9n <\/span><\/span><\/span><\/span><span style=\"color: #000000\"><span style=\"font-family: Arial, sans-serif\"><span style=\"font-size: medium\"><span lang=\"es-ES\">se ha<\/span><\/span><\/span><\/span><span style=\"color: #000000\"><span style=\"font-family: Arial, sans-serif\"><span style=\"font-size: medium\"><span lang=\"es-ES\"> reforzado el servicio de limpieza y la desinfecci\u00f3n de las instalaciones <\/span><\/span><\/span><\/span><span style=\"color: #000000\"><span style=\"font-family: Arial, sans-serif\"><span style=\"font-size: medium\"><span lang=\"es-ES\">con una mayor dotaci\u00f3n de recursos materiales y humanos<\/span><\/span><\/span><\/span><span style=\"color: #000000\"><span style=\"font-family: Arial, sans-serif\"><span style=\"font-size: medium\"><span lang=\"es-ES\">, as\u00ed como la seguridad vial, <\/span><\/span><\/span><\/span><span style=\"color: #000000\"><span style=\"font-family: Arial, sans-serif\"><span style=\"font-size: medium\"><span lang=\"es-ES\">regulando los accesos a los colegios y cortando al tr\u00e1fico las calles aleda\u00f1as en los horarios de entrada y salida, e intensificando la<\/span><\/span><\/span><\/span><span style=\"color: #000000\"><span style=\"font-family: Arial, sans-serif\"><span style=\"font-size: medium\"><span lang=\"es-ES\"> vigilancia policial para facilitar este proceso.<\/span><\/span><\/span><\/span><\/span><\/span><\/p>\n<p class=\"western\" align=\"justify\"><span style=\"color: #000000\">\u201c<span style=\"font-family: Calibri, sans-serif\"><span style=\"font-size: small\"><span style=\"font-family: Arial, sans-serif\"><span style=\"font-size: medium\"><span lang=\"es-ES\">Quiero recordar la importancia de cumplir con las directrices marcadas por <\/span><\/span><\/span><\/span><span style=\"font-family: Arial, sans-serif\"><span style=\"font-size: medium\"><span lang=\"es-ES\">las autoridades sanitarias tanto fuera como dentro de las aulas, y las indicaciones de las<\/span><\/span><\/span><span style=\"font-family: Arial, sans-serif\"><span style=\"font-size: medium\"><span lang=\"es-ES\"> direcciones de los centros escolares, que han estado llevando a cabo los protocolos Covid durante todo el periodo estival con el objetivo de crear unos entornos m\u00e1s seguros para los alumnos y alumnas, as\u00ed como desear un buen inicio de curso a toda la comunidad educativa de Puerto Lumbreras\u201d, <\/span><\/span><\/span><span style=\"font-family: Arial, sans-serif\"><span style=\"font-size: medium\"><span lang=\"es-ES\">ha concluido el concejal de Educaci\u00f3n.<\/span><\/span><\/span><\/span><\/span><\/p>\n<p align=\"justify\"><img loading=\"lazy\" decoding=\"async\" class=\"alignnone wp-image-22227 size-full\" src=\"http:\/\/www.puertolumbreras.es\/ayuntamiento\/wp-content\/uploads\/2020\/09\/6adf3982-a2a1-4078-bce1-8c886b11229f.jpg\" alt=\"\" width=\"1200\" height=\"1600\" \/><\/p>\n<p align=\"justify\"><img loading=\"lazy\" decoding=\"async\" class=\"alignnone wp-image-22226 size-full\" src=\"http:\/\/www.puertolumbreras.es\/ayuntamiento\/wp-content\/uploads\/2020\/09\/IMG-2896-scaled.jpg\" alt=\"\" width=\"2560\" height=\"1920\" \/><\/p>\n<p align=\"justify\"><img loading=\"lazy\" decoding=\"async\" class=\"alignnone wp-image-22225 size-full\" src=\"http:\/\/www.puertolumbreras.es\/ayuntamiento\/wp-content\/uploads\/2020\/09\/IMG-2906-scaled.jpg\" alt=\"\" width=\"2560\" height=\"1920\" \/><\/p>\n","protected":false},"excerpt":{"rendered":"<p>Alrededor de 3000 alumnos vuelven a las aulas en el municipio a partir de hoy, con protocolo Covid-19 y con todas las medidas para garantizar un regreso seguro a las aulas Lunes 14 de septiembre de 2020. La alcaldesa de Puerto Lumbreras; Mar\u00eda \u00c1ngeles T\u00fanez, y el concejal de Educaci\u00f3n; Jos\u00e9 Manuel S\u00e1nchez, han visitado [&hellip;]<\/p>\n","protected":false},"author":2,"featured_media":22225,"comment_status":"closed","ping_status":"open","sticky":false,"template":"","format":"standard","meta":{"footnotes":""},"categories":[2],"tags":[],"class_list":["post-22224","post","type-post","status-publish","format-standard","has-post-thumbnail","hentry","category-noticias"],"_links":{"self":[{"href":"https:\/\/www.puertolumbreras.es\/ayuntamiento\/wp-json\/wp\/v2\/posts\/22224","targetHints":{"allow":["GET"]}}],"collection":[{"href":"https:\/\/www.puertolumbreras.es\/ayuntamiento\/wp-json\/wp\/v2\/posts"}],"about":[{"href":"https:\/\/www.puertolumbreras.es\/ayuntamiento\/wp-json\/wp\/v2\/types\/post"}],"author":[{"embeddable":true,"href":"https:\/\/www.puertolumbreras.es\/ayuntamiento\/wp-json\/wp\/v2\/users\/2"}],"replies":[{"embeddable":true,"href":"https:\/\/www.puertolumbreras.es\/ayuntamiento\/wp-json\/wp\/v2\/comments?post=22224"}],"version-history":[{"count":0,"href":"https:\/\/www.puertolumbreras.es\/ayuntamiento\/wp-json\/wp\/v2\/posts\/22224\/revisions"}],"wp:attachment":[{"href":"https:\/\/www.puertolumbreras.es\/ayuntamiento\/wp-json\/wp\/v2\/media?parent=22224"}],"wp:term":[{"taxonomy":"category","embeddable":true,"href":"https:\/\/www.puertolumbreras.es\/ayuntamiento\/wp-json\/wp\/v2\/categories?post=22224"},{"taxonomy":"post_tag","embeddable":true,"href":"https:\/\/www.puertolumbreras.es\/ayuntamiento\/wp-json\/wp\/v2\/tags?post=22224"}],"curies":[{"name":"wp","href":"https:\/\/api.w.org\/{rel}","templated":true}]}}