{"id":22216,"date":"2020-09-11T13:19:24","date_gmt":"2020-09-11T11:19:24","guid":{"rendered":"http:\/\/www.puertolumbreras.es\/ayuntamiento\/?p=22216"},"modified":"2020-09-11T13:19:24","modified_gmt":"2020-09-11T11:19:24","slug":"el-ayuntamiento-impulsa-varias-campanas-para-fomentar-el-consumo-y-la-reactivacion-economica-del-comercio-y-la-hosteleria-del-municipio","status":"publish","type":"post","link":"https:\/\/www.puertolumbreras.es\/ayuntamiento\/2020\/09\/11\/el-ayuntamiento-impulsa-varias-campanas-para-fomentar-el-consumo-y-la-reactivacion-economica-del-comercio-y-la-hosteleria-del-municipio\/","title":{"rendered":"El Ayuntamiento impulsa varias campa\u00f1as para fomentar el consumo y la reactivaci\u00f3n econ\u00f3mica del comercio y la hosteler\u00eda del municipio"},"content":{"rendered":"<ul>\n<li>\n<p class=\"western\" align=\"justify\"><span style=\"font-family: Calibri, sans-serif\"><span style=\"font-size: small\"><span style=\"color: #000000\"><span style=\"font-family: Arial, sans-serif\"><span style=\"font-size: medium\"><span lang=\"es-ES\"><b>La primera i<\/b><\/span><\/span><\/span><\/span><span style=\"color: #000000\"><span style=\"font-family: Arial, sans-serif\"><span style=\"font-size: medium\"><span lang=\"es-ES\"><b>niciativa<\/b><\/span><\/span><\/span><\/span><span style=\"color: #000000\"><span style=\"font-family: Arial, sans-serif\"><span style=\"font-size: medium\"><span lang=\"es-ES\"><b> s<\/b><\/span><\/span><\/span><\/span><span style=\"color: #000000\"><span style=\"font-family: Arial, sans-serif\"><span style=\"font-size: medium\"><span lang=\"es-ES\"><b>er\u00e1 \u201cCompra y Gana\u201d<\/b><\/span><\/span><\/span><\/span><span style=\"color: #000000\"><span style=\"font-family: Arial, sans-serif\"><span style=\"font-size: medium\"><span lang=\"es-ES\"><b> y se llevar\u00e1 a cabo desde el 21 de<\/b><\/span><\/span><\/span><\/span><span style=\"color: #000000\"><span style=\"font-family: Arial, sans-serif\"><span style=\"font-size: medium\"><span lang=\"es-ES\"><b> septiembre al 21 de noviembre. <\/b><\/span><\/span><\/span><\/span><span style=\"color: #000000\"><span style=\"font-family: Arial, sans-serif\"><span style=\"font-size: medium\"><span lang=\"es-ES\"><b>A trav\u00e9s de la misma, y<\/b><\/span><\/span><\/span><\/span><span style=\"color: #000000\"><span style=\"font-family: Arial, sans-serif\"><span style=\"font-size: medium\"><span lang=\"es-ES\"><b> por compras superiores a 50 e<\/b><\/span><\/span><\/span><\/span><span style=\"color: #000000\"><span style=\"font-family: Arial, sans-serif\"><span style=\"font-size: medium\"><span lang=\"es-ES\"><b>uros<\/b><\/span><\/span><\/span><\/span><span style=\"color: #000000\"><span style=\"font-family: Arial, sans-serif\"><span style=\"font-size: medium\"><span lang=\"es-ES\"><b> realizadas en los comercios adheridos a la <\/b><\/span><\/span><\/span><\/span><span style=\"color: #000000\"><span style=\"font-family: Arial, sans-serif\"><span style=\"font-size: medium\"><span lang=\"es-ES\"><b>iniciativa<\/b><\/span><\/span><\/span><\/span><span style=\"color: #000000\"><span style=\"font-family: Arial, sans-serif\"><span style=\"font-size: medium\"><span lang=\"es-ES\"><b>, <\/b><\/span><\/span><\/span><\/span><span style=\"color: #000000\"><span style=\"font-family: Arial, sans-serif\"><span style=\"font-size: medium\"><span lang=\"es-ES\"><b>el cliente obtendr\u00e1<\/b><\/span><\/span><\/span><\/span><span style=\"color: #000000\"><span style=\"font-family: Arial, sans-serif\"><span style=\"font-size: medium\"><span lang=\"es-ES\"><b> un cheque regalo valorado en 10 e<\/b><\/span><\/span><\/span><\/span><span style=\"color: #000000\"><span style=\"font-family: Arial, sans-serif\"><span style=\"font-size: medium\"><span lang=\"es-ES\"><b>uros<\/b><\/span><\/span><\/span><\/span><span style=\"color: #000000\"><span style=\"font-family: Arial, sans-serif\"><span style=\"font-size: medium\"><span lang=\"es-ES\"><b> para canjear en <\/b><\/span><\/span><\/span><\/span><span style=\"color: #000000\"><span style=\"font-family: Arial, sans-serif\"><span style=\"font-size: medium\"><span lang=\"es-ES\"><b>la<\/b><\/span><\/span><\/span><\/span><span style=\"color: #000000\"><span style=\"font-family: Arial, sans-serif\"><span style=\"font-size: medium\"><span lang=\"es-ES\"><b> siguiente compra.<\/b><\/span><\/span><\/span><\/span><\/span><\/span><\/p>\n<\/li>\n<\/ul>\n<p align=\"justify\"><span style=\"font-family: Times New Roman, serif\"><span style=\"color: #000000\"><span style=\"font-family: Arial, sans-serif\"><span style=\"font-size: medium\"><span lang=\"es-ES\"><u><b>Viernes 11<\/b><\/u><\/span><\/span><\/span><\/span><span style=\"color: #000000\"><span style=\"font-family: Arial, sans-serif\"><span style=\"font-size: medium\"><span lang=\"es-ES\"><u><b> de septiembre <\/b><\/u><\/span><\/span><\/span><\/span><span style=\"font-family: Arial, sans-serif\"><u><b>de 2020.<\/b><\/u><\/span><span style=\"font-family: Arial, sans-serif\"> El Consejo Municipal de Desarrollo Econ\u00f3mico, Empresarial y Comercial <\/span><span style=\"font-family: Arial, sans-serif\">de Puerto Lumbreras mantuvo ayer una reuni\u00f3n telem\u00e1tica en la que participaron la alcaldesa de Puerto Lumbreras: Mar\u00eda \u00c1ngeles T\u00fanez, la concejal de Desarrollo Local y Dinamizaci\u00f3n Econ\u00f3mica; Roc\u00edo Mart\u00ednez, y representantes <\/span><span style=\"color: #000000\"><span style=\"font-family: Arial, sans-serif\"><span style=\"font-size: medium\"><span lang=\"es-ES\">de la Confederaci\u00f3n de Empresarios de Puerto Lumbreras \u2013 ASEPLU, <\/span><\/span><\/span><\/span> <span style=\"color: #000000\"><span style=\"font-family: Arial, sans-serif\"><span style=\"font-size: medium\"><span lang=\"es-ES\">CECLOR,<\/span><\/span><\/span><\/span><span style=\"font-family: Arial, sans-serif\"> Guadalent\u00edn Emprende, C\u00e1mara <\/span><span style=\"font-family: Arial, sans-serif\">Oficial <\/span><span style=\"font-family: Arial, sans-serif\">de Comercio de Lorca y Puerto Lumbreras, as\u00ed como de los hosteleros del municipio y de diversos sectores como alimentaci\u00f3n, comercio, seguridad ciudadana, gimnasios y decoraci\u00f3n. El <\/span><span style=\"font-family: Arial, sans-serif\">orden del d\u00eda <\/span><span style=\"font-family: Arial, sans-serif\">estaba <\/span><span style=\"font-family: Arial, sans-serif\">centrado en trabajar <\/span><span style=\"font-family: Arial, sans-serif\">sobre distintas iniciativas dentro del <\/span><span style=\"font-family: Arial, sans-serif\"> plan de reactivaci\u00f3n econ\u00f3mica y dinamizaci\u00f3n del sector comercial y hostelero del municipio, <\/span><span style=\"font-family: Arial, sans-serif\">para llevarlas a cabo en el \u00faltimo trimestre del presente a\u00f1o. <\/span><\/span><\/p>\n<p class=\"western\" align=\"justify\"><span style=\"font-family: Calibri, sans-serif\"><span style=\"font-size: small\"><span style=\"color: #000000\"><span style=\"font-family: Arial, sans-serif\"><span style=\"font-size: medium\"><span lang=\"es-ES\">La primera campa\u00f1a que se celebrar\u00e1 <\/span><\/span><\/span><\/span><span style=\"color: #000000\"><span style=\"font-family: Arial, sans-serif\"><span style=\"font-size: medium\"><span lang=\"es-ES\">ser\u00e1 \u201cCompra y Gana\u201d<\/span><\/span><\/span><\/span><span style=\"color: #000000\"><span style=\"font-family: Arial, sans-serif\"><span style=\"font-size: medium\"><span lang=\"es-ES\">, impulsada por la Concejal\u00eda de Desarrollo Local y Dinamizaci\u00f3n Econ\u00f3mica y la C\u00e1mara de Comercio, y se llevar\u00e1 a cabo desde el 21 de<\/span><\/span><\/span><\/span><span style=\"color: #000000\"><span style=\"font-family: Arial, sans-serif\"><span style=\"font-size: medium\"><span lang=\"es-ES\"> septiembre al 21 de noviembre. <\/span><\/span><\/span><\/span><span style=\"color: #000000\"><span style=\"font-family: Arial, sans-serif\"><span style=\"font-size: medium\"><span lang=\"es-ES\">A trav\u00e9s de la misma, y<\/span><\/span><\/span><\/span><span style=\"color: #000000\"><span style=\"font-family: Arial, sans-serif\"><span style=\"font-size: medium\"><span lang=\"es-ES\"> por compras superiores a 50 e<\/span><\/span><\/span><\/span><span style=\"color: #000000\"><span style=\"font-family: Arial, sans-serif\"><span style=\"font-size: medium\"><span lang=\"es-ES\">uros<\/span><\/span><\/span><\/span><span style=\"color: #000000\"><span style=\"font-family: Arial, sans-serif\"><span style=\"font-size: medium\"><span lang=\"es-ES\"> realizadas en los comercios adheridos a la <\/span><\/span><\/span><\/span><span style=\"color: #000000\"><span style=\"font-family: Arial, sans-serif\"><span style=\"font-size: medium\"><span lang=\"es-ES\">iniciativa<\/span><\/span><\/span><\/span><span style=\"color: #000000\"><span style=\"font-family: Arial, sans-serif\"><span style=\"font-size: medium\"><span lang=\"es-ES\">, <\/span><\/span><\/span><\/span><span style=\"color: #000000\"><span style=\"font-family: Arial, sans-serif\"><span style=\"font-size: medium\"><span lang=\"es-ES\">el cliente obtendr\u00e1<\/span><\/span><\/span><\/span><span style=\"color: #000000\"><span style=\"font-family: Arial, sans-serif\"><span style=\"font-size: medium\"><span lang=\"es-ES\"> un cheque regalo valorado en 10 e<\/span><\/span><\/span><\/span><span style=\"color: #000000\"><span style=\"font-family: Arial, sans-serif\"><span style=\"font-size: medium\"><span lang=\"es-ES\">uros<\/span><\/span><\/span><\/span><span style=\"color: #000000\"><span style=\"font-family: Arial, sans-serif\"><span style=\"font-size: medium\"><span lang=\"es-ES\"> para canjear en <\/span><\/span><\/span><\/span><span style=\"color: #000000\"><span style=\"font-family: Arial, sans-serif\"><span style=\"font-size: medium\"><span lang=\"es-ES\">los mismos en<\/span><\/span><\/span><\/span> <span style=\"color: #000000\"><span style=\"font-family: Arial, sans-serif\"><span style=\"font-size: medium\"><span lang=\"es-ES\">la<\/span><\/span><\/span><\/span><span style=\"color: #000000\"><span style=\"font-family: Arial, sans-serif\"><span style=\"font-size: medium\"><span lang=\"es-ES\"> siguiente compra.<\/span><\/span><\/span><\/span><\/span><\/span><\/p>\n<p class=\"western\" align=\"justify\"><span style=\"font-family: Calibri, sans-serif\"><span style=\"font-size: small\"><span style=\"color: #000000\"><span style=\"font-family: Arial, sans-serif\"><span style=\"font-size: medium\"><span lang=\"es-ES\">A esta le seguir\u00e1n otras campa\u00f1as para estos \u00faltimos meses del a\u00f1o, \u201cvinculando tanto a comercio como hosteler\u00eda para que estos dos sectores, muy afectados por l<\/span><\/span><\/span><\/span><span style=\"color: #000000\"><span style=\"font-family: Arial, sans-serif\"><span style=\"font-size: medium\"><span lang=\"es-ES\">as consecuencias econ\u00f3micas de la crisis sanitaria por la COVID-19<\/span><\/span><\/span><\/span><span style=\"color: #000000\"><span style=\"font-family: Arial, sans-serif\"><span style=\"font-size: medium\"><span lang=\"es-ES\">, puedan generar sinergias, beneficiarse de ellas y favorecer su recuperaci\u00f3n\u201d, ha se\u00f1alado la concejal responsable; Roc\u00edo Mart\u00ednez. Una ser\u00e1 \u201cCompra en tu comercio y ll\u00e9vate un premio\u00bb, en la que por comprar en los comercios de Puerto Lumbreras y por consumir en la hosteler\u00eda local, se optar\u00e1 a un premio de 500 euros para gastar en comercios y establecimientos. \u201cOtra iniciativa que tambi\u00e9n impulsa conjuntamente la Concejal\u00eda con la C\u00e1mara de Comercio tratar\u00e1 de un<\/span><\/span><\/span><\/span><span style=\"color: #000000\"><span style=\"font-family: Arial, sans-serif\"><span style=\"font-size: medium\"><span lang=\"es-ES\"> \u00abCheque hosteler\u00eda\u00bb consiste<\/span><\/span><\/span><\/span><span style=\"color: #000000\"><span style=\"font-family: Arial, sans-serif\"><span style=\"font-size: medium\"><span lang=\"es-ES\">nte<\/span><\/span><\/span><\/span><span style=\"color: #000000\"><span style=\"font-family: Arial, sans-serif\"><span style=\"font-size: medium\"><span lang=\"es-ES\"> en <\/span><\/span><\/span><\/span><span style=\"color: #000000\"><span style=\"font-family: Arial, sans-serif\"><span style=\"font-size: medium\"><span lang=\"es-ES\">que a trav\u00e9s de la<\/span><\/span><\/span><\/span><span style=\"color: #000000\"><span style=\"font-family: Arial, sans-serif\"><span style=\"font-size: medium\"><span lang=\"es-ES\"> realiza<\/span><\/span><\/span><\/span><span style=\"color: #000000\"><span style=\"font-family: Arial, sans-serif\"><span style=\"font-size: medium\"><span lang=\"es-ES\">ci\u00f3n<\/span><\/span><\/span><\/span> <span style=\"color: #000000\"><span style=\"font-family: Arial, sans-serif\"><span style=\"font-size: medium\"><span lang=\"es-ES\">de compras <\/span><\/span><\/span><\/span><span style=\"color: #000000\"><span style=\"font-family: Arial, sans-serif\"><span style=\"font-size: medium\"><span lang=\"es-ES\">en los comercios locales, <\/span><\/span><\/span><\/span><span style=\"color: #000000\"><span style=\"font-family: Arial, sans-serif\"><span style=\"font-size: medium\"><span lang=\"es-ES\">se conseguir\u00e1<\/span><\/span><\/span><\/span><span style=\"color: #000000\"><span style=\"font-family: Arial, sans-serif\"><span style=\"font-size: medium\"><span lang=\"es-ES\"> un vale para consumir en <\/span><\/span><\/span><\/span><span style=\"color: #000000\"><span style=\"font-family: Arial, sans-serif\"><span style=\"font-size: medium\"><span lang=\"es-ES\">los<\/span><\/span><\/span><\/span><span style=\"color: #000000\"><span style=\"font-family: Arial, sans-serif\"><span style=\"font-size: medium\"><span lang=\"es-ES\"> bares y restaurantes <\/span><\/span><\/span><\/span><span style=\"color: #000000\"><span style=\"font-family: Arial, sans-serif\"><span style=\"font-size: medium\"><span lang=\"es-ES\">del municipio\u201d, ha a\u00f1adido Roc\u00edo Mart\u00ednez.<\/span><\/span><\/span><\/span><\/span><\/span><\/p>\n<p class=\"western\" align=\"justify\"><span style=\"font-family: Calibri, sans-serif\"><span style=\"font-size: small\"><span style=\"color: #000000\"><span style=\"font-family: Arial, sans-serif\"><span style=\"font-size: medium\"><span lang=\"es-ES\">Adem\u00e1s, se estableci\u00f3 un calendario formativo a propuesta de las distintas asociaciones representadas en el Consejo, as\u00ed como otra serie de actuaciones como campa\u00f1as de difusi\u00f3n para fomentar la confianza en el comercio y la hosteler\u00eda de Puerto Lumbreras, e invitar a todos los ciudadanos y visitantes a que salgan con responsabilidad, consuman en el municipio y apoyen la econom\u00eda local. <\/span><\/span><\/span><\/span><\/span><\/span><\/p>\n<audio class=\"wp-audio-shortcode\" id=\"audio-22216-1\" preload=\"none\" style=\"width: 100%;\" controls=\"controls\"><source type=\"audio\/mpeg\" src=\"http:\/\/www.puertolumbreras.es\/ayuntamiento\/wp-content\/uploads\/2020\/09\/Rocio-Martinez-concejal-de-Desarrollo-Local-y-Dinamizacion-Economica.mp3?_=1\" \/><a href=\"http:\/\/www.puertolumbreras.es\/ayuntamiento\/wp-content\/uploads\/2020\/09\/Rocio-Martinez-concejal-de-Desarrollo-Local-y-Dinamizacion-Economica.mp3\">http:\/\/www.puertolumbreras.es\/ayuntamiento\/wp-content\/uploads\/2020\/09\/Rocio-Martinez-concejal-de-Desarrollo-Local-y-Dinamizacion-Economica.mp3<\/a><\/audio>\n<p><img loading=\"lazy\" decoding=\"async\" class=\"alignnone wp-image-22217 size-full\" src=\"http:\/\/www.puertolumbreras.es\/ayuntamiento\/wp-content\/uploads\/2020\/09\/1-1.jpg\" alt=\"\" width=\"1200\" height=\"1600\" \/><\/p>\n<p align=\"justify\"><img loading=\"lazy\" decoding=\"async\" class=\"alignnone wp-image-22219 size-full\" src=\"http:\/\/www.puertolumbreras.es\/ayuntamiento\/wp-content\/uploads\/2020\/09\/PHOTO-2020-09-10-13-01-01.jpg\" alt=\"\" width=\"1600\" height=\"1200\" \/><\/p>\n<p align=\"justify\"><img loading=\"lazy\" decoding=\"async\" class=\"alignnone wp-image-22220 size-full\" src=\"http:\/\/www.puertolumbreras.es\/ayuntamiento\/wp-content\/uploads\/2020\/09\/PHOTO-2020-09-10-13-00-05.jpg\" alt=\"\" width=\"1024\" height=\"768\" \/><\/p>\n<p class=\"western\" align=\"justify\"><span style=\"font-family: Arial, sans-serif\"><span style=\"font-size: medium\"><b>Ayudas al teletrabajo para aut\u00f3nomos y pymes<\/b><\/span><\/span><\/p>\n<p class=\"western\" lang=\"es-ES\" align=\"justify\"><span style=\"color: #000000\"><span style=\"font-family: Arial, Helvetica, sans-serif\"><span style=\"font-size: medium\"><span lang=\"es-ES\">Por otra parte, <\/span><\/span><\/span><\/span><span style=\"color: #000000\"><span style=\"font-family: Arial, Helvetica, sans-serif\"><span style=\"font-size: medium\"><span lang=\"es-ES\">hasta el pr\u00f3ximo 30 de septiembre pueden solicitarse las<\/span><\/span><\/span><\/span><span style=\"color: #000000\"><span style=\"font-family: Arial, Helvetica, sans-serif\"><span style=\"font-size: medium\"><span lang=\"es-ES\"> ayudas <\/span><\/span><\/span><\/span><span style=\"color: #000000\"><span style=\"font-family: Arial, Helvetica, sans-serif\"><span style=\"font-size: medium\"><span lang=\"es-ES\">del Gobierno regional <\/span><\/span><\/span><\/span><span style=\"color: #000000\"><span style=\"font-family: Arial, Helvetica, sans-serif\"><span style=\"font-size: medium\"><span lang=\"es-ES\">para la adquisici\u00f3n de equipos que faciliten el teletrabajo y la conciliaci\u00f3n a las empresas de la Regi\u00f3n. <\/span><\/span><\/span><\/span><span style=\"color: #000000\"><span style=\"font-family: Arial, Helvetica, sans-serif\"><span style=\"font-size: medium\"><span lang=\"es-ES\">El tr\u00e1mite puede hacerse a trav\u00e9s de<\/span><\/span><\/span><\/span><span style=\"color: #000000\"><span style=\"font-family: Arial, sans-serif\"><span style=\"font-size: medium\"><span lang=\"es-ES\"> la sede electr\u00f3nica del Instituto de Fomento (Info).<\/span><\/span><\/span><\/span><\/p>\n<p class=\"western\" lang=\"es-ES\" align=\"justify\"><span style=\"color: #000000\"><span style=\"font-family: Arial, sans-serif\"><span style=\"font-size: medium\"><span lang=\"es-ES\">L<\/span><\/span><\/span><\/span><span style=\"color: #000000\"><span style=\"font-family: Arial, sans-serif\"><span style=\"font-size: medium\"><span lang=\"es-ES\">a medida tiene<\/span><\/span><\/span><\/span><span style=\"color: #000000\"><span style=\"font-family: Arial, sans-serif\"><span style=\"font-size: medium\"><span lang=\"es-ES\"> como objetivo subvencionar la adquisici\u00f3n de programas y material inform\u00e1tico (nuevos) que permitan la incorporaci\u00f3n al teletrabajo, la conciliaci\u00f3n laboral, personal y familiar, nuevos sistemas de comunicaci\u00f3n que mejoren la competitividad de las empresas, as\u00ed como inversiones en material de protecci\u00f3n que aseguren la actividad y eviten contagios.<\/span><\/span><\/span><\/span><\/p>\n<p class=\"western\" align=\"justify\"><span style=\"font-family: Arial, sans-serif\"><span style=\"font-size: medium\">Las ayudas son a fondo perdido y ser\u00e1n del 50 por ciento sobre los costes subvencionables para empresas medianas, del 65 por ciento para las peque\u00f1as y del 85 por ciento para microempresas y aut\u00f3nomos, incluidos los mutualistas, con un importe m\u00e1ximo por beneficiario de 15.000 euros. Podr\u00e1n incluirse aquellos gastos incurridos desde el 1 de marzo y hasta 6 meses desde la notificaci\u00f3n de la resoluci\u00f3n de la concesi\u00f3n.<\/span><\/span><\/p>\n","protected":false},"excerpt":{"rendered":"<p>La primera iniciativa ser\u00e1 \u201cCompra y Gana\u201d y se llevar\u00e1 a cabo desde el 21 de septiembre al 21 de noviembre. A trav\u00e9s de la misma, y por compras superiores a 50 euros realizadas en los comercios adheridos a la iniciativa, el cliente obtendr\u00e1 un cheque regalo valorado en 10 euros para canjear en la [&hellip;]<\/p>\n","protected":false},"author":2,"featured_media":22220,"comment_status":"closed","ping_status":"open","sticky":false,"template":"","format":"standard","meta":{"footnotes":""},"categories":[2],"tags":[],"class_list":["post-22216","post","type-post","status-publish","format-standard","has-post-thumbnail","hentry","category-noticias"],"_links":{"self":[{"href":"https:\/\/www.puertolumbreras.es\/ayuntamiento\/wp-json\/wp\/v2\/posts\/22216","targetHints":{"allow":["GET"]}}],"collection":[{"href":"https:\/\/www.puertolumbreras.es\/ayuntamiento\/wp-json\/wp\/v2\/posts"}],"about":[{"href":"https:\/\/www.puertolumbreras.es\/ayuntamiento\/wp-json\/wp\/v2\/types\/post"}],"author":[{"embeddable":true,"href":"https:\/\/www.puertolumbreras.es\/ayuntamiento\/wp-json\/wp\/v2\/users\/2"}],"replies":[{"embeddable":true,"href":"https:\/\/www.puertolumbreras.es\/ayuntamiento\/wp-json\/wp\/v2\/comments?post=22216"}],"version-history":[{"count":0,"href":"https:\/\/www.puertolumbreras.es\/ayuntamiento\/wp-json\/wp\/v2\/posts\/22216\/revisions"}],"wp:attachment":[{"href":"https:\/\/www.puertolumbreras.es\/ayuntamiento\/wp-json\/wp\/v2\/media?parent=22216"}],"wp:term":[{"taxonomy":"category","embeddable":true,"href":"https:\/\/www.puertolumbreras.es\/ayuntamiento\/wp-json\/wp\/v2\/categories?post=22216"},{"taxonomy":"post_tag","embeddable":true,"href":"https:\/\/www.puertolumbreras.es\/ayuntamiento\/wp-json\/wp\/v2\/tags?post=22216"}],"curies":[{"name":"wp","href":"https:\/\/api.w.org\/{rel}","templated":true}]}}