{"id":22211,"date":"2020-09-10T12:44:58","date_gmt":"2020-09-10T10:44:58","guid":{"rendered":"http:\/\/www.puertolumbreras.es\/ayuntamiento\/?p=22211"},"modified":"2020-09-10T12:44:58","modified_gmt":"2020-09-10T10:44:58","slug":"el-ayuntamiento-refuerza-la-seguridad-vial-en-la-entrada-y-salida-de-los-centros-educativos-para-una-vuelta-segura-a-las-aulas","status":"publish","type":"post","link":"https:\/\/www.puertolumbreras.es\/ayuntamiento\/2020\/09\/10\/el-ayuntamiento-refuerza-la-seguridad-vial-en-la-entrada-y-salida-de-los-centros-educativos-para-una-vuelta-segura-a-las-aulas\/","title":{"rendered":"El Ayuntamiento refuerza la seguridad vial en la entrada y salida de los centros educativos para una vuelta segura a las aulas"},"content":{"rendered":"<ul>\n<li>\n<p align=\"justify\"><span style=\"font-family: Arial, sans-serif\"><span style=\"font-size: medium\"><b>Se refuerza la presencia de Polic\u00eda Local y Protecci\u00f3n Civil en el entorno de los colegios<\/b><\/span><\/span><\/p>\n<\/li>\n<li>\n<p align=\"justify\"><span style=\"font-family: Arial, sans-serif\"><span style=\"font-size: medium\"><b>Se cortar\u00e1n al tr\u00e1fico las calles por donde entran y salen los ni\u00f1os en cada colegio<\/b><\/span><\/span><\/p>\n<\/li>\n<\/ul>\n<p align=\"justify\"><span style=\"font-family: Times New Roman, serif\"><span style=\"color: #000000\"><span style=\"font-family: Arial, sans-serif\"><span style=\"font-size: medium\"><span lang=\"es-ES\"><u><b>Jueves 10 <\/b><\/u><\/span><\/span><\/span><\/span><span style=\"color: #000000\"><span style=\"font-family: Arial, sans-serif\"><span style=\"font-size: medium\"><span lang=\"es-ES\"><u><b>de septiembre <\/b><\/u><\/span><\/span><\/span><\/span><span style=\"font-family: Arial, sans-serif\"><u><b>de 2020.<\/b><\/u><\/span> <span style=\"font-family: Arial, sans-serif\">El Ayuntamiento de Puerto Lumbreras <\/span><span style=\"font-family: Arial, sans-serif\">ha preparado<\/span><span style=\"font-family: Arial, sans-serif\"> un dispositivo de seguridad <\/span><span style=\"font-family: Arial, sans-serif\">para garantizar una vuelta segura a las aulas a partir del pr\u00f3ximo lunes para todos los alumnos, padres, profesores y personal de los centros educativos del municipio. En este sentido, destaca el apoyo y refuerzo de la Polic\u00eda Local y Servicio de Emergencias-Protecci\u00f3n Civil para la organizaci\u00f3n de las entradas y salidas a los cuatro colegios de la localidad. \u201c<\/span><span style=\"font-family: Arial, sans-serif\">Adem\u00e1s, se cortar\u00e1n al tr\u00e1fico <\/span><span style=\"color: #000000\"><span style=\"font-family: Arial, sans-serif\"><span style=\"font-size: medium\"><span lang=\"es-ES\">para estas entradas y salidas<\/span><\/span><\/span><\/span><span style=\"font-family: Arial, sans-serif\"> las calles donde se sit\u00faa la fachada principal de cada centro, para evitar el trasiego y la aglomeraci\u00f3n de veh\u00edculos y de personas, y que s\u00f3lo deambulen por las mismas los ni\u00f1os con los padres que van a dejar a los peque\u00f1os\u201d, ha anunciado el concejal de Educaci\u00f3n; Jos\u00e9 Manuel S\u00e1nchez. <\/span><\/span><\/p>\n<p align=\"justify\"><span style=\"font-family: Times New Roman, serif\"><span style=\"color: #000000\"><span style=\"font-family: Arial, sans-serif\"><span style=\"font-size: medium\"><span lang=\"es-ES\">Esta<\/span><\/span><\/span><\/span><span style=\"color: #000000\"><span style=\"font-family: Arial, sans-serif\"><span style=\"font-size: medium\"><span lang=\"es-ES\">s actuaciones<\/span><\/span><\/span><\/span> <span style=\"color: #000000\"><span style=\"font-family: Arial, sans-serif\"><span style=\"font-size: medium\"><span lang=\"es-ES\">vienen a complementar<\/span><\/span><\/span><\/span><span style=\"color: #000000\"><span style=\"font-family: Arial, sans-serif\"><span style=\"font-size: medium\"><span lang=\"es-ES\"> las medidas que el Ayuntamiento de Puerto Lumbreras ha puesto en marcha para un inicio de curso seguro, y entre las que destacan<\/span><\/span><\/span><\/span><span style=\"color: #000000\"><span style=\"font-family: Arial, sans-serif\"><span style=\"font-size: medium\"><span lang=\"es-ES\"> la incorporaci\u00f3n de 4 nuevas limpiadoras para desinfecci\u00f3n y limpieza en horario lectivo,<\/span><\/span><\/span><\/span><span style=\"color: #000000\"><span style=\"font-family: Arial, sans-serif\"><span style=\"font-size: medium\"><span lang=\"es-ES\"> labores de mantenimiento, se\u00f1alizaci\u00f3n y adaptaci\u00f3n de colegios y escuelas infantiles a la actual situaci\u00f3n sanitaria, o la <\/span><\/span><\/span><\/span><span style=\"color: #000000\"><span style=\"font-family: Arial, sans-serif\"><span style=\"font-size: medium\"><span lang=\"es-ES\">entrega a los centros <\/span><\/span><\/span><\/span><span style=\"color: #000000\"><span style=\"font-family: Arial, sans-serif\"><span style=\"font-size: medium\"><span lang=\"es-ES\">de <\/span><\/span><\/span><\/span><span style=\"color: #000000\"><span style=\"font-family: Arial, sans-serif\"><span style=\"font-size: medium\"><span lang=\"es-ES\">material de desinfecci\u00f3n,<\/span><\/span><\/span><\/span><span style=\"color: #000000\"><span style=\"font-family: Arial, sans-serif\"><span style=\"font-size: medium\"><span lang=\"es-ES\"> mascarillas, gel hidroalcoh\u00f3lico y <\/span><\/span><\/span><\/span><span style=\"color: #000000\"><span style=\"font-family: Arial, sans-serif\"><span style=\"font-size: medium\"><span lang=\"es-ES\">otros para evitar posibles contagios por COVID-19. \u201cEn cuanto a los colegios habr\u00e1 un equipo de desinfecci\u00f3n por las ma\u00f1anas en cada uno de de ellos, reforz\u00e1ndose as\u00ed mismo la limpieza en h<\/span><\/span><\/span><\/span><span style=\"color: #000000\"><span style=\"font-family: Arial, Helvetica, sans-serif\"><span style=\"font-size: medium\"><span lang=\"es-ES\">orario matinal. En horario de tarde al equipo de limpieza se suma el de desinfecci\u00f3n. Desde el Ayuntamiento de Puerto Lumbreras estamos poniendo todos los recursos a nuestro alcance y dentro de nuestras competencias; limpieza, desinfecci\u00f3n, mantenimiento y seguridad vial, para contribuir a frenar al virus. Entre todos debemos colaborar cumpliendo con las distintas medidas establecidas y actuando con responsabilidad\u201d, ha explicado el concejal de Educaci\u00f3n.<\/span><\/span><\/span><\/span><\/span><\/p>\n<p align=\"justify\"><img loading=\"lazy\" decoding=\"async\" class=\"alignnone wp-image-22213 size-full\" src=\"http:\/\/www.puertolumbreras.es\/ayuntamiento\/wp-content\/uploads\/2020\/09\/reunion.jpg\" alt=\"\" width=\"1500\" height=\"2000\" \/><\/p>\n<p align=\"justify\"><img loading=\"lazy\" decoding=\"async\" class=\"alignnone wp-image-22212 size-full\" src=\"http:\/\/www.puertolumbreras.es\/ayuntamiento\/wp-content\/uploads\/2020\/09\/foto-1-scaled.jpg\" alt=\"\" width=\"2560\" height=\"1920\" \/><\/p>\n","protected":false},"excerpt":{"rendered":"<p>Se refuerza la presencia de Polic\u00eda Local y Protecci\u00f3n Civil en el entorno de los colegios Se cortar\u00e1n al tr\u00e1fico las calles por donde entran y salen los ni\u00f1os en cada colegio Jueves 10 de septiembre de 2020. El Ayuntamiento de Puerto Lumbreras ha preparado un dispositivo de seguridad para garantizar una vuelta segura a [&hellip;]<\/p>\n","protected":false},"author":2,"featured_media":22213,"comment_status":"closed","ping_status":"open","sticky":false,"template":"","format":"standard","meta":{"footnotes":""},"categories":[2],"tags":[],"class_list":["post-22211","post","type-post","status-publish","format-standard","has-post-thumbnail","hentry","category-noticias"],"_links":{"self":[{"href":"https:\/\/www.puertolumbreras.es\/ayuntamiento\/wp-json\/wp\/v2\/posts\/22211","targetHints":{"allow":["GET"]}}],"collection":[{"href":"https:\/\/www.puertolumbreras.es\/ayuntamiento\/wp-json\/wp\/v2\/posts"}],"about":[{"href":"https:\/\/www.puertolumbreras.es\/ayuntamiento\/wp-json\/wp\/v2\/types\/post"}],"author":[{"embeddable":true,"href":"https:\/\/www.puertolumbreras.es\/ayuntamiento\/wp-json\/wp\/v2\/users\/2"}],"replies":[{"embeddable":true,"href":"https:\/\/www.puertolumbreras.es\/ayuntamiento\/wp-json\/wp\/v2\/comments?post=22211"}],"version-history":[{"count":0,"href":"https:\/\/www.puertolumbreras.es\/ayuntamiento\/wp-json\/wp\/v2\/posts\/22211\/revisions"}],"wp:attachment":[{"href":"https:\/\/www.puertolumbreras.es\/ayuntamiento\/wp-json\/wp\/v2\/media?parent=22211"}],"wp:term":[{"taxonomy":"category","embeddable":true,"href":"https:\/\/www.puertolumbreras.es\/ayuntamiento\/wp-json\/wp\/v2\/categories?post=22211"},{"taxonomy":"post_tag","embeddable":true,"href":"https:\/\/www.puertolumbreras.es\/ayuntamiento\/wp-json\/wp\/v2\/tags?post=22211"}],"curies":[{"name":"wp","href":"https:\/\/api.w.org\/{rel}","templated":true}]}}