{"id":22203,"date":"2020-09-08T14:53:38","date_gmt":"2020-09-08T12:53:38","guid":{"rendered":"http:\/\/www.puertolumbreras.es\/ayuntamiento\/?p=22203"},"modified":"2020-09-08T14:53:38","modified_gmt":"2020-09-08T12:53:38","slug":"tecnicos-de-la-consejeria-de-educacion-visitan-el-antiguo-colegio-sagrado-corazon-para-albergar-los-ciclos-formativos-del-ies-rambla-de-nogalte","status":"publish","type":"post","link":"https:\/\/www.puertolumbreras.es\/ayuntamiento\/2020\/09\/08\/tecnicos-de-la-consejeria-de-educacion-visitan-el-antiguo-colegio-sagrado-corazon-para-albergar-los-ciclos-formativos-del-ies-rambla-de-nogalte\/","title":{"rendered":"T\u00e9cnicos de la Consejer\u00eda de Educaci\u00f3n visitan el antiguo colegio Sagrado Coraz\u00f3n para albergar los Ciclos Formativos del IES Rambla de Nogalte"},"content":{"rendered":"<ul>\n<li>\n<p align=\"justify\">\u201c<span style=\"font-family: Arial, sans-serif\"><span style=\"font-size: medium\"><b>El Ayuntamiento de Puerto Lumbreras ofreci\u00f3 el pasado mes de junio las instalaciones de este centro educativo para la descongesti\u00f3n de las aulas en el Instituto y ayudar a que se cumplan al m\u00e1ximo las medidas de seguridad frente al COVID-19\u201d, se\u00f1ala el concejal de Educaci\u00f3n; Jos\u00e9 Manuel S\u00e1nchez<\/b><\/span><\/span><\/p>\n<\/li>\n<\/ul>\n<p align=\"justify\"><span style=\"font-family: Times New Roman, serif\"><span style=\"color: #000000\"><span style=\"font-family: Arial, sans-serif\"><span style=\"font-size: medium\"><span lang=\"es-ES\"><u><b>Martes <\/b><\/u><\/span><\/span><\/span><\/span><span style=\"color: #000000\"><span style=\"font-family: Arial, sans-serif\"><span style=\"font-size: medium\"><span lang=\"es-ES\"><u><b>8 <\/b><\/u><\/span><\/span><\/span><\/span><span style=\"color: #000000\"><span style=\"font-family: Arial, sans-serif\"><span style=\"font-size: medium\"><span lang=\"es-ES\"><u><b>de septiembre <\/b><\/u><\/span><\/span><\/span><\/span><span style=\"font-family: Arial, sans-serif\"><u><b>de 2020.<\/b><\/u><\/span><span style=\"font-family: Arial, sans-serif\"> La alcaldesa de Puerto Lumbreras; Mar\u00eda \u00c1ngeles T\u00fanez, y <\/span><span style=\"color: #000000\"><span style=\"font-family: Arial, sans-serif\"><span style=\"font-size: medium\"><span lang=\"es-ES\">el conce<\/span><\/span><\/span><\/span><span style=\"color: #000000\"><span style=\"font-family: Arial, sans-serif\"><span style=\"font-size: medium\"><span lang=\"es-ES\">jal de Educaci\u00f3n; Jos\u00e9 Manuel S\u00e1nchez, junto a t\u00e9cnicos de la Consejer\u00eda de Educaci\u00f3n y miembros del equipo directivo del IES Rambla de Nogalte, han visitado esta ma\u00f1ana las instalaciones del antiguo CEIP Sagrado Coraz\u00f3n de Jes\u00fas, que el consistorio local ofreci\u00f3 a la Consejer\u00eda <\/span><\/span><\/span><\/span><span style=\"color: #000000\"><span style=\"font-family: Arial, sans-serif\"><span style=\"font-size: medium\"><span lang=\"es-ES\">desde <\/span><\/span><\/span><\/span><span style=\"color: #000000\"><span style=\"font-family: Arial, sans-serif\"><span style=\"font-size: medium\"><span lang=\"es-ES\">el pasado mes de junio para su utilizaci\u00f3n de cara al inicio del curso 2020\/2021. <\/span><\/span><\/span><\/span><span style=\"color: #000000\"><span style=\"font-family: Arial, sans-serif\"><span style=\"font-size: medium\"><span lang=\"es-ES\">\u201cEl Ayuntamiento de Puerto Lumbreras <\/span><\/span><\/span><\/span><span style=\"color: #000000\"><span style=\"font-family: Arial, sans-serif\"><span style=\"font-size: medium\"><span lang=\"es-ES\">puso hace meses a disposici\u00f3n del organismo competente, que es la Consejer\u00eda<\/span><\/span><\/span><\/span> <span style=\"color: #000000\"><span style=\"font-family: Arial, sans-serif\"><span style=\"font-size: medium\"><span lang=\"es-ES\">de Educaci\u00f3n y Cultura, <\/span><\/span><\/span><\/span><span style=\"color: #000000\"><span style=\"font-family: Arial, sans-serif\"><span style=\"font-size: medium\"><span lang=\"es-ES\">las instalaciones de este centro educativo para la descongesti\u00f3n de las aulas en el Instituto <\/span><\/span><\/span><\/span><span style=\"color: #000000\"><span style=\"font-family: Arial, sans-serif\"><span style=\"font-size: medium\"><span lang=\"es-ES\">Rambla de Nogalte<\/span><\/span><\/span><\/span><span style=\"color: #000000\"><span style=\"font-family: Arial, sans-serif\"><span style=\"font-size: medium\"><span lang=\"es-ES\"> y ayudar a que se cumplan al m\u00e1ximo las medidas de seguridad frente al COVID-19 <\/span><\/span><\/span><\/span><span style=\"color: #000000\"><span style=\"font-family: Arial, sans-serif\"><span style=\"font-size: medium\"><span lang=\"es-ES\">y que se pueda desarrollar el curso en las mejores condiciones para profesores y alumnos<\/span><\/span><\/span><\/span><span style=\"color: #000000\"><span style=\"font-family: Arial, sans-serif\"><span style=\"font-size: medium\"><span lang=\"es-ES\">\u201d, <\/span><\/span><\/span><\/span><span style=\"color: #000000\"><span style=\"font-family: Arial, sans-serif\"><span style=\"font-size: medium\"><span lang=\"es-ES\">ha se\u00f1alado el concejal de Educaci\u00f3n; Jos\u00e9 Manuel S\u00e1nchez. <\/span><\/span><\/span><\/span><\/span><\/p>\n<p align=\"justify\"><span style=\"font-family: Times New Roman, serif\"><span style=\"color: #000000\"><span style=\"font-family: Arial, sans-serif\"><span style=\"font-size: medium\"><span lang=\"es-ES\">En concreto, si la Consejer\u00eda de Educaci\u00f3n y Cultura aprueba <\/span><\/span><\/span><\/span><span style=\"color: #000000\"><span style=\"font-family: Arial, sans-serif\"><span style=\"font-size: medium\"><span lang=\"es-ES\">el traslado, <\/span><\/span><\/span><\/span><span style=\"color: #000000\"><span style=\"font-family: Arial, sans-serif\"><span style=\"font-size: medium\"><span lang=\"es-ES\">ser\u00edan alrededor <\/span><\/span><\/span><\/span><span style=\"color: #000000\"><span style=\"font-family: Arial, sans-serif\"><span style=\"font-size: medium\"><span lang=\"es-ES\">130 alumnos <\/span><\/span><\/span><\/span><span style=\"color: #000000\"><span style=\"font-family: Arial, sans-serif\"><span style=\"font-size: medium\"><span lang=\"es-ES\">los que iniciar\u00edan el curso a partir del pr\u00f3ximo 21 de septiembre en el antiguo Sagrado Coraz\u00f3n, pertenecientes a los 8 grupos que conforman los ciclos formativos de grado medio de Actividades F\u00edsicas en el Medio Natural y Gesti\u00f3n Administrativa, y los ciclos de grado superior de Acondicionamiento F\u00edsico y Administraci\u00f3n y Finanzas, liberando as\u00ed varias aulas en el IES Rambla de Nogalte, para su uso por parte del resto de estudios y cursos <\/span><\/span><\/span><\/span><span style=\"color: #000000\"><span style=\"font-family: Arial, sans-serif\"><span style=\"font-size: medium\"><span lang=\"es-ES\">del centro<\/span><\/span><\/span><\/span><span style=\"color: #000000\"><span style=\"font-family: Arial, sans-serif\"><span style=\"font-size: medium\"><span lang=\"es-ES\">.<\/span><\/span><\/span><\/span><\/span><\/p>\n<p align=\"justify\"><span style=\"font-family: Times New Roman, serif\"><span style=\"color: #000000\"><span style=\"font-family: Arial, sans-serif\"><span style=\"font-size: medium\"><span lang=\"es-ES\">Esta actuaci\u00f3n forma parte de las medidas que el<\/span><\/span><\/span><\/span><span style=\"color: #000000\"><span style=\"font-family: Arial, sans-serif\"><span style=\"font-size: medium\"><span lang=\"es-ES\"> Ay<\/span><\/span><\/span><\/span><span style=\"color: #000000\"><span style=\"font-family: Arial, sans-serif\"><span style=\"font-size: medium\"><span lang=\"es-ES\">untamiento<\/span><\/span><\/span><\/span><span style=\"color: #000000\"><span style=\"font-family: Arial, sans-serif\"><span style=\"font-size: medium\"><span lang=\"es-ES\"> de P<\/span><\/span><\/span><\/span><span style=\"color: #000000\"><span style=\"font-family: Arial, sans-serif\"><span style=\"font-size: medium\"><span lang=\"es-ES\">uerto Lumbreras<\/span><\/span><\/span><\/span><span style=\"color: #000000\"><span style=\"font-family: Arial, sans-serif\"><span style=\"font-size: medium\"><span lang=\"es-ES\"> ha puesto en marcha para un inicio de curso seguro, <\/span><\/span><\/span><\/span><span style=\"color: #000000\"><span style=\"font-family: Arial, sans-serif\"><span style=\"font-size: medium\"><span lang=\"es-ES\">y entre las que destacan el refuerzo en recursos materiales y humanos para desinfecci\u00f3n y limpieza diaria de los centros educativos, labores de mantenimiento, se\u00f1alizaci\u00f3n y adaptaci\u00f3n de colegios y escuelas infantiles a la actual situaci\u00f3n sanitaria, o la adquisici\u00f3n de mascarillas, gel hidroalcoh\u00f3lico y materiales de prevenci\u00f3n para ponerlas a disposici\u00f3n de los miembros de la comunidad educativa, <\/span><\/span><\/span><\/span><span style=\"color: #000000\"><span style=\"font-family: Arial, sans-serif\"><span style=\"font-size: medium\"><span lang=\"es-ES\">entre otras<\/span><\/span><\/span><\/span><span style=\"color: #000000\"><span style=\"font-family: Arial, sans-serif\"><span style=\"font-size: medium\"><span lang=\"es-ES\">.<\/span><\/span><\/span><\/span><\/span><\/p>\n<p align=\"justify\"><img loading=\"lazy\" decoding=\"async\" class=\"alignnone wp-image-22206 size-full\" src=\"http:\/\/www.puertolumbreras.es\/ayuntamiento\/wp-content\/uploads\/2020\/09\/cf5d9b26-05d8-4c98-ad34-6021dd325f30.jpg\" alt=\"\" width=\"1600\" height=\"1200\" \/><\/p>\n<p align=\"justify\"><img loading=\"lazy\" decoding=\"async\" class=\"alignnone wp-image-22205 size-full\" src=\"http:\/\/www.puertolumbreras.es\/ayuntamiento\/wp-content\/uploads\/2020\/09\/IMG-2260-scaled.jpg\" alt=\"\" width=\"2560\" height=\"1440\" \/><\/p>\n<p align=\"justify\"><img loading=\"lazy\" decoding=\"async\" class=\"alignnone wp-image-22204 size-full\" src=\"http:\/\/www.puertolumbreras.es\/ayuntamiento\/wp-content\/uploads\/2020\/09\/IMG-2269-scaled.jpg\" alt=\"\" width=\"2560\" height=\"1440\" \/><\/p>\n","protected":false},"excerpt":{"rendered":"<p>\u201cEl Ayuntamiento de Puerto Lumbreras ofreci\u00f3 el pasado mes de junio las instalaciones de este centro educativo para la descongesti\u00f3n de las aulas en el Instituto y ayudar a que se cumplan al m\u00e1ximo las medidas de seguridad frente al COVID-19\u201d, se\u00f1ala el concejal de Educaci\u00f3n; Jos\u00e9 Manuel S\u00e1nchez Martes 8 de septiembre de 2020. [&hellip;]<\/p>\n","protected":false},"author":2,"featured_media":22206,"comment_status":"closed","ping_status":"open","sticky":false,"template":"","format":"standard","meta":{"footnotes":""},"categories":[2],"tags":[],"class_list":["post-22203","post","type-post","status-publish","format-standard","has-post-thumbnail","hentry","category-noticias"],"_links":{"self":[{"href":"https:\/\/www.puertolumbreras.es\/ayuntamiento\/wp-json\/wp\/v2\/posts\/22203","targetHints":{"allow":["GET"]}}],"collection":[{"href":"https:\/\/www.puertolumbreras.es\/ayuntamiento\/wp-json\/wp\/v2\/posts"}],"about":[{"href":"https:\/\/www.puertolumbreras.es\/ayuntamiento\/wp-json\/wp\/v2\/types\/post"}],"author":[{"embeddable":true,"href":"https:\/\/www.puertolumbreras.es\/ayuntamiento\/wp-json\/wp\/v2\/users\/2"}],"replies":[{"embeddable":true,"href":"https:\/\/www.puertolumbreras.es\/ayuntamiento\/wp-json\/wp\/v2\/comments?post=22203"}],"version-history":[{"count":0,"href":"https:\/\/www.puertolumbreras.es\/ayuntamiento\/wp-json\/wp\/v2\/posts\/22203\/revisions"}],"wp:attachment":[{"href":"https:\/\/www.puertolumbreras.es\/ayuntamiento\/wp-json\/wp\/v2\/media?parent=22203"}],"wp:term":[{"taxonomy":"category","embeddable":true,"href":"https:\/\/www.puertolumbreras.es\/ayuntamiento\/wp-json\/wp\/v2\/categories?post=22203"},{"taxonomy":"post_tag","embeddable":true,"href":"https:\/\/www.puertolumbreras.es\/ayuntamiento\/wp-json\/wp\/v2\/tags?post=22203"}],"curies":[{"name":"wp","href":"https:\/\/api.w.org\/{rel}","templated":true}]}}