{"id":22176,"date":"2020-09-03T13:10:09","date_gmt":"2020-09-03T11:10:09","guid":{"rendered":"http:\/\/www.puertolumbreras.es\/ayuntamiento\/?p=22176"},"modified":"2020-09-03T13:10:09","modified_gmt":"2020-09-03T11:10:09","slug":"la-cifra-de-paro-en-puerto-lumbreras-bajo-casi-1-punto-en-el-mes-de-agosto","status":"publish","type":"post","link":"https:\/\/www.puertolumbreras.es\/ayuntamiento\/2020\/09\/03\/la-cifra-de-paro-en-puerto-lumbreras-bajo-casi-1-punto-en-el-mes-de-agosto\/","title":{"rendered":"La cifra de paro en Puerto Lumbreras baj\u00f3 casi 1 punto en el mes de agosto"},"content":{"rendered":"<ul>\n<li>El n\u00famero de desempleados registrados el pasado mes en el municipio es de 816, y la tasa de paro local se sit\u00faa en el 7\u201959%, m\u00e1s de 8 puntos por debajo de la regional y nacional<\/li>\n<\/ul>\n<p><strong><u>Jueves 3 de septiembre de 2019.-<\/u><\/strong> El volumen de desempleados en Puerto Lumbreras se redujo en casi 1 punto el pasado mes de agosto, en contraste con el incremento de la cifra de paro en Espa\u00f1a. Con ello, la tasa de desempleo en el municipio se sit\u00faa en el 7\u201959%, m\u00e1s de 8 puntos por debajo de la cifra regional y nacional seg\u00fan los \u00faltimos datos disponibles en este sentido. El n\u00famero de personas desempleadas ha bajado en 264 en los \u00faltimos siete a\u00f1os en la localidad, suponiendo un descenso de casi el 25 por ciento.<\/p>\n<p>Las consecuencias econ\u00f3micas de la pandemia por COVID-19 han supuesto un incremento interanual del paro en Puerto Lumbreras del 17 por ciento, una subida tambi\u00e9n por debajo de la nacional que es del 24,04%<\/p>\n<p>Por su parte, el pasado mes de julio hubo un incremento de casi 1 punto porcentual respecto a junio en el n\u00famero de afiliaciones a la Seguridad Social, alcanzando las 4.786, produci\u00e9ndose tambi\u00e9n un incremento interanual de medio punto respecto al mismo periodo del a\u00f1o anterior. \u201cLa disminuci\u00f3n del n\u00famero de desempleados en Puerto Lumbreras es una noticia que da esperanza dentro de la dif\u00edcil situaci\u00f3n que vivimos debido a los efectos econ\u00f3micos del coronavirus, aunque nuestro objetivo es mejorar los datos actuales y que todos los lumbrerenses que quieran trabajar, logren un empleo estable y de calidad. Desde el equipo de gobierno seguiremos trabajando y adoptando medidas concretas para apoyar a pymes aut\u00f3nomos y trabajadores para que puedan sobrellevar la situaci\u00f3n, y generar empleo en el municipio a trav\u00e9s de distintas acciones formativas y el fomento de la empleabilidad\u201d.<\/p>\n","protected":false},"excerpt":{"rendered":"<p>El n\u00famero de desempleados registrados el pasado mes en el municipio es de 816, y la tasa de paro local se sit\u00faa en el 7\u201959%, m\u00e1s de 8 puntos por debajo de la regional y nacional Jueves 3 de septiembre de 2019.- El volumen de desempleados en Puerto Lumbreras se redujo en casi 1 punto [&hellip;]<\/p>\n","protected":false},"author":2,"featured_media":22177,"comment_status":"closed","ping_status":"open","sticky":false,"template":"","format":"standard","meta":{"footnotes":""},"categories":[2],"tags":[],"class_list":["post-22176","post","type-post","status-publish","format-standard","has-post-thumbnail","hentry","category-noticias"],"_links":{"self":[{"href":"https:\/\/www.puertolumbreras.es\/ayuntamiento\/wp-json\/wp\/v2\/posts\/22176","targetHints":{"allow":["GET"]}}],"collection":[{"href":"https:\/\/www.puertolumbreras.es\/ayuntamiento\/wp-json\/wp\/v2\/posts"}],"about":[{"href":"https:\/\/www.puertolumbreras.es\/ayuntamiento\/wp-json\/wp\/v2\/types\/post"}],"author":[{"embeddable":true,"href":"https:\/\/www.puertolumbreras.es\/ayuntamiento\/wp-json\/wp\/v2\/users\/2"}],"replies":[{"embeddable":true,"href":"https:\/\/www.puertolumbreras.es\/ayuntamiento\/wp-json\/wp\/v2\/comments?post=22176"}],"version-history":[{"count":0,"href":"https:\/\/www.puertolumbreras.es\/ayuntamiento\/wp-json\/wp\/v2\/posts\/22176\/revisions"}],"wp:attachment":[{"href":"https:\/\/www.puertolumbreras.es\/ayuntamiento\/wp-json\/wp\/v2\/media?parent=22176"}],"wp:term":[{"taxonomy":"category","embeddable":true,"href":"https:\/\/www.puertolumbreras.es\/ayuntamiento\/wp-json\/wp\/v2\/categories?post=22176"},{"taxonomy":"post_tag","embeddable":true,"href":"https:\/\/www.puertolumbreras.es\/ayuntamiento\/wp-json\/wp\/v2\/tags?post=22176"}],"curies":[{"name":"wp","href":"https:\/\/api.w.org\/{rel}","templated":true}]}}