{"id":22158,"date":"2020-09-01T13:54:05","date_gmt":"2020-09-01T11:54:05","guid":{"rendered":"http:\/\/www.puertolumbreras.es\/ayuntamiento\/?p=22158"},"modified":"2020-09-01T13:54:05","modified_gmt":"2020-09-01T11:54:05","slug":"el-ayuntamiento-de-puerto-lumbreras-trata-con-la-consejeria-de-educacion-y-ampas-del-municipio-el-inicio-del-curso-escolar","status":"publish","type":"post","link":"https:\/\/www.puertolumbreras.es\/ayuntamiento\/2020\/09\/01\/el-ayuntamiento-de-puerto-lumbreras-trata-con-la-consejeria-de-educacion-y-ampas-del-municipio-el-inicio-del-curso-escolar\/","title":{"rendered":"El Ayuntamiento de Puerto Lumbreras trata con la Consejer\u00eda de Educaci\u00f3n y AMPA\u00b4s del municipio el inicio del curso escolar"},"content":{"rendered":"<ul>\n<li>\n<p align=\"justify\">\u201c<span lang=\"es-ES\">Desde la Concejal\u00eda se han llevado a cabo obras de acondicionamiento de los centros, se va a reforzar la desinfecci\u00f3n <\/span><span lang=\"es-ES\">diaria<\/span><span lang=\"es-ES\">, y se va a proporcionar gel hidroalcoh\u00f3lico y mascarillas, <\/span><span lang=\"es-ES\">entre otras medidas<\/span><span lang=\"es-ES\">\u201d, <\/span><span lang=\"es-ES\">ha se\u00f1alado Jos\u00e9 Manuel S\u00e1nchez; concejal de Educaci\u00f3n.<\/span><\/p>\n<\/li>\n<\/ul>\n<p align=\"justify\"><strong><span lang=\"es-ES\">Martes 1 de septiembre <\/span>de 2020.<\/strong> La alcaldesa de Puerto Lumbreras; Mar\u00eda \u00c1ngeles T\u00fanez, y el concejal de Educaci\u00f3n; Jos\u00e9 Manuel S\u00e1nchez, han continuado esta ma\u00f1ana con la ronda de reuniones con diferentes cargos y colectivos de la comunidad educativa de cara al inicio del curso escolar previsto a partir del 14 de septiembre. Hoy han analizado todos los pormenores del regreso a la actividad lectiva, que tendr\u00e1 lugar de forma semipresencial ante la situaci\u00f3n sanitaria, junto a Ver\u00f3nica L\u00f3pez; Directora General de Centros Educativos e Infraestructuras de la Consejer\u00eda de Educaci\u00f3n y Cultura del Gobierno regional, Sergio L\u00f3pez; Director General de Evaluaci\u00f3n Educativa y Formaci\u00f3n Profesional, y los representantes de las Asociaciones de Madres y Padres de Alumnos de los 5 colegios y del Instituto de Educaci\u00f3n Secundaria Rambla de Nogalte.<\/p>\n<p align=\"justify\">\u201c<span lang=\"es-ES\">Desde la Consejer\u00eda y Ayuntamiento hemos informado y resuelto dudas a las familias sobre el escenario educativo planteado para la vuelta a las aulas. El di\u00e1logo con la comunidad educativa es fundamental para trasladar la informaci\u00f3n con rigor y evitar alarmas innecesarias. Se van a<\/span><span lang=\"es-ES\"> intensificar las medidas de higiene, el distanciamiento social y el aforo de los alumnos y profesores en los centros educativos. <\/span><span lang=\"es-ES\">Desde la Concejal\u00eda se han llevado a cabo las pertinentes obras de acondicionamiento de los centros, se va a reforzar la desinfecci\u00f3n <\/span><span lang=\"es-ES\">diaria <\/span><span lang=\"es-ES\">con recursos materiales y humanos, y se va a proporcionar gel hidroalcoh\u00f3lico y mascarillas, <\/span><span lang=\"es-ES\">entre otras medidas<\/span><span lang=\"es-ES\">\u201d, <\/span><span lang=\"es-ES\">ha se\u00f1alado Jos\u00e9 Manuel S\u00e1nchez; concejal de Educaci\u00f3n.<\/span><\/p>\n<p align=\"justify\"><span lang=\"es-ES\">D<\/span><span lang=\"es-ES\">ado el escenario planteado de flexibilizaci\u00f3n de horarios y reducci\u00f3n de la estancia de los alumnos en los centros educativos, <\/span><span lang=\"es-ES\">desde el Gobierno regional <\/span><span lang=\"es-ES\">se va a incentivar la formaci\u00f3n telem\u00e1tica y ampliar el Programa de Refuerzo Educativo, con clases presenciales impartidas en horario vespertino y que abarcan a todos los cursos, desde 1\u00ba de Primaria hasta 2\u00ba de Bachillerato. P<\/span><span lang=\"es-ES\">ara favorecer la conciliaci\u00f3n, la Consejer\u00eda de Mujer, Igualdad, LGTBI, Familias y Pol\u00edtica Social ofrecer\u00e1 una nueva l\u00ednea de ayudas a los ayuntamientos <\/span><span lang=\"es-ES\">de la Regi\u00f3n<\/span><span lang=\"es-ES\">, <\/span><span lang=\"es-ES\">que <\/span><span lang=\"es-ES\">se suma a las anunciadas por la Consejer\u00eda de Empleo. Esta l\u00ednea est\u00e1 dirigida a la atenci\u00f3n de ni\u00f1os y ni\u00f1as de educaci\u00f3n primaria (6-12 a\u00f1os) y segundo ciclo de educaci\u00f3n infantil (3-6 a\u00f1os) cuyos progenitores est\u00e9n trabajando o recibiendo formaci\u00f3n para el empleo, con horarios adaptados a la jornada escolar de los centros educativos del municipio. <\/span><\/p>\n<audio class=\"wp-audio-shortcode\" id=\"audio-22158-1\" preload=\"none\" style=\"width: 100%;\" controls=\"controls\"><source type=\"audio\/mpeg\" src=\"http:\/\/www.puertolumbreras.es\/ayuntamiento\/wp-content\/uploads\/2020\/09\/Jos\u00e9-Manuel-S\u00e1nchez-concejal-de-Educaci\u00f3n.mp3?_=1\" \/><a href=\"http:\/\/www.puertolumbreras.es\/ayuntamiento\/wp-content\/uploads\/2020\/09\/Jos\u00e9-Manuel-S\u00e1nchez-concejal-de-Educaci\u00f3n.mp3\">http:\/\/www.puertolumbreras.es\/ayuntamiento\/wp-content\/uploads\/2020\/09\/Jos\u00e9-Manuel-S\u00e1nchez-concejal-de-Educaci\u00f3n.mp3<\/a><\/audio>\n<p align=\"justify\"><img loading=\"lazy\" decoding=\"async\" class=\"alignnone wp-image-22160 size-full\" src=\"http:\/\/www.puertolumbreras.es\/ayuntamiento\/wp-content\/uploads\/2020\/09\/1.jpg\" alt=\"\" width=\"2000\" height=\"1500\" \/><\/p>\n<p align=\"justify\"><img loading=\"lazy\" decoding=\"async\" class=\"alignnone wp-image-22159 size-full\" src=\"http:\/\/www.puertolumbreras.es\/ayuntamiento\/wp-content\/uploads\/2020\/09\/IMG-1710-scaled.jpg\" alt=\"\" width=\"2560\" height=\"1920\" \/><\/p>\n","protected":false},"excerpt":{"rendered":"<p>\u201cDesde la Concejal\u00eda se han llevado a cabo obras de acondicionamiento de los centros, se va a reforzar la desinfecci\u00f3n diaria, y se va a proporcionar gel hidroalcoh\u00f3lico y mascarillas, entre otras medidas\u201d, ha se\u00f1alado Jos\u00e9 Manuel S\u00e1nchez; concejal de Educaci\u00f3n. Martes 1 de septiembre de 2020. La alcaldesa de Puerto Lumbreras; Mar\u00eda \u00c1ngeles T\u00fanez, [&hellip;]<\/p>\n","protected":false},"author":2,"featured_media":22159,"comment_status":"closed","ping_status":"open","sticky":false,"template":"","format":"standard","meta":{"footnotes":""},"categories":[2],"tags":[],"class_list":["post-22158","post","type-post","status-publish","format-standard","has-post-thumbnail","hentry","category-noticias"],"_links":{"self":[{"href":"https:\/\/www.puertolumbreras.es\/ayuntamiento\/wp-json\/wp\/v2\/posts\/22158","targetHints":{"allow":["GET"]}}],"collection":[{"href":"https:\/\/www.puertolumbreras.es\/ayuntamiento\/wp-json\/wp\/v2\/posts"}],"about":[{"href":"https:\/\/www.puertolumbreras.es\/ayuntamiento\/wp-json\/wp\/v2\/types\/post"}],"author":[{"embeddable":true,"href":"https:\/\/www.puertolumbreras.es\/ayuntamiento\/wp-json\/wp\/v2\/users\/2"}],"replies":[{"embeddable":true,"href":"https:\/\/www.puertolumbreras.es\/ayuntamiento\/wp-json\/wp\/v2\/comments?post=22158"}],"version-history":[{"count":0,"href":"https:\/\/www.puertolumbreras.es\/ayuntamiento\/wp-json\/wp\/v2\/posts\/22158\/revisions"}],"wp:attachment":[{"href":"https:\/\/www.puertolumbreras.es\/ayuntamiento\/wp-json\/wp\/v2\/media?parent=22158"}],"wp:term":[{"taxonomy":"category","embeddable":true,"href":"https:\/\/www.puertolumbreras.es\/ayuntamiento\/wp-json\/wp\/v2\/categories?post=22158"},{"taxonomy":"post_tag","embeddable":true,"href":"https:\/\/www.puertolumbreras.es\/ayuntamiento\/wp-json\/wp\/v2\/tags?post=22158"}],"curies":[{"name":"wp","href":"https:\/\/api.w.org\/{rel}","templated":true}]}}