{"id":22152,"date":"2020-08-31T13:29:52","date_gmt":"2020-08-31T11:29:52","guid":{"rendered":"http:\/\/www.puertolumbreras.es\/ayuntamiento\/?p=22152"},"modified":"2020-08-31T13:29:52","modified_gmt":"2020-08-31T11:29:52","slug":"ayuntamiento-y-centros-educativos-trabajan-en-coordinacion-para-una-vuelta-a-las-aulas-con-la-maxima-seguridad-posible","status":"publish","type":"post","link":"https:\/\/www.puertolumbreras.es\/ayuntamiento\/2020\/08\/31\/ayuntamiento-y-centros-educativos-trabajan-en-coordinacion-para-una-vuelta-a-las-aulas-con-la-maxima-seguridad-posible\/","title":{"rendered":"Ayuntamiento y centros educativos trabajan en coordinaci\u00f3n para una vuelta a las aulas con la m\u00e1xima seguridad posible"},"content":{"rendered":"<ul>\n<li>\n<p align=\"justify\"><span style=\"font-family: Arial, sans-serif\"><span style=\"font-size: medium\"><b>La Concejal\u00eda de Educaci\u00f3n lleva a cabo peque\u00f1as obras de mantenimiento y acondicionamiento en colegios y escuelas infantiles<\/b><\/span><\/span><\/p>\n<\/li>\n<li>\n<p align=\"justify\"><span style=\"font-family: Arial, sans-serif\"><span style=\"font-size: medium\"><b>El consistorio va a repartir gel hidroalcoh\u00f3lico y mascarillas entre la comunidad educativa de Puerto Lumbreras<\/b><\/span><\/span><\/p>\n<\/li>\n<li>\n<p align=\"justify\"><span style=\"font-family: Arial, sans-serif\"><span style=\"font-size: medium\"><b>Alcaldesa y concejal de Educaci\u00f3n mantienen reuniones con directores y presidentes de AMPA\u00b4s de los centros<\/b><\/span><\/span><\/p>\n<\/li>\n<\/ul>\n<p align=\"justify\"><span style=\"font-family: Times New Roman, serif\"><span style=\"color: #000000\"><span style=\"font-family: Arial, sans-serif\"><span style=\"font-size: medium\"><span lang=\"es-ES\"><u><b>Lunes 3<\/b><\/u><\/span><\/span><\/span><\/span><span style=\"color: #000000\"><span style=\"font-family: Arial, sans-serif\"><span style=\"font-size: medium\"><span lang=\"es-ES\"><u><b>1<\/b><\/u><\/span><\/span><\/span><\/span><span style=\"font-family: Arial, sans-serif\"><u><b> de agosto de 2020.<\/b><\/u><\/span><span style=\"font-family: Arial, sans-serif\"> La Concejal\u00eda de <\/span><span style=\"color: #000000\"><span style=\"font-family: Arial, sans-serif\"><span style=\"font-size: medium\"><span lang=\"es-ES\">Educaci\u00f3n<\/span><\/span><\/span><\/span><span style=\"font-family: Arial, sans-serif\"> del Ayuntamiento de Puerto Lumbreras <\/span><span style=\"color: #000000\"><span style=\"font-family: Arial, sans-serif\"><span style=\"font-size: medium\"><span lang=\"es-ES\">trabaja de forma coordinada con los centros educativos del municipio de cara a la puesta a punto de los mismos para el inicio del curso escolar <\/span><\/span><\/span><\/span><span style=\"color: #000000\"><span style=\"font-family: Arial, sans-serif\"><span style=\"font-size: medium\"><span lang=\"es-ES\">previsto para <\/span><\/span><\/span><\/span><span style=\"color: #000000\"><span style=\"font-family: Arial, sans-serif\"><span style=\"font-size: medium\"><span lang=\"es-ES\">el pr\u00f3ximo 1<\/span><\/span><\/span><\/span><span style=\"color: #000000\"><span style=\"font-family: Arial, sans-serif\"><span style=\"font-size: medium\"><span lang=\"es-ES\">4<\/span><\/span><\/span><\/span><span style=\"color: #000000\"><span style=\"font-family: Arial, sans-serif\"><span style=\"font-size: medium\"><span lang=\"es-ES\"> septiembre <\/span><\/span><\/span><\/span><span style=\"color: #000000\"><span style=\"font-family: Arial, sans-serif\"><span style=\"font-size: medium\"><span lang=\"es-ES\">en Educaci\u00f3n Infantil y Primaria<\/span><\/span><\/span><\/span><span style=\"color: #000000\"><span style=\"font-family: Arial, sans-serif\"><span style=\"font-size: medium\"><span lang=\"es-ES\">. <\/span><\/span><\/span><\/span><span style=\"color: #000000\"><span style=\"font-family: Arial, sans-serif\"><span style=\"font-size: medium\"><span lang=\"es-ES\">La alcaldesa de Puerto Lumbreras; Mar\u00eda \u00c1ngeles T\u00fanez, y el concejal de Educaci\u00f3n; Jos\u00e9 Manuel S\u00e1nchez, han visitado esta ma\u00f1ana <\/span><\/span><\/span><\/span><span style=\"color: #000000\"><span style=\"font-family: Arial, sans-serif\"><span style=\"font-size: medium\"><span lang=\"es-ES\">un colegio <\/span><\/span><\/span><\/span><span style=\"color: #000000\"><span style=\"font-family: Arial, sans-serif\"><span style=\"font-size: medium\"><span lang=\"es-ES\">del municipio<\/span><\/span><\/span><\/span><span style=\"color: #000000\"><span style=\"font-family: Arial, sans-serif\"><span style=\"font-size: medium\"><span lang=\"es-ES\"> para ver c\u00f3mo se est\u00e1n implementando las medidas d<\/span><\/span><\/span><\/span><span style=\"color: #000000\"><span style=\"font-family: Arial, sans-serif\"><span style=\"font-size: medium\"><span lang=\"es-ES\">e cara a garantizar la m\u00e1xima seguridad en la vuelta a las aulas y evitar posibles contagios por COVID-19. Entre otras, se ha llevado a cabo la s<\/span><\/span><\/span><\/span><span style=\"color: #000000\"><span style=\"font-family: Arial, sans-serif\"><span style=\"font-size: medium\"><span lang=\"es-ES\">e\u00f1alizaci\u00f3n de itinerarios <\/span><\/span><\/span><\/span><span style=\"color: #000000\"><span style=\"font-family: Arial, sans-serif\"><span style=\"font-size: medium\"><span lang=\"es-ES\">en las instalaciones, con el objetivo de asegurar la distancia m\u00ednima de seguridad de al menos 1\u20195 m.<\/span><\/span><\/span><\/span> <span style=\"color: #000000\"><span style=\"font-family: Arial, sans-serif\"><span style=\"font-size: medium\"><span lang=\"es-ES\">entre los alumnos, <\/span><\/span><\/span><\/span><span style=\"color: #000000\"><span style=\"font-family: Arial, sans-serif\"><span style=\"font-size: medium\"><span lang=\"es-ES\">as\u00ed como la instalaci\u00f3n de carteles informativos recordando las medidas de prevenci\u00f3n y protecci\u00f3n personal a seguir. <\/span><\/span><\/span><\/span><span style=\"color: #000000\"><span style=\"font-family: Arial, sans-serif\"><span style=\"font-size: medium\"><span lang=\"es-ES\">En este sentido, la Concejal\u00eda <\/span><\/span><\/span><\/span><span style=\"color: #000000\"><span style=\"font-family: Arial, sans-serif\"><span style=\"font-size: medium\"><span lang=\"es-ES\">va a repartir gel hidroalco<\/span><\/span><\/span><\/span><span style=\"color: #000000\"><span style=\"font-family: Arial, sans-serif\"><span style=\"font-size: medium\"><span lang=\"es-ES\">h\u00f3li<\/span><\/span><\/span><\/span><span style=\"color: #000000\"><span style=\"font-family: Arial, sans-serif\"><span style=\"font-size: medium\"><span lang=\"es-ES\">co y mascarillas en los centros p\u00fablicos d<\/span><\/span><\/span><\/span><span style=\"color: #000000\"><span style=\"font-family: Arial, sans-serif\"><span style=\"font-size: medium\"><span lang=\"es-ES\">e la localidad.<\/span><\/span><\/span><\/span><\/span><\/p>\n<p align=\"justify\"><span style=\"font-family: Times New Roman, serif\"><span style=\"color: #000000\"><span style=\"font-family: Arial, sans-serif\"><span style=\"font-size: medium\"><span lang=\"es-ES\">Por otra parte, desde hace meses <\/span><\/span><\/span><\/span><span style=\"color: #000000\"><span style=\"font-family: Arial, sans-serif\"><span style=\"font-size: medium\"><span lang=\"es-ES\">e<\/span><\/span><\/span><\/span><span style=\"color: #000000\"><span style=\"font-family: Arial, sans-serif\"><span style=\"font-size: medium\"><span lang=\"es-ES\">l Ayuntamiento viene llevando<\/span><\/span><\/span><\/span><span style=\"color: #000000\"><span style=\"font-family: Arial, sans-serif\"><span style=\"font-size: medium\"><span lang=\"es-ES\"> a cabo labores de limpieza y desinfecci\u00f3n, reparaci\u00f3n de persianas, pintura de aulas y exteriores, as\u00ed como actuaciones de mantenimiento en general <\/span><\/span><\/span><\/span><span style=\"color: #000000\"><span style=\"font-family: Arial, sans-serif\"><span style=\"font-size: medium\"><span lang=\"es-ES\">en respuesta a las diferentes demandas de cada centro. <\/span><\/span><\/span><\/span><span style=\"color: #000000\"><span style=\"font-family: Arial, sans-serif\"><span style=\"font-size: medium\"><span lang=\"es-ES\">As\u00ed mismo, se va a reforzar la seguridad vial<\/span><\/span><\/span><\/span> <span style=\"color: #000000\"><span style=\"font-family: Arial, sans-serif\"><span style=\"font-size: medium\"><span lang=\"es-ES\">a la hora de <\/span><\/span><\/span><\/span><span style=\"color: #000000\"><span style=\"font-family: Arial, sans-serif\"><span style=\"font-size: medium\"><span lang=\"es-ES\">la entrada y la s<\/span><\/span><\/span><\/span><span style=\"color: #000000\"><span style=\"font-family: Arial, sans-serif\"><span style=\"font-size: medium\"><span lang=\"es-ES\">alida<\/span><\/span><\/span><\/span><span style=\"color: #000000\"><span style=\"font-family: Arial, sans-serif\"><span style=\"font-size: medium\"><span lang=\"es-ES\"> de los ni\u00f1os.<\/span><\/span><\/span><\/span><\/span><\/p>\n<p class=\"western\" lang=\"es-ES\" align=\"justify\"><span style=\"color: #000000\"><span style=\"font-family: Arial, sans-serif\"><span style=\"font-size: medium\"><span lang=\"es-ES\">Por otra parte, e<\/span><\/span><\/span><\/span><span style=\"color: #000000\"><span style=\"font-family: Arial, sans-serif\"><span style=\"font-size: medium\"><span lang=\"es-ES\">l Ayuntamiento de Puerto Lumbreras <\/span><\/span><\/span><\/span><span style=\"color: #000000\"><span style=\"font-family: Arial, sans-serif\"><span style=\"font-size: medium\"><span lang=\"es-ES\">ha implementado un <\/span><\/span><\/span><\/span><span style=\"color: #000000\"><span style=\"font-family: Arial, sans-serif\"><span style=\"font-size: medium\"><span lang=\"es-ES\">plan municipal de limpieza y desinfecci\u00f3n de centros educativos y guarder\u00edas, <\/span><\/span><\/span><\/span><span style=\"color: #000000\"><span style=\"font-family: Arial, sans-serif\"><span style=\"font-size: medium\"><span lang=\"es-ES\">a trav\u00e9s del cual se <\/span><\/span><\/span><\/span><span style=\"color: #000000\"><span style=\"font-family: Arial, sans-serif\"><span style=\"font-size: medium\"><span lang=\"es-ES\">realizan puntualmente labores de<\/span><\/span><\/span><\/span> <span style=\"color: #000000\"><span style=\"font-family: Arial, sans-serif\"><span style=\"font-size: medium\"><span lang=\"es-ES\"> desinfecci\u00f3n, desinsectaci\u00f3n y desratizaci\u00f3n, a trav\u00e9s de una empresa especializada, en los 4 centros p\u00fablicos de Educaci\u00f3n Infantil y Primaria y las 4 escuelas infantiles municipales del municipio. Adem\u00e1s, el servicio habitual de limpieza se refuerza tambi\u00e9n en horario lectivo con una limpiadora en cada centro, para llevar a cabo tres <\/span><\/span><\/span><\/span><span style=\"color: #000000\"><span style=\"font-family: Arial, sans-serif\"><span style=\"font-size: medium\"><span lang=\"es-ES\">v<\/span><\/span><\/span><\/span><span style=\"color: #000000\"><span style=\"font-family: Arial, sans-serif\"><span style=\"font-size: medium\"><span lang=\"es-ES\">eces <\/span><\/span><\/span><\/span><span style=\"color: #000000\"><span style=\"font-family: Arial, sans-serif\"><span style=\"font-size: medium\"><span lang=\"es-ES\">al d\u00eda <\/span><\/span><\/span><\/span><span style=\"color: #000000\"><span style=\"font-family: Arial, sans-serif\"><span style=\"font-size: medium\"><span lang=\"es-ES\">limpieza y desinfecci\u00f3n <\/span><\/span><\/span><\/span><span style=\"color: #000000\"><span style=\"font-family: Arial, sans-serif\"><span style=\"font-size: medium\"><span lang=\"es-ES\">en zonas comunes, aseos, pasamanos, <\/span><\/span><\/span><\/span><span style=\"color: #000000\"><span style=\"font-family: Arial, sans-serif\"><span style=\"font-size: medium\"><span lang=\"es-ES\">mobiliario en aulas,<\/span><\/span><\/span><\/span><span style=\"color: #000000\"><span style=\"font-family: Arial, sans-serif\"><span style=\"font-size: medium\"><span lang=\"es-ES\"> etc. <\/span><\/span><\/span><\/span><span style=\"color: #000000\"><span style=\"font-family: Arial, sans-serif\"><span style=\"font-size: medium\"><span lang=\"es-ES\">Los conserjes t<\/span><\/span><\/span><\/span><span style=\"color: #000000\"><span style=\"font-family: Arial, sans-serif\"><span style=\"font-size: medium\"><span lang=\"es-ES\">ambi\u00e9n van a realizar tareas de desinfecci\u00f3n cada d\u00eda de clases en patios, zonas <\/span><\/span><\/span><\/span><span style=\"color: #000000\"><span style=\"font-family: Arial, sans-serif\"><span style=\"font-size: medium\"><span lang=\"es-ES\">de juego y zonas <\/span><\/span><\/span><\/span><span style=\"color: #000000\"><span style=\"font-family: Arial, sans-serif\"><span style=\"font-size: medium\"><span lang=\"es-ES\">comunes en general.<\/span><\/span><\/span><\/span><\/p>\n<p class=\"western\" lang=\"es-ES\" align=\"justify\"><span style=\"color: #000000\"><span style=\"font-family: Arial, sans-serif\"><span style=\"font-size: medium\"><span lang=\"es-ES\">La alcaldesa y el concejal de Educaci\u00f3n han mantenido tambi\u00e9n esta ma\u00f1ana una reuni\u00f3n <\/span><\/span><\/span><\/span><span style=\"color: #000000\"><span style=\"font-family: Arial, sans-serif\"><span style=\"font-size: medium\"><span lang=\"es-ES\">con los directores de los colegios <\/span><\/span><\/span><\/span><span style=\"color: #000000\"><span style=\"font-family: Arial, sans-serif\"><span style=\"font-size: medium\"><span lang=\"es-ES\">de Puerto Lumbreras; A<\/span><\/span><\/span><\/span><span style=\"color: #000000\"><span style=\"font-family: Arial, sans-serif\"><span style=\"font-size: medium\"><span lang=\"es-ES\">sunci\u00f3n Jord\u00e1n, Juan Antonio L\u00f3pez Alcaraz, Sagrado Coraz\u00f3n, Pur\u00edsima Concepci\u00f3n y Lideria, <\/span><\/span><\/span><\/span><span style=\"color: #000000\"><span style=\"font-family: Arial, sans-serif\"><span style=\"font-size: medium\"><span lang=\"es-ES\">as\u00ed como <\/span><\/span><\/span><\/span><span style=\"color: #000000\"><span style=\"font-family: Arial, sans-serif\"><span style=\"font-size: medium\"><span lang=\"es-ES\">el IES Rambla de Nogalte,<\/span><\/span><\/span><\/span> <span style=\"color: #000000\"><span style=\"font-family: Arial, sans-serif\"><span style=\"font-size: medium\"><span lang=\"es-ES\">e<\/span><\/span><\/span><\/span><span style=\"color: #000000\"><span style=\"font-family: Arial, sans-serif\"><span style=\"font-size: medium\"><span lang=\"es-ES\">n la que han tratado sobre los<\/span><\/span><\/span><\/span><span style=\"color: #000000\"><span style=\"font-family: Arial, sans-serif\"><span style=\"font-size: medium\"><span lang=\"es-ES\"> planes de contigencia <\/span><\/span><\/span><\/span><span style=\"color: #000000\"><span style=\"font-family: Arial, sans-serif\"><span style=\"font-size: medium\"><span lang=\"es-ES\">de cada centro frente al virus<\/span><\/span><\/span><\/span><span style=\"color: #000000\"><span style=\"font-family: Arial, sans-serif\"><span style=\"font-size: medium\"><span lang=\"es-ES\">, medidas de seguridad <\/span><\/span><\/span><\/span><span style=\"color: #000000\"><span style=\"font-family: Arial, sans-serif\"><span style=\"font-size: medium\"><span lang=\"es-ES\">y <\/span><\/span><\/span><\/span><span style=\"color: #000000\"><span style=\"font-family: Arial, sans-serif\"><span style=\"font-size: medium\"><span lang=\"es-ES\">actuaciones de cara al reinicio de las clases. Este martes se producir\u00e1 otro encuentro, en este caso telem\u00e1tico, con responsables de la Consejer\u00eda de E<\/span><\/span><\/span><\/span><span style=\"color: #000000\"><span style=\"font-family: Arial, sans-serif\"><span style=\"font-size: medium\"><span lang=\"es-ES\">ducaci\u00f3n<\/span><\/span><\/span><\/span><span style=\"color: #000000\"><span style=\"font-family: Arial, sans-serif\"><span style=\"font-size: medium\"><span lang=\"es-ES\"> y los presidentes de las A<\/span><\/span><\/span><\/span><span style=\"color: #000000\"><span style=\"font-family: Arial, sans-serif\"><span style=\"font-size: medium\"><span lang=\"es-ES\">MPA\u00b4s<\/span><\/span><\/span><\/span><span style=\"color: #000000\"><span style=\"font-family: Arial, sans-serif\"><span style=\"font-size: medium\"><span lang=\"es-ES\"> de <\/span><\/span><\/span><\/span><span style=\"color: #000000\"><span style=\"font-family: Arial, sans-serif\"><span style=\"font-size: medium\"><span lang=\"es-ES\">todos los centros educativos.<\/span><\/span><\/span><\/span><\/p>\n<p class=\"western\" lang=\"es-ES\" align=\"justify\"><span style=\"color: #000000\">\u201c<\/span><span style=\"color: #000000\"><span style=\"font-family: Arial, sans-serif\"><span style=\"font-size: medium\"><span lang=\"es-ES\">Estamos colaborando al m\u00e1ximo en reforzar todo lo que respecta a las competencias municipales en Educaci\u00f3n, <\/span><\/span><\/span><\/span><span style=\"color: #000000\"><span style=\"font-family: Arial, sans-serif\"><span style=\"font-size: medium\"><span lang=\"es-ES\">que<\/span><\/span><\/span><\/span><span style=\"color: #000000\"><span style=\"font-family: Arial, sans-serif\"><span style=\"font-size: medium\"><span lang=\"es-ES\"> son la limpieza, obras de mantenimiento y Polic\u00eda Local. Es tarea de todos; Administraciones central, regional y local, directores, profesores y dem\u00e1s personal del centro, padres, madres y alumnos, actuar con la mayor responsabilidad y respetar todas las indicaciones marcadas para que el proceso educativo se lleve a cabo con la m\u00e1xima seguridad y normalidad dentro de las circunstancias actuales\u201d, ha se\u00f1alado el concejal de Educaci\u00f3n; Jos\u00e9 Manuel S\u00e1nchez.<\/span><\/span><\/span><\/span><\/p>\n<p lang=\"es-ES\" align=\"justify\"><img loading=\"lazy\" decoding=\"async\" class=\"alignnone wp-image-22155 size-full\" src=\"http:\/\/www.puertolumbreras.es\/ayuntamiento\/wp-content\/uploads\/2020\/08\/IMG_1565-scaled.jpg\" alt=\"\" width=\"2560\" height=\"1920\" \/><\/p>\n<p lang=\"es-ES\" align=\"justify\"><img loading=\"lazy\" decoding=\"async\" class=\"alignnone wp-image-22154 size-full\" src=\"http:\/\/www.puertolumbreras.es\/ayuntamiento\/wp-content\/uploads\/2020\/08\/IMG_1582-scaled.jpg\" alt=\"\" width=\"2560\" height=\"1440\" \/><\/p>\n<p lang=\"es-ES\" align=\"justify\"><img loading=\"lazy\" decoding=\"async\" class=\"alignnone wp-image-22153 size-full\" src=\"http:\/\/www.puertolumbreras.es\/ayuntamiento\/wp-content\/uploads\/2020\/08\/IMG_1591-scaled.jpg\" alt=\"\" width=\"2560\" height=\"1440\" \/><\/p>\n<p lang=\"es-ES\" align=\"justify\"><img loading=\"lazy\" decoding=\"async\" class=\"alignnone wp-image-22156 size-full\" src=\"http:\/\/www.puertolumbreras.es\/ayuntamiento\/wp-content\/uploads\/2020\/08\/IMG_1561-scaled.jpg\" alt=\"\" width=\"1920\" height=\"2560\" \/><\/p>\n<p class=\"western\" align=\"justify\">\n","protected":false},"excerpt":{"rendered":"<p>La Concejal\u00eda de Educaci\u00f3n lleva a cabo peque\u00f1as obras de mantenimiento y acondicionamiento en colegios y escuelas infantiles El consistorio va a repartir gel hidroalcoh\u00f3lico y mascarillas entre la comunidad educativa de Puerto Lumbreras Alcaldesa y concejal de Educaci\u00f3n mantienen reuniones con directores y presidentes de AMPA\u00b4s de los centros Lunes 31 de agosto de [&hellip;]<\/p>\n","protected":false},"author":2,"featured_media":22153,"comment_status":"closed","ping_status":"open","sticky":false,"template":"","format":"standard","meta":{"footnotes":""},"categories":[2],"tags":[],"class_list":["post-22152","post","type-post","status-publish","format-standard","has-post-thumbnail","hentry","category-noticias"],"_links":{"self":[{"href":"https:\/\/www.puertolumbreras.es\/ayuntamiento\/wp-json\/wp\/v2\/posts\/22152","targetHints":{"allow":["GET"]}}],"collection":[{"href":"https:\/\/www.puertolumbreras.es\/ayuntamiento\/wp-json\/wp\/v2\/posts"}],"about":[{"href":"https:\/\/www.puertolumbreras.es\/ayuntamiento\/wp-json\/wp\/v2\/types\/post"}],"author":[{"embeddable":true,"href":"https:\/\/www.puertolumbreras.es\/ayuntamiento\/wp-json\/wp\/v2\/users\/2"}],"replies":[{"embeddable":true,"href":"https:\/\/www.puertolumbreras.es\/ayuntamiento\/wp-json\/wp\/v2\/comments?post=22152"}],"version-history":[{"count":0,"href":"https:\/\/www.puertolumbreras.es\/ayuntamiento\/wp-json\/wp\/v2\/posts\/22152\/revisions"}],"wp:attachment":[{"href":"https:\/\/www.puertolumbreras.es\/ayuntamiento\/wp-json\/wp\/v2\/media?parent=22152"}],"wp:term":[{"taxonomy":"category","embeddable":true,"href":"https:\/\/www.puertolumbreras.es\/ayuntamiento\/wp-json\/wp\/v2\/categories?post=22152"},{"taxonomy":"post_tag","embeddable":true,"href":"https:\/\/www.puertolumbreras.es\/ayuntamiento\/wp-json\/wp\/v2\/tags?post=22152"}],"curies":[{"name":"wp","href":"https:\/\/api.w.org\/{rel}","templated":true}]}}